{"id":23858,"date":"2025-05-30T14:50:15","date_gmt":"2025-05-30T19:50:15","guid":{"rendered":"https:\/\/www.elamazonico.com\/portal\/?p=23858"},"modified":"2025-05-30T14:50:15","modified_gmt":"2025-05-30T19:50:15","slug":"rafael-correa-reclama-la-curul-a-sergio-pena-tras-su-expulsion-de-la-revolucion-ciudadana-eres-un-oportunista-e-impostor","status":"publish","type":"post","link":"https:\/\/www.elamazonico.com\/portal\/rafael-correa-reclama-la-curul-a-sergio-pena-tras-su-expulsion-de-la-revolucion-ciudadana-eres-un-oportunista-e-impostor\/","title":{"rendered":"Rafael Correa reclama la curul a Sergio Pe\u00f1a tras su expulsi\u00f3n de la Revoluci\u00f3n Ciudadana: &#8216;Eres un oportunista e impostor&#8217;"},"content":{"rendered":"<p class=\"p_0\">El expresidente de la Rep\u00fablica y l\u00edder de Revoluci\u00f3n Ciudadana (RC),\u00a0<b><a href=\"https:\/\/www.vistazo.com\/cronologia\/-\/meta\/rafael-correa\" target=\"_blank\" rel=\"noopener noreferrer\">Rafael Correa<\/a><\/b>, calific\u00f3 al asamble\u00edsta\u00a0<b><a href=\"https:\/\/www.vistazo.com\/cronologia\/-\/meta\/sergio-pena\" target=\"_blank\" rel=\"noopener noreferrer\">Sergio Pe\u00f1a<\/a><\/b>, quien ayer fue expulsado de las filas corre\u00edstas, como un \u00ab<u>oportunista e impostor<\/u>\u00ab. Tambi\u00e9n se pronunci\u00f3 en torno a las declaraciones de la prefecta del Guayas,\u00a0<b>Marcela Agui\u00f1aga<\/b>, acerca de la crisis dentro del movimiento pol\u00edtico.<\/p>\n<p class=\"p_2\">En un mensaje publicado en la red social X, Correa le reclam\u00f3 directamente a Pe\u00f1a por mantener su\u00a0<b>curul\u00a0<\/b>tras la expulsi\u00f3n:\u00a0<u>\u201cSi eres tan \u2018digno\u2019, \u00bfpor qu\u00e9 no renuncias a la curul, que ser\u00eda lo moralmente correcto?\u201d<\/u>.<\/p>\n<p class=\"p_3\">El exmandatario agreg\u00f3 con contundencia: \u201cSobran las palabras. No eres el primero ni ser\u00e1s el \u00faltimo\u00a0<b>sinverg\u00fcenza\u00a0<\/b>que nos topemos en el camino\u201d.<\/p>\n<div>\n<div>\n<div class=\"trv-player-container\">\n<div class=\"trv-wrapper\">\n<div id=\"br_video_player_0a0a9de38e2a7c7b0315f8f821d3965a7a4d6079\" class=\"trvd_video_player trvdinstream\">\n<div class=\"media-player\">\n<div class=\"trv-video\">\n<div id=\"truvid_ima_container90319\" class=\"truvid_ima_container trv-ima-container-hidden\">\n<div>El pronunciamiento de Correa ocurri\u00f3 en medio de la crisis interna que atraviesa RC, alimentada tambi\u00e9n por las declaraciones de la prefecta del Guayas y militante del movimiento, <b>Marcela Agui\u00f1aga<\/b>, quien advirti\u00f3 que la organizaci\u00f3n \u201cse est\u00e1 diluyendo entre egos e imposiciones\u201d y lament\u00f3 lo que ha sucedido con el movimiento \u201cque construimos con compromiso y esperanza, que fue la primera fuerza pol\u00edtica del pa\u00eds\u201d.<\/div>\n<\/div>\n<\/div>\n<\/div>\n<\/div>\n<\/div>\n<\/div>\n<\/div>\n<\/div>\n<p class=\"p_5\">Sergio Pe\u00f1a, lejos de bajar el tono, acogi\u00f3 las palabras de Agui\u00f1aga y le advirti\u00f3: \u201cLe aconsejo que tenga cuidado con lo que expresa; no vaya a ser que los\u00a0<b>caciques\u00a0<\/b>del movimiento lo lean y le acusen de traici\u00f3n por expresarse con objetividad\u201d.<\/p>\n<div class=\"teads-inread sm-screen teads-display-format\">\n<div>\n<div id=\"teads1\" class=\"teads-player\">En respuesta, Correa se dirigi\u00f3 exclusivamente a Pe\u00f1a: \u201c<u>No estoy de acuerdo con lo que hace Marcela, pero ella es y ha sido compa\u00f1era. T\u00fa, en cambio, eres un vulgar oportunista e impostor<\/u>\u201d.<\/div>\n<\/div>\n<\/div>\n<p class=\"p_7\">Pe\u00f1a tambi\u00e9n confirm\u00f3 que tuvo un cruce de mensajes con Rafael Correa, quien le sugiri\u00f3 que deber\u00eda renunciar a su curul. Ante esto, Pe\u00f1a le respondi\u00f3:\u00a0<u>\u201cDespu\u00e9s de Luisa y de usted (Correa), el que m\u00e1s seguidores tiene soy yo\u00bb.<\/u><\/p>\n<p class=\"p_8\">Pe\u00f1a, incluso, sostuvo que \u00absi las elecciones fueran uno a uno, ah\u00ed s\u00ed ver\u00edamos qui\u00e9n es qui\u00e9n, y no con voto en plancha\u00bb, al se\u00f1alar que hay muchos que \u00abni siquiera los conocen ni la mam\u00e1\u00bb.<\/p>\n<p class=\"p_9\">El movimiento\u00a0<b>Revoluci\u00f3n Ciudadana<\/b>\u00a0oficializ\u00f3 este jueves 29 de mayo la expulsi\u00f3n del legislador Sergio Pe\u00f1a, a quien calificaron de \u201coportunista y desleal\u201d.<\/p>\n<p class=\"p_10\">La fractura interna se desencaden\u00f3 en la Comisi\u00f3n de Desarrollo Econ\u00f3mico de la Asamblea, durante el debate del proyecto de ley contra la econom\u00eda criminal, presentado por el presidente Daniel Noboa. El informe para el primer debate fue aprobado con ocho votos a favor y dos abstenciones, entre ellas la de Pe\u00f1a, quien e apoy\u00f3 el texto, lo que desat\u00f3 fuertes cr\u00edticas dentro del bloque corre\u00edsta.<\/p>\n","protected":false},"excerpt":{"rendered":"<p>El expresidente de la Rep\u00fablica y l\u00edder de Revoluci\u00f3n Ciudadana (RC),\u00a0Rafael Correa, calific\u00f3 al asamble\u00edsta\u00a0Sergio Pe\u00f1a, quien ayer fue expulsado de las filas corre\u00edstas, como un \u00aboportunista e impostor\u00ab. Tambi\u00e9n se pronunci\u00f3 en torno a las declaraciones de la prefecta del Guayas,\u00a0Marcela Agui\u00f1aga, acerca de la crisis dentro del movimiento pol\u00edtico. En un mensaje publicado en la red social X, Correa le reclam\u00f3 directamente a Pe\u00f1a por mantener su\u00a0curul\u00a0tras la expulsi\u00f3n:\u00a0\u201cSi eres tan \u2018digno\u2019, \u00bfpor qu\u00e9 no renuncias a la curul, que ser\u00eda lo moralmente correcto?\u201d. El exmandatario agreg\u00f3 con contundencia: \u201cSobran las palabras. No eres el primero ni ser\u00e1s el \u00faltimo\u00a0sinverg\u00fcenza\u00a0que nos topemos en el camino\u201d. El pronunciamiento de Correa ocurri\u00f3 en medio de la crisis interna que atraviesa RC, alimentada tambi\u00e9n por las declaraciones de la prefecta del Guayas y militante del movimiento, Marcela Agui\u00f1aga, quien advirti\u00f3 que la organizaci\u00f3n \u201cse est\u00e1 diluyendo entre egos e imposiciones\u201d y lament\u00f3 lo que ha sucedido con el movimiento \u201cque construimos con compromiso y esperanza, que fue la primera fuerza pol\u00edtica del pa\u00eds\u201d. Sergio Pe\u00f1a, lejos de bajar el tono, acogi\u00f3 las palabras de Agui\u00f1aga y le advirti\u00f3: \u201cLe aconsejo que tenga cuidado con lo que expresa; no vaya a ser que los\u00a0caciques\u00a0del movimiento lo lean y le acusen de traici\u00f3n por expresarse con objetividad\u201d. En respuesta, Correa se dirigi\u00f3 exclusivamente a Pe\u00f1a: \u201cNo estoy de acuerdo con lo que hace Marcela, pero ella es y ha sido compa\u00f1era. T\u00fa, en cambio, eres un vulgar oportunista e impostor\u201d. Pe\u00f1a tambi\u00e9n confirm\u00f3 que tuvo un cruce de mensajes con Rafael Correa, quien le sugiri\u00f3 que deber\u00eda renunciar a su curul. Ante esto, Pe\u00f1a le respondi\u00f3:\u00a0\u201cDespu\u00e9s de Luisa y de usted (Correa), el que m\u00e1s seguidores tiene soy yo\u00bb. Pe\u00f1a, incluso, sostuvo que \u00absi las elecciones fueran uno a uno, ah\u00ed s\u00ed ver\u00edamos qui\u00e9n es qui\u00e9n, y no con voto en plancha\u00bb, al se\u00f1alar que hay muchos que \u00abni siquiera los conocen ni la mam\u00e1\u00bb. El movimiento\u00a0Revoluci\u00f3n Ciudadana\u00a0oficializ\u00f3 este jueves 29 de mayo la expulsi\u00f3n del legislador Sergio Pe\u00f1a, a quien calificaron de \u201coportunista y desleal\u201d. La fractura interna se desencaden\u00f3 en la Comisi\u00f3n de Desarrollo Econ\u00f3mico de la Asamblea, durante el debate del proyecto de ley contra la econom\u00eda criminal, presentado por el presidente Daniel Noboa. El informe para el primer debate fue aprobado con ocho votos a favor y dos abstenciones, entre ellas la de Pe\u00f1a, quien e apoy\u00f3 el texto, lo que desat\u00f3 fuertes cr\u00edticas dentro del bloque corre\u00edsta.<\/p>\n","protected":false},"author":1,"featured_media":23859,"comment_status":"open","ping_status":"open","sticky":false,"template":"","format":"standard","meta":{"footnotes":""},"categories":[268],"tags":[],"class_list":["post-23858","post","type-post","status-publish","format-standard","has-post-thumbnail","hentry","category-nacionales"],"_links":{"self":[{"href":"https:\/\/www.elamazonico.com\/portal\/wp-json\/wp\/v2\/posts\/23858","targetHints":{"allow":["GET"]}}],"collection":[{"href":"https:\/\/www.elamazonico.com\/portal\/wp-json\/wp\/v2\/posts"}],"about":[{"href":"https:\/\/www.elamazonico.com\/portal\/wp-json\/wp\/v2\/types\/post"}],"author":[{"embeddable":true,"href":"https:\/\/www.elamazonico.com\/portal\/wp-json\/wp\/v2\/users\/1"}],"replies":[{"embeddable":true,"href":"https:\/\/www.elamazonico.com\/portal\/wp-json\/wp\/v2\/comments?post=23858"}],"version-history":[{"count":1,"href":"https:\/\/www.elamazonico.com\/portal\/wp-json\/wp\/v2\/posts\/23858\/revisions"}],"predecessor-version":[{"id":23860,"href":"https:\/\/www.elamazonico.com\/portal\/wp-json\/wp\/v2\/posts\/23858\/revisions\/23860"}],"wp:featuredmedia":[{"embeddable":true,"href":"https:\/\/www.elamazonico.com\/portal\/wp-json\/wp\/v2\/media\/23859"}],"wp:attachment":[{"href":"https:\/\/www.elamazonico.com\/portal\/wp-json\/wp\/v2\/media?parent=23858"}],"wp:term":[{"taxonomy":"category","embeddable":true,"href":"https:\/\/www.elamazonico.com\/portal\/wp-json\/wp\/v2\/categories?post=23858"},{"taxonomy":"post_tag","embeddable":true,"href":"https:\/\/www.elamazonico.com\/portal\/wp-json\/wp\/v2\/tags?post=23858"}],"curies":[{"name":"wp","href":"https:\/\/api.w.org\/{rel}","templated":true}]}}