{"id":23855,"date":"2025-05-30T09:48:53","date_gmt":"2025-05-30T14:48:53","guid":{"rendered":"https:\/\/www.elamazonico.com\/portal\/?p=23855"},"modified":"2025-05-30T09:48:53","modified_gmt":"2025-05-30T14:48:53","slug":"morona-celebra-sus-164-anos-de-cantonizacion-con-mas-de-40-millones-de-dolares-en-inversion-y-una-transformacion-historica-en-marcha","status":"publish","type":"post","link":"https:\/\/www.elamazonico.com\/portal\/morona-celebra-sus-164-anos-de-cantonizacion-con-mas-de-40-millones-de-dolares-en-inversion-y-una-transformacion-historica-en-marcha\/","title":{"rendered":"Morona celebra sus 164 a\u00f1os de cantonizaci\u00f3n con m\u00e1s de 40 millones de d\u00f3lares en inversi\u00f3n y una transformaci\u00f3n hist\u00f3rica en marcha"},"content":{"rendered":"<p>El cant\u00f3n Morona conmemor\u00f3 su 164.\u00b0 aniversario de cantonizaci\u00f3n con una sesi\u00f3n solemne que no solo destac\u00f3 el valor hist\u00f3rico de la fecha, sino que evidenci\u00f3 un hito trascendental en su proceso de desarrollo territorial. Con m\u00e1s de 40 millones de d\u00f3lares en inversi\u00f3n p\u00fablica, se consolida una transformaci\u00f3n sin precedentes liderada por el alcalde Francisco Andramu\u00f1o, en articulaci\u00f3n con el Gobierno Nacional, que ha brindado respaldo t\u00e9cnico y financiero para convertir al cant\u00f3n en un referente de planificaci\u00f3n, eficiencia y visi\u00f3n a largo plazo.<\/p>\n<p>La ceremonia, celebrada en la ciudad de Macas, cont\u00f3 con la presencia de autoridades nacionales, provinciales y locales, entre ellas: la Secretaria T\u00e9cnica de la Amazon\u00eda, Maritza Licuy; el Director de Seguimiento de la Comisi\u00f3n T\u00e9cnica de la Amazon\u00eda (CTEA), Luis Camacho; el Gerente Zonal del Banco de Desarrollo del Ecuador (BDE), Ram\u00f3n Valdivieso; los asamble\u00edstas Diego Matovelle, Roque Ord\u00f3\u00f1ez, Fernando Nantipia y Edwin Jarr\u00edn; el Prefecto de Morona Santiago, el Gobernador de la provincia, concejales, presidentes de los GAD Parroquiales, mandos institucionales, medios de comunicaci\u00f3n y ciudadan\u00eda.<\/p>\n<p>Durante su intervenci\u00f3n, el alcalde Francisco Andramu\u00f1o expres\u00f3 con firmeza que Morona vive un momento hist\u00f3rico marcado por una gesti\u00f3n planificada, eficiente y profundamente humana, que busca honrar el legado de los fundadores del cant\u00f3n.<\/p>\n<p>\u201cHoy no conmemoramos solo un aniversario m\u00e1s, celebramos la realizaci\u00f3n de una visi\u00f3n hist\u00f3rica. Esta transformaci\u00f3n no es fruto de la casualidad, sino de una ruta trazada con firmeza hacia el Morona so\u00f1ado, con obras concretas, decisiones responsables y unidad\u201d, se\u00f1al\u00f3 el burgomaestre.<\/p>\n<p>Obras emblem\u00e1ticas y una visi\u00f3n integral de desarrollo<\/p>\n<p>En el marco de este proceso de cambio estructural, el cant\u00f3n ha logrado superar d\u00e9cadas de rezago en infraestructura b\u00e1sica, gracias a la ejecuci\u00f3n de proyectos integrales en las \u00e1reas de:<\/p>\n<ul>\n<li>Agua potable y saneamiento<\/li>\n<li>Seguridad ciudadana<\/li>\n<li>Regeneraci\u00f3n urbana<\/li>\n<li>Conectividad<\/li>\n<li>Cultura y deporte<\/li>\n<li>Vialidad urbana y rural<\/li>\n<li>Atenci\u00f3n prioritaria<\/li>\n<\/ul>\n<p>Estas obras no solo mejoran la calidad de vida de miles de familias, sino que proyectan a Morona como modelo de desarrollo amaz\u00f3nico con rostro humano, conjugando la modernizaci\u00f3n con el respeto a su identidad cultural y natural.<\/p>\n<p>Respaldo interinstitucional para un desarrollo sostenible<\/p>\n<p>En su intervenci\u00f3n, la Secretaria T\u00e9cnica de la Amazon\u00eda, Maritza Licuy, reafirm\u00f3 el compromiso del Gobierno Nacional con los territorios amaz\u00f3nicos, y felicit\u00f3 al GAD Municipal por ejecutar obras con enfoque t\u00e9cnico y territorial, destinadas a cerrar brechas hist\u00f3ricas y generar bienestar colectivo.<\/p>\n<p>Por su parte, el Gerente Zonal del BDE, Ram\u00f3n Valdivieso, destac\u00f3 a Morona como un ejemplo de gesti\u00f3n eficiente, al canalizar los programas de financiamiento de manera responsable, priorizando obras de alto impacto y sostenibilidad.<\/p>\n<p>Firma de convenios estrat\u00e9gicos<\/p>\n<p>En el marco de esta jornada conmemorativa, se suscribieron varios convenios y acuerdos de cooperaci\u00f3n, que permitir\u00e1n continuar consolidando el desarrollo del cant\u00f3n:<\/p>\n<ul>\n<li>Aprobaci\u00f3n del financiamiento para la construcci\u00f3n de unidades b\u00e1sicas sanitarias y sistema de alcantarillado sanitario en la comunidad Santa Mar\u00eda de Tunants, parroquia Sina\u00ed, con el Banco de Desarrollo del Ecuador (BDE).<\/li>\n<li>Convenio con la Secretar\u00eda T\u00e9cnica Amaz\u00f3nica para la ejecuci\u00f3n del sistema de alcantarillado sanitario y pluvial del barrio Sangay, en Macas.<\/li>\n<li>Acuerdo de cooperaci\u00f3n con el Gobierno Provincial para el asfaltado de calles urbanas en Macas y mantenimiento vial rural.<\/li>\n<li>Compromiso con Hidroabanico para la donaci\u00f3n de dos drones de alta tecnolog\u00eda, orientados a fortalecer la seguridad ciudadana, optimizar tareas de vigilancia y mejorar la capacidad de respuesta ante emergencias.<\/li>\n<\/ul>\n<p>Hacia el Morona del futuro<\/p>\n<p>Este aniversario no solo rememora los or\u00edgenes del cant\u00f3n, sino que reafirma una visi\u00f3n colectiva de futuro, donde el desarrollo se construye desde la base, con participaci\u00f3n ciudadana, responsabilidad institucional y un compromiso firme con la equidad y la sostenibilidad.<\/p>\n<p>La visi\u00f3n de los fundadores de Morona, reflejada en las letras del Himno de Macas, deja de ser una promesa para convertirse en una realidad tangible en cada obra ejecutada, en cada comunidad atendida y en cada proyecto que impulsa el bienestar com\u00fan.<\/p>\n","protected":false},"excerpt":{"rendered":"<p>El cant\u00f3n Morona conmemor\u00f3 su 164.\u00b0 aniversario de cantonizaci\u00f3n con una sesi\u00f3n solemne que no solo destac\u00f3 el valor hist\u00f3rico de la fecha, sino que evidenci\u00f3 un hito trascendental en su proceso de desarrollo territorial. Con m\u00e1s de 40 millones de d\u00f3lares en inversi\u00f3n p\u00fablica, se consolida una transformaci\u00f3n sin precedentes liderada por el alcalde Francisco Andramu\u00f1o, en articulaci\u00f3n con el Gobierno Nacional, que ha brindado respaldo t\u00e9cnico y financiero para convertir al cant\u00f3n en un referente de planificaci\u00f3n, eficiencia y visi\u00f3n a largo plazo. La ceremonia, celebrada en la ciudad de Macas, cont\u00f3 con la presencia de autoridades nacionales, provinciales y locales, entre ellas: la Secretaria T\u00e9cnica de la Amazon\u00eda, Maritza Licuy; el Director de Seguimiento de la Comisi\u00f3n T\u00e9cnica de la Amazon\u00eda (CTEA), Luis Camacho; el Gerente Zonal del Banco de Desarrollo del Ecuador (BDE), Ram\u00f3n Valdivieso; los asamble\u00edstas Diego Matovelle, Roque Ord\u00f3\u00f1ez, Fernando Nantipia y Edwin Jarr\u00edn; el Prefecto de Morona Santiago, el Gobernador de la provincia, concejales, presidentes de los GAD Parroquiales, mandos institucionales, medios de comunicaci\u00f3n y ciudadan\u00eda. Durante su intervenci\u00f3n, el alcalde Francisco Andramu\u00f1o expres\u00f3 con firmeza que Morona vive un momento hist\u00f3rico marcado por una gesti\u00f3n planificada, eficiente y profundamente humana, que busca honrar el legado de los fundadores del cant\u00f3n. \u201cHoy no conmemoramos solo un aniversario m\u00e1s, celebramos la realizaci\u00f3n de una visi\u00f3n hist\u00f3rica. Esta transformaci\u00f3n no es fruto de la casualidad, sino de una ruta trazada con firmeza hacia el Morona so\u00f1ado, con obras concretas, decisiones responsables y unidad\u201d, se\u00f1al\u00f3 el burgomaestre. Obras emblem\u00e1ticas y una visi\u00f3n integral de desarrollo En el marco de este proceso de cambio estructural, el cant\u00f3n ha logrado superar d\u00e9cadas de rezago en infraestructura b\u00e1sica, gracias a la ejecuci\u00f3n de proyectos integrales en las \u00e1reas de: Agua potable y saneamiento Seguridad ciudadana Regeneraci\u00f3n urbana Conectividad Cultura y deporte Vialidad urbana y rural Atenci\u00f3n prioritaria Estas obras no solo mejoran la calidad de vida de miles de familias, sino que proyectan a Morona como modelo de desarrollo amaz\u00f3nico con rostro humano, conjugando la modernizaci\u00f3n con el respeto a su identidad cultural y natural. Respaldo interinstitucional para un desarrollo sostenible En su intervenci\u00f3n, la Secretaria T\u00e9cnica de la Amazon\u00eda, Maritza Licuy, reafirm\u00f3 el compromiso del Gobierno Nacional con los territorios amaz\u00f3nicos, y felicit\u00f3 al GAD Municipal por ejecutar obras con enfoque t\u00e9cnico y territorial, destinadas a cerrar brechas hist\u00f3ricas y generar bienestar colectivo. Por su parte, el Gerente Zonal del BDE, Ram\u00f3n Valdivieso, destac\u00f3 a Morona como un ejemplo de gesti\u00f3n eficiente, al canalizar los programas de financiamiento de manera responsable, priorizando obras de alto impacto y sostenibilidad. Firma de convenios estrat\u00e9gicos En el marco de esta jornada conmemorativa, se suscribieron varios convenios y acuerdos de cooperaci\u00f3n, que permitir\u00e1n continuar consolidando el desarrollo del cant\u00f3n: Aprobaci\u00f3n del financiamiento para la construcci\u00f3n de unidades b\u00e1sicas sanitarias y sistema de alcantarillado sanitario en la comunidad Santa Mar\u00eda de Tunants, parroquia Sina\u00ed, con el Banco de Desarrollo del Ecuador (BDE). Convenio con la Secretar\u00eda T\u00e9cnica Amaz\u00f3nica para la ejecuci\u00f3n del sistema de alcantarillado sanitario y pluvial del barrio Sangay, en Macas. Acuerdo de cooperaci\u00f3n con el Gobierno Provincial para el asfaltado de calles urbanas en Macas y mantenimiento vial rural. Compromiso con Hidroabanico para la donaci\u00f3n de dos drones de alta tecnolog\u00eda, orientados a fortalecer la seguridad ciudadana, optimizar tareas de vigilancia y mejorar la capacidad de respuesta ante emergencias. Hacia el Morona del futuro Este aniversario no solo rememora los or\u00edgenes del cant\u00f3n, sino que reafirma una visi\u00f3n colectiva de futuro, donde el desarrollo se construye desde la base, con participaci\u00f3n ciudadana, responsabilidad institucional y un compromiso firme con la equidad y la sostenibilidad. La visi\u00f3n de los fundadores de Morona, reflejada en las letras del Himno de Macas, deja de ser una promesa para convertirse en una realidad tangible en cada obra ejecutada, en cada comunidad atendida y en cada proyecto que impulsa el bienestar com\u00fan.<\/p>\n","protected":false},"author":1,"featured_media":23856,"comment_status":"open","ping_status":"open","sticky":false,"template":"","format":"standard","meta":{"footnotes":""},"categories":[268],"tags":[],"class_list":["post-23855","post","type-post","status-publish","format-standard","has-post-thumbnail","hentry","category-nacionales"],"_links":{"self":[{"href":"https:\/\/www.elamazonico.com\/portal\/wp-json\/wp\/v2\/posts\/23855","targetHints":{"allow":["GET"]}}],"collection":[{"href":"https:\/\/www.elamazonico.com\/portal\/wp-json\/wp\/v2\/posts"}],"about":[{"href":"https:\/\/www.elamazonico.com\/portal\/wp-json\/wp\/v2\/types\/post"}],"author":[{"embeddable":true,"href":"https:\/\/www.elamazonico.com\/portal\/wp-json\/wp\/v2\/users\/1"}],"replies":[{"embeddable":true,"href":"https:\/\/www.elamazonico.com\/portal\/wp-json\/wp\/v2\/comments?post=23855"}],"version-history":[{"count":1,"href":"https:\/\/www.elamazonico.com\/portal\/wp-json\/wp\/v2\/posts\/23855\/revisions"}],"predecessor-version":[{"id":23857,"href":"https:\/\/www.elamazonico.com\/portal\/wp-json\/wp\/v2\/posts\/23855\/revisions\/23857"}],"wp:featuredmedia":[{"embeddable":true,"href":"https:\/\/www.elamazonico.com\/portal\/wp-json\/wp\/v2\/media\/23856"}],"wp:attachment":[{"href":"https:\/\/www.elamazonico.com\/portal\/wp-json\/wp\/v2\/media?parent=23855"}],"wp:term":[{"taxonomy":"category","embeddable":true,"href":"https:\/\/www.elamazonico.com\/portal\/wp-json\/wp\/v2\/categories?post=23855"},{"taxonomy":"post_tag","embeddable":true,"href":"https:\/\/www.elamazonico.com\/portal\/wp-json\/wp\/v2\/tags?post=23855"}],"curies":[{"name":"wp","href":"https:\/\/api.w.org\/{rel}","templated":true}]}}