{"id":23852,"date":"2025-05-30T09:48:05","date_gmt":"2025-05-30T14:48:05","guid":{"rendered":"https:\/\/www.elamazonico.com\/portal\/?p=23852"},"modified":"2025-05-30T09:48:05","modified_gmt":"2025-05-30T14:48:05","slug":"asamblea-debatira-este-viernes-el-proyecto-de-ley-de-solidaridad-nacional-enviado-como-urgente-por-daniel-noboa","status":"publish","type":"post","link":"https:\/\/www.elamazonico.com\/portal\/asamblea-debatira-este-viernes-el-proyecto-de-ley-de-solidaridad-nacional-enviado-como-urgente-por-daniel-noboa\/","title":{"rendered":"Asamblea debatir\u00e1 este viernes el proyecto de Ley de Solidaridad Nacional enviado como urgente por Daniel Noboa"},"content":{"rendered":"<div class=\"paragraph texto\">\n<p class=\"p_0\">El Pleno de la Asamblea Nacional fue convocado para este viernes 30 de mayo de 2025, a las 09:00, con el objetivo de tramitar en<b>\u00a0primer debate<\/b>\u00a0el Proyecto de Ley Org\u00e1nica de\u00a0<b><a href=\"https:\/\/www.vistazo.com\/politica\/nacional\/2025-05-17-medidas-nuevo-proyecto-economico-noboa-BA9354146\" target=\"_blank\" rel=\"noopener noreferrer\">Solidaridad Nacional<\/a><\/b>, remitido por el presidente de la Rep\u00fablica,\u00a0<b>Daniel Noboa<\/b>.<\/p>\n<p class=\"p_2\">La convocatoria fue realizada por el presidente del Legislativo,\u00a0<b>Niels Olsen<\/b>, a trav\u00e9s de la sesi\u00f3n No. 6. La propuesta del Ejecutivo fue calificada como urgente en materia econ\u00f3mica, lo que obliga al Parlamento a tratarla en un plazo m\u00e1ximo de 30 d\u00edas.<\/p>\n<\/div>\n<h2 class=\"h2vistazo\">Medidas penales y fiscales contra la econom\u00eda criminal<\/h2>\n<div class=\"paragraph texto\">\n<p class=\"p_3\">Seg\u00fan el Ejecutivo, esta normativa busca desarticular la\u00a0<b>econom\u00eda criminal<\/b>\u00a0vinculada al conflicto armado interno. Para ello, se tomar\u00e1 como base el informe de la Comisi\u00f3n de Desarrollo Econ\u00f3mico, Productivo y de la Microempresa, que reconoce la necesidad de aplicar reg\u00edmenes especiales en materias\u00a0<b>tributaria\u00a0<\/b>y\u00a0<b>penal<\/b>.<\/p>\n<div>\n<div class=\"trv-player-container\">\n<div class=\"trv-wrapper\">\n<div id=\"br_video_player_c3d3542ac7ec92c4d4fef8f821d3965a7a4d6079\" class=\"trvd_video_player trvdfloater trv-right\">\n<div class=\"media-player\">\n<div class=\"trv-video\">\n<div id=\"truvid_ima_container39475\" class=\"truvid_ima_container\">\n<div>La propuesta incluye incentivos econ\u00f3micos para que el sector privado contribuya al sector p\u00fablico mediante <b>donaciones\u00a0<\/b>destinadas a combatir la delincuencia organizada, a cambio de beneficios como la\u00a0<b>reducci\u00f3n del Impuesto a la Renta<\/b>.<\/div>\n<\/div>\n<\/div>\n<\/div>\n<\/div>\n<\/div>\n<\/div>\n<\/div>\n<p class=\"p_5\">Se mantiene la posibilidad de que empresas privadas donen hasta el 30 % del impuesto a la renta en bienes a favor de las fuerzas del orden, bajo supervisi\u00f3n del Servicio de Rentas Internas.<\/p>\n<p class=\"p_6\">En el \u00e1mbito penal, establece qui\u00e9nes son considerados miembros de un grupo armado interno y define el concepto de econom\u00edas criminales. Asimismo, la Comisi\u00f3n destaca que, para desarticular la econom\u00eda criminal, es indispensable identificar los\u00a0<b>bienes\u00a0<\/b>en poder del crimen organizado, priorizar su incautaci\u00f3n y debilitar su capacidad operativa.<\/p>\n<p class=\"p_7\">Se tipifica el\u00a0<b>delito\u00a0<\/b>de pertenencia a un\u00a0<b>grupo armado organizado<\/b>, con penas de 22 a 26 a\u00f1os y hasta 30 a\u00f1os en casos de liderazgo o financiamiento. Adem\u00e1s, se establece un\u00a0<b>procedimiento penal especial<\/b>\u00a0para delitos vinculados al conflicto armado interno, ampliando el plazo de juzgamiento a 90 d\u00edas y asignando la causa a jueces especializados.<\/p>\n<p class=\"p_8\">Se establece que la\u00a0<b>prisi\u00f3n preventiva<\/b>\u00a0ser\u00e1 una medida excepcional, reemplazada por la figura de\u00a0<b>aprehensi\u00f3n\u00a0<\/b>de hasta\u00a0<b>48 horas<\/b>. Se\u00a0<b>excluyen\u00a0<\/b>medidas cautelares como prisi\u00f3n preventiva o uso de grilletes para polic\u00edas y militares que act\u00faen dentro del conflicto, bajo control judicial posterior. El informe contempla, adem\u00e1s, la posibilidad de\u00a0<b>indultos\u00a0<\/b>anticipados para miembros de las fuerzas del orden.<\/p>\n<p class=\"p_9\">El proyecto introduce regulaciones sobre\u00a0<b>allanamientos\u00a0<\/b>sin orden judicial y mantiene las competencias de la Unidad de An\u00e1lisis Financiero y Econ\u00f3mico (<b>UAFE<\/b>).<\/p>\n<p class=\"p_10\"><u>El proyecto consta de 14 art\u00edculos, tres disposiciones generales, cinco disposiciones reformatorias<\/u> a la Ley de R\u00e9gimen Tributario Interno, al C\u00f3digo Org\u00e1nico Integral Penal (COIP), a la Ley Org\u00e1nica de Personal y Disciplina de las Fuerzas Armadas, a la Ley Org\u00e1nica de Prevenci\u00f3n, Detecci\u00f3n y Combate al Delito de Lavado de Activos y Financiamiento de Delitos, y al C\u00f3digo Org\u00e1nico de la Funci\u00f3n Judicial, adem\u00e1s de dos disposiciones transitorias. <strong>Fuente: Vistazo<\/strong><\/p>\n<\/div>\n","protected":false},"excerpt":{"rendered":"<p>El Pleno de la Asamblea Nacional fue convocado para este viernes 30 de mayo de 2025, a las 09:00, con el objetivo de tramitar en\u00a0primer debate\u00a0el Proyecto de Ley Org\u00e1nica de\u00a0Solidaridad Nacional, remitido por el presidente de la Rep\u00fablica,\u00a0Daniel Noboa. La convocatoria fue realizada por el presidente del Legislativo,\u00a0Niels Olsen, a trav\u00e9s de la sesi\u00f3n No. 6. La propuesta del Ejecutivo fue calificada como urgente en materia econ\u00f3mica, lo que obliga al Parlamento a tratarla en un plazo m\u00e1ximo de 30 d\u00edas. Medidas penales y fiscales contra la econom\u00eda criminal Seg\u00fan el Ejecutivo, esta normativa busca desarticular la\u00a0econom\u00eda criminal\u00a0vinculada al conflicto armado interno. Para ello, se tomar\u00e1 como base el informe de la Comisi\u00f3n de Desarrollo Econ\u00f3mico, Productivo y de la Microempresa, que reconoce la necesidad de aplicar reg\u00edmenes especiales en materias\u00a0tributaria\u00a0y\u00a0penal. La propuesta incluye incentivos econ\u00f3micos para que el sector privado contribuya al sector p\u00fablico mediante donaciones\u00a0destinadas a combatir la delincuencia organizada, a cambio de beneficios como la\u00a0reducci\u00f3n del Impuesto a la Renta. Se mantiene la posibilidad de que empresas privadas donen hasta el 30 % del impuesto a la renta en bienes a favor de las fuerzas del orden, bajo supervisi\u00f3n del Servicio de Rentas Internas. En el \u00e1mbito penal, establece qui\u00e9nes son considerados miembros de un grupo armado interno y define el concepto de econom\u00edas criminales. Asimismo, la Comisi\u00f3n destaca que, para desarticular la econom\u00eda criminal, es indispensable identificar los\u00a0bienes\u00a0en poder del crimen organizado, priorizar su incautaci\u00f3n y debilitar su capacidad operativa. Se tipifica el\u00a0delito\u00a0de pertenencia a un\u00a0grupo armado organizado, con penas de 22 a 26 a\u00f1os y hasta 30 a\u00f1os en casos de liderazgo o financiamiento. Adem\u00e1s, se establece un\u00a0procedimiento penal especial\u00a0para delitos vinculados al conflicto armado interno, ampliando el plazo de juzgamiento a 90 d\u00edas y asignando la causa a jueces especializados. Se establece que la\u00a0prisi\u00f3n preventiva\u00a0ser\u00e1 una medida excepcional, reemplazada por la figura de\u00a0aprehensi\u00f3n\u00a0de hasta\u00a048 horas. Se\u00a0excluyen\u00a0medidas cautelares como prisi\u00f3n preventiva o uso de grilletes para polic\u00edas y militares que act\u00faen dentro del conflicto, bajo control judicial posterior. El informe contempla, adem\u00e1s, la posibilidad de\u00a0indultos\u00a0anticipados para miembros de las fuerzas del orden. El proyecto introduce regulaciones sobre\u00a0allanamientos\u00a0sin orden judicial y mantiene las competencias de la Unidad de An\u00e1lisis Financiero y Econ\u00f3mico (UAFE). El proyecto consta de 14 art\u00edculos, tres disposiciones generales, cinco disposiciones reformatorias a la Ley de R\u00e9gimen Tributario Interno, al C\u00f3digo Org\u00e1nico Integral Penal (COIP), a la Ley Org\u00e1nica de Personal y Disciplina de las Fuerzas Armadas, a la Ley Org\u00e1nica de Prevenci\u00f3n, Detecci\u00f3n y Combate al Delito de Lavado de Activos y Financiamiento de Delitos, y al C\u00f3digo Org\u00e1nico de la Funci\u00f3n Judicial, adem\u00e1s de dos disposiciones transitorias. Fuente: Vistazo<\/p>\n","protected":false},"author":1,"featured_media":23853,"comment_status":"open","ping_status":"open","sticky":false,"template":"","format":"standard","meta":{"footnotes":""},"categories":[268],"tags":[],"class_list":["post-23852","post","type-post","status-publish","format-standard","has-post-thumbnail","hentry","category-nacionales"],"_links":{"self":[{"href":"https:\/\/www.elamazonico.com\/portal\/wp-json\/wp\/v2\/posts\/23852","targetHints":{"allow":["GET"]}}],"collection":[{"href":"https:\/\/www.elamazonico.com\/portal\/wp-json\/wp\/v2\/posts"}],"about":[{"href":"https:\/\/www.elamazonico.com\/portal\/wp-json\/wp\/v2\/types\/post"}],"author":[{"embeddable":true,"href":"https:\/\/www.elamazonico.com\/portal\/wp-json\/wp\/v2\/users\/1"}],"replies":[{"embeddable":true,"href":"https:\/\/www.elamazonico.com\/portal\/wp-json\/wp\/v2\/comments?post=23852"}],"version-history":[{"count":1,"href":"https:\/\/www.elamazonico.com\/portal\/wp-json\/wp\/v2\/posts\/23852\/revisions"}],"predecessor-version":[{"id":23854,"href":"https:\/\/www.elamazonico.com\/portal\/wp-json\/wp\/v2\/posts\/23852\/revisions\/23854"}],"wp:featuredmedia":[{"embeddable":true,"href":"https:\/\/www.elamazonico.com\/portal\/wp-json\/wp\/v2\/media\/23853"}],"wp:attachment":[{"href":"https:\/\/www.elamazonico.com\/portal\/wp-json\/wp\/v2\/media?parent=23852"}],"wp:term":[{"taxonomy":"category","embeddable":true,"href":"https:\/\/www.elamazonico.com\/portal\/wp-json\/wp\/v2\/categories?post=23852"},{"taxonomy":"post_tag","embeddable":true,"href":"https:\/\/www.elamazonico.com\/portal\/wp-json\/wp\/v2\/tags?post=23852"}],"curies":[{"name":"wp","href":"https:\/\/api.w.org\/{rel}","templated":true}]}}