{"id":23843,"date":"2025-05-29T21:52:53","date_gmt":"2025-05-30T02:52:53","guid":{"rendered":"https:\/\/www.elamazonico.com\/portal\/?p=23843"},"modified":"2025-05-29T21:52:53","modified_gmt":"2025-05-30T02:52:53","slug":"marcela-aguinaga-se-pronuncia-sobre-la-crisis-en-el-correismo-la-rc-hoy-se-diluye-entre-egos-e-imposiciones","status":"publish","type":"post","link":"https:\/\/www.elamazonico.com\/portal\/marcela-aguinaga-se-pronuncia-sobre-la-crisis-en-el-correismo-la-rc-hoy-se-diluye-entre-egos-e-imposiciones\/","title":{"rendered":"Marcela Agui\u00f1aga se pronuncia sobre la crisis en el corre\u00edsmo: \u00abLa RC hoy se diluye entre egos e imposiciones\u00bb"},"content":{"rendered":"<p>La prefecta del Guayas, Marcela Agui\u00f1aga, se pronunci\u00f3 la noche del 29 de mayo sobre la crisis interna que vive su movimiento Revoluci\u00f3n Ciudadana (RC), cuyo bur\u00f3 expuls\u00f3 al legislador Sergio Pe\u00f1a por apoyar al proyecto de ley del Gobierno\u00a0para golpear la econom\u00eda de las bandas criminales.<\/p>\n<p>\u00abDuele ver en lo que est\u00e1n convirtiendo a\u00a0Revoluci\u00f3n Ciudadana.\u00a0El movimiento que construimos con compromiso y esperanza, que fue la primera fuerza pol\u00edtica del pa\u00eds, hoy se diluye entre egos e imposiciones\u00bb, expres\u00f3 Agui\u00f1aga en sus redes sociales.<\/p>\n<p>Estas son las figuras del corre\u00edsmo que se cambiaron de bando, para furia de Rafael Correa<br \/>\nY agreg\u00f3: \u00abEsto ya no se parece al proyecto colectivo que defendimos. He resistido, he luchado y seguir\u00e9 luchando desde cualquier espacio, porque las causas solo se abandonan con la muerte. La RC debe reaccionar\u00bb. Aguiga\u00f1a, al expresar esta preocupaci\u00f3n en p\u00fablico, parece indicar que\u00a0en Revoluci\u00f3n Ciudadana no est\u00e1n funcionado los espacios internos dentro para tratar las diferencias.<\/p>\n<p>La crisis desatada por Pe\u00f1a destaca porque ha usado intensamente las redes sociales y ha realizado gira de medios para explicar su postura sobre la ley, que contradice la orden que tiene la Bancada Ciudadana de no respaldar al proyecto. Pe\u00f1a incluso respondi\u00f3 a Luisa Gonz\u00e1lez, la presidenta del movimiento, y expres\u00f3 que \u00abtres o cuatro\u00bb l\u00edderes hablan en nombre de RC, pero que no representan a todos los militantes.<\/p>\n<p>Agui\u00f1aga\u00a0 fue jefa de RC, pero dej\u00f3 el cargo el 18 de octubre de 2023 luego de que Pierina Correa, hermana del expresidente Rafael Correa, critic\u00f3 el manejo del movimiento y la campa\u00f1a presidencial de 2023, que acab\u00f3 con el triunfo de Daniel Noboa y la derrota de Gonz\u00e1lez.<\/p>\n<p>Adem\u00e1s, tras la segunda vuelta presidencial de 2025, Agui\u00f1aga felicit\u00f3 a Noboa por su nuevo triunfo, mientras Gonz\u00e1lez y Rafael Correa clamaban por la tesis de un fraude electoral.<\/p>\n<p>El 14 de mayo, Agui\u00f1aga expres\u00f3 que, \u00abpor no estar de acuerdo con lo que piensa Rafael Correa\u00bb, quien defiende un supuesto fraude con tinta transferible, se ha calificado como \u00abla oveja negra de la Revoluci\u00f3n Ciudadana\u00bb.<\/p>\n<p>Agui\u00f1aga sostuvo que en los pr\u00f3ximos d\u00edas, sin fecha precisa, se replantear\u00e1 su continuidad en el movimiento con el que lleg\u00f3 a la Prefectura del Guayas en 2023 y por el cual fue asamble\u00edsta, ministra de Ambiente. <strong>Fuente: Primicias.<\/strong><\/p>\n","protected":false},"excerpt":{"rendered":"<p>La prefecta del Guayas, Marcela Agui\u00f1aga, se pronunci\u00f3 la noche del 29 de mayo sobre la crisis interna que vive su movimiento Revoluci\u00f3n Ciudadana (RC), cuyo bur\u00f3 expuls\u00f3 al legislador Sergio Pe\u00f1a por apoyar al proyecto de ley del Gobierno\u00a0para golpear la econom\u00eda de las bandas criminales. \u00abDuele ver en lo que est\u00e1n convirtiendo a\u00a0Revoluci\u00f3n Ciudadana.\u00a0El movimiento que construimos con compromiso y esperanza, que fue la primera fuerza pol\u00edtica del pa\u00eds, hoy se diluye entre egos e imposiciones\u00bb, expres\u00f3 Agui\u00f1aga en sus redes sociales. Estas son las figuras del corre\u00edsmo que se cambiaron de bando, para furia de Rafael Correa Y agreg\u00f3: \u00abEsto ya no se parece al proyecto colectivo que defendimos. He resistido, he luchado y seguir\u00e9 luchando desde cualquier espacio, porque las causas solo se abandonan con la muerte. La RC debe reaccionar\u00bb. Aguiga\u00f1a, al expresar esta preocupaci\u00f3n en p\u00fablico, parece indicar que\u00a0en Revoluci\u00f3n Ciudadana no est\u00e1n funcionado los espacios internos dentro para tratar las diferencias. La crisis desatada por Pe\u00f1a destaca porque ha usado intensamente las redes sociales y ha realizado gira de medios para explicar su postura sobre la ley, que contradice la orden que tiene la Bancada Ciudadana de no respaldar al proyecto. Pe\u00f1a incluso respondi\u00f3 a Luisa Gonz\u00e1lez, la presidenta del movimiento, y expres\u00f3 que \u00abtres o cuatro\u00bb l\u00edderes hablan en nombre de RC, pero que no representan a todos los militantes. Agui\u00f1aga\u00a0 fue jefa de RC, pero dej\u00f3 el cargo el 18 de octubre de 2023 luego de que Pierina Correa, hermana del expresidente Rafael Correa, critic\u00f3 el manejo del movimiento y la campa\u00f1a presidencial de 2023, que acab\u00f3 con el triunfo de Daniel Noboa y la derrota de Gonz\u00e1lez. Adem\u00e1s, tras la segunda vuelta presidencial de 2025, Agui\u00f1aga felicit\u00f3 a Noboa por su nuevo triunfo, mientras Gonz\u00e1lez y Rafael Correa clamaban por la tesis de un fraude electoral. El 14 de mayo, Agui\u00f1aga expres\u00f3 que, \u00abpor no estar de acuerdo con lo que piensa Rafael Correa\u00bb, quien defiende un supuesto fraude con tinta transferible, se ha calificado como \u00abla oveja negra de la Revoluci\u00f3n Ciudadana\u00bb. Agui\u00f1aga sostuvo que en los pr\u00f3ximos d\u00edas, sin fecha precisa, se replantear\u00e1 su continuidad en el movimiento con el que lleg\u00f3 a la Prefectura del Guayas en 2023 y por el cual fue asamble\u00edsta, ministra de Ambiente. Fuente: Primicias.<\/p>\n","protected":false},"author":1,"featured_media":23844,"comment_status":"open","ping_status":"open","sticky":false,"template":"","format":"standard","meta":{"footnotes":""},"categories":[268],"tags":[],"class_list":["post-23843","post","type-post","status-publish","format-standard","has-post-thumbnail","hentry","category-nacionales"],"_links":{"self":[{"href":"https:\/\/www.elamazonico.com\/portal\/wp-json\/wp\/v2\/posts\/23843","targetHints":{"allow":["GET"]}}],"collection":[{"href":"https:\/\/www.elamazonico.com\/portal\/wp-json\/wp\/v2\/posts"}],"about":[{"href":"https:\/\/www.elamazonico.com\/portal\/wp-json\/wp\/v2\/types\/post"}],"author":[{"embeddable":true,"href":"https:\/\/www.elamazonico.com\/portal\/wp-json\/wp\/v2\/users\/1"}],"replies":[{"embeddable":true,"href":"https:\/\/www.elamazonico.com\/portal\/wp-json\/wp\/v2\/comments?post=23843"}],"version-history":[{"count":1,"href":"https:\/\/www.elamazonico.com\/portal\/wp-json\/wp\/v2\/posts\/23843\/revisions"}],"predecessor-version":[{"id":23845,"href":"https:\/\/www.elamazonico.com\/portal\/wp-json\/wp\/v2\/posts\/23843\/revisions\/23845"}],"wp:featuredmedia":[{"embeddable":true,"href":"https:\/\/www.elamazonico.com\/portal\/wp-json\/wp\/v2\/media\/23844"}],"wp:attachment":[{"href":"https:\/\/www.elamazonico.com\/portal\/wp-json\/wp\/v2\/media?parent=23843"}],"wp:term":[{"taxonomy":"category","embeddable":true,"href":"https:\/\/www.elamazonico.com\/portal\/wp-json\/wp\/v2\/categories?post=23843"},{"taxonomy":"post_tag","embeddable":true,"href":"https:\/\/www.elamazonico.com\/portal\/wp-json\/wp\/v2\/tags?post=23843"}],"curies":[{"name":"wp","href":"https:\/\/api.w.org\/{rel}","templated":true}]}}