{"id":23834,"date":"2025-05-29T16:01:20","date_gmt":"2025-05-29T21:01:20","guid":{"rendered":"https:\/\/www.elamazonico.com\/portal\/?p=23834"},"modified":"2025-05-29T16:01:20","modified_gmt":"2025-05-29T21:01:20","slug":"guillermo-lasso-y-andersson-boscan-se-enfrentan-por-demanda-que-el-exmandatario-presentara-debido-a-supuestas-infamias","status":"publish","type":"post","link":"https:\/\/www.elamazonico.com\/portal\/guillermo-lasso-y-andersson-boscan-se-enfrentan-por-demanda-que-el-exmandatario-presentara-debido-a-supuestas-infamias\/","title":{"rendered":"Guillermo Lasso y Andersson Bosc\u00e1n se enfrentan por demanda que el exmandatario presentar\u00e1 debido a supuestas infamias"},"content":{"rendered":"<p class=\"p_0\"><b>El expresidente de Ecuador,\u00a0<a href=\"https:\/\/www.vistazo.com\/cronologia\/-\/meta\/guillermo-lasso\">Guillermo Lasso<\/a>, y el periodista Andersson Bosc\u00e1n protagonizaron un cruce de reclamos en redes sociales luego de que el otrora mandatario le advirtiera, el pasado mi\u00e9rcoles, que iba a interponer una denuncia en su contra por \u00abinjurias e infamias\u00bb.<\/b><\/p>\n<div class=\"teads-inread sm-screen teads-display-format\">\n<div>\n<div id=\"teads0\" class=\"teads-player\">Si bien Lasso no indic\u00f3 cu\u00e1l declaraci\u00f3n que lo habr\u00eda llevado a tomar la decisi\u00f3n, Bosc\u00e1n hab\u00eda expresado recientemente que el anterior jefe de Estado estaba vinculado al <b>caso de corrupci\u00f3n en empresas p\u00fablicas denominado Encuentro<\/b>\u00a0a trav\u00e9s de la relaci\u00f3n que manten\u00eda con su cu\u00f1ado,\u00a0<b>Danilo Carrera<\/b>, quien fue sentenciado a diez a\u00f1os de prisi\u00f3n en dicha causa por el delito de\u00a0<b>delincuencia organizada<\/b>.<\/div>\n<\/div>\n<\/div>\n<p class=\"p_3\">\u00abAl creador de mentiras, injurias e infamias, Andersson Bosc\u00e1n, le anuncio que estar en Canad\u00e1\u00a0<b>no lo hace impune a la demanda que le voy a plantear.<\/b> Desde all\u00ed comete delitos a diario, jugando con el honor y la dignidad de las familias. Basta de impunidad\u00bb, declar\u00f3 Lasso en su cuenta de X.<\/p>\n<div class=\"powered-main\">\n<div class=\"powered-by\">Bosc\u00e1n reaccion\u00f3 al mensaje en X por medio de un video, en el que, refiriendo la detenci\u00f3n del l\u00edder de la mafia albanesa en Ecuador, <b>Dritan Gjika<\/b>, ocurrida el pasado martes, reiter\u00f3 que este se encontraba\u00a0<b>asociado al empresario asesinado Rub\u00e9n Cherres<\/b>, figura cercana a Carrera, y afirm\u00f3 que aquella organizaci\u00f3n criminal dirigi\u00f3 fondos a la campa\u00f1a presidencial del exmandatario.<\/div>\n<\/div>\n<p class=\"p_5\"><b>\u201cGuillermo, t\u00fa procede como consideres, gasta tu fortuna como mejor te venga, disfruta tus \u00faltimos a\u00f1os\u201d<\/b>, coment\u00f3 Bosc\u00e1n, asegurando que la posibilidad de enfrentar una batalla legal emprendida por el Lasso no devendr\u00e1 en que se limite en sus declaraciones.\u00a0<b>\u201c\u00bfTe parece que me vas a callar?\u201d<\/b>, cuestion\u00f3 al inicio del video.<\/p>\n<p class=\"p_6\">El periodista destac\u00f3 que actualmente reside en Canad\u00e1 debido a que recibi\u00f3<b>\u00a0decenas de amenazas de muerte cuando viv\u00eda en Ecuador.<\/b>\u00a0Agreg\u00f3 que contra \u00e9l ya han sido interpuestas tres demandas por su labor period\u00edstica y consider\u00f3 que es\u00a0<b>v\u00edctima de una persecuci\u00f3n<\/b>.<\/p>\n<p class=\"p_7\">En una contrarr\u00e9plica a trav\u00e9s de X,\u00a0<b>el exmandatario asegur\u00f3 que Bosc\u00e1n pronto sabr\u00e1 por qu\u00e9 ser\u00e1 enjuiciado<\/b>\u00a0y dijo que el motivo no guardaba relaci\u00f3n con acciones de terceros.<\/p>\n<p class=\"p_9\">\u201cDices ser periodista, alguien que comunica verdades basadas en datos, no en elucubraciones.\u00a0<b>Pero tratas el periodismo como si fuera una novela, posicion\u00e1ndote como el h\u00e9roe&#8230; y la v\u00edctima a la vez<\/b>\u201d, declar\u00f3 Lasso, alegando que su dignidad y honor \u201ctienen valor\u201d.<\/p>\n","protected":false},"excerpt":{"rendered":"<p>El expresidente de Ecuador,\u00a0Guillermo Lasso, y el periodista Andersson Bosc\u00e1n protagonizaron un cruce de reclamos en redes sociales luego de que el otrora mandatario le advirtiera, el pasado mi\u00e9rcoles, que iba a interponer una denuncia en su contra por \u00abinjurias e infamias\u00bb. Si bien Lasso no indic\u00f3 cu\u00e1l declaraci\u00f3n que lo habr\u00eda llevado a tomar la decisi\u00f3n, Bosc\u00e1n hab\u00eda expresado recientemente que el anterior jefe de Estado estaba vinculado al caso de corrupci\u00f3n en empresas p\u00fablicas denominado Encuentro\u00a0a trav\u00e9s de la relaci\u00f3n que manten\u00eda con su cu\u00f1ado,\u00a0Danilo Carrera, quien fue sentenciado a diez a\u00f1os de prisi\u00f3n en dicha causa por el delito de\u00a0delincuencia organizada. \u00abAl creador de mentiras, injurias e infamias, Andersson Bosc\u00e1n, le anuncio que estar en Canad\u00e1\u00a0no lo hace impune a la demanda que le voy a plantear. Desde all\u00ed comete delitos a diario, jugando con el honor y la dignidad de las familias. Basta de impunidad\u00bb, declar\u00f3 Lasso en su cuenta de X. Bosc\u00e1n reaccion\u00f3 al mensaje en X por medio de un video, en el que, refiriendo la detenci\u00f3n del l\u00edder de la mafia albanesa en Ecuador, Dritan Gjika, ocurrida el pasado martes, reiter\u00f3 que este se encontraba\u00a0asociado al empresario asesinado Rub\u00e9n Cherres, figura cercana a Carrera, y afirm\u00f3 que aquella organizaci\u00f3n criminal dirigi\u00f3 fondos a la campa\u00f1a presidencial del exmandatario. \u201cGuillermo, t\u00fa procede como consideres, gasta tu fortuna como mejor te venga, disfruta tus \u00faltimos a\u00f1os\u201d, coment\u00f3 Bosc\u00e1n, asegurando que la posibilidad de enfrentar una batalla legal emprendida por el Lasso no devendr\u00e1 en que se limite en sus declaraciones.\u00a0\u201c\u00bfTe parece que me vas a callar?\u201d, cuestion\u00f3 al inicio del video. El periodista destac\u00f3 que actualmente reside en Canad\u00e1 debido a que recibi\u00f3\u00a0decenas de amenazas de muerte cuando viv\u00eda en Ecuador.\u00a0Agreg\u00f3 que contra \u00e9l ya han sido interpuestas tres demandas por su labor period\u00edstica y consider\u00f3 que es\u00a0v\u00edctima de una persecuci\u00f3n. En una contrarr\u00e9plica a trav\u00e9s de X,\u00a0el exmandatario asegur\u00f3 que Bosc\u00e1n pronto sabr\u00e1 por qu\u00e9 ser\u00e1 enjuiciado\u00a0y dijo que el motivo no guardaba relaci\u00f3n con acciones de terceros. \u201cDices ser periodista, alguien que comunica verdades basadas en datos, no en elucubraciones.\u00a0Pero tratas el periodismo como si fuera una novela, posicion\u00e1ndote como el h\u00e9roe&#8230; y la v\u00edctima a la vez\u201d, declar\u00f3 Lasso, alegando que su dignidad y honor \u201ctienen valor\u201d.<\/p>\n","protected":false},"author":1,"featured_media":23835,"comment_status":"open","ping_status":"open","sticky":false,"template":"","format":"standard","meta":{"footnotes":""},"categories":[268],"tags":[],"class_list":["post-23834","post","type-post","status-publish","format-standard","has-post-thumbnail","hentry","category-nacionales"],"_links":{"self":[{"href":"https:\/\/www.elamazonico.com\/portal\/wp-json\/wp\/v2\/posts\/23834","targetHints":{"allow":["GET"]}}],"collection":[{"href":"https:\/\/www.elamazonico.com\/portal\/wp-json\/wp\/v2\/posts"}],"about":[{"href":"https:\/\/www.elamazonico.com\/portal\/wp-json\/wp\/v2\/types\/post"}],"author":[{"embeddable":true,"href":"https:\/\/www.elamazonico.com\/portal\/wp-json\/wp\/v2\/users\/1"}],"replies":[{"embeddable":true,"href":"https:\/\/www.elamazonico.com\/portal\/wp-json\/wp\/v2\/comments?post=23834"}],"version-history":[{"count":1,"href":"https:\/\/www.elamazonico.com\/portal\/wp-json\/wp\/v2\/posts\/23834\/revisions"}],"predecessor-version":[{"id":23836,"href":"https:\/\/www.elamazonico.com\/portal\/wp-json\/wp\/v2\/posts\/23834\/revisions\/23836"}],"wp:featuredmedia":[{"embeddable":true,"href":"https:\/\/www.elamazonico.com\/portal\/wp-json\/wp\/v2\/media\/23835"}],"wp:attachment":[{"href":"https:\/\/www.elamazonico.com\/portal\/wp-json\/wp\/v2\/media?parent=23834"}],"wp:term":[{"taxonomy":"category","embeddable":true,"href":"https:\/\/www.elamazonico.com\/portal\/wp-json\/wp\/v2\/categories?post=23834"},{"taxonomy":"post_tag","embeddable":true,"href":"https:\/\/www.elamazonico.com\/portal\/wp-json\/wp\/v2\/tags?post=23834"}],"curies":[{"name":"wp","href":"https:\/\/api.w.org\/{rel}","templated":true}]}}