{"id":23831,"date":"2025-05-29T15:56:36","date_gmt":"2025-05-29T20:56:36","guid":{"rendered":"https:\/\/www.elamazonico.com\/portal\/?p=23831"},"modified":"2025-05-29T15:56:36","modified_gmt":"2025-05-29T20:56:36","slug":"sergio-pena-expulsado-de-la-revolucion-ciudadana-movimiento-que-lo-califica-como-oportunista-y-desleal","status":"publish","type":"post","link":"https:\/\/www.elamazonico.com\/portal\/sergio-pena-expulsado-de-la-revolucion-ciudadana-movimiento-que-lo-califica-como-oportunista-y-desleal\/","title":{"rendered":"Sergio Pe\u00f1a, expulsado de la Revoluci\u00f3n Ciudadana, movimiento que lo califica como &#8216;oportunista y desleal&#8217;"},"content":{"rendered":"<p class=\"p_0\">El asamble\u00edsta<a href=\"https:\/\/www.vistazo.com\/politica\/nacional\/2025-05-29-revolucion-ciudadana-sergio-pena-apoya-ley-noboa-criticas-luisa-gonzalez-andres-arauz-JD9410759\">\u00a0<b>Sergio Pe\u00f1a<\/b><\/a>\u00a0fue\u00a0<b>expulsado de la Revoluci\u00f3n Ciudadana<\/b>, movimiento que lo acusa de\u00a0<u><b>\u201ctraici\u00f3n\u201d<\/b><\/u>\u00a0luego de una serie de peleas en redes sociales con miembros de esa organizaci\u00f3n pol\u00edtica debido a su apoyo a un informe relacionado a la\u00a0<u><b>ley contra la econom\u00eda criminal<\/b><\/u>\u00a0del presidente Daniel Noboa.<\/p>\n<p class=\"p_1\">\u201cLa \u00e9tica, la coherencia y el compromiso con los principios que defendemos son innegociables e inviolables.\u00a0<b>No toleraremos la traici\u00f3n<\/b>\u201d, dice un comunicado del movimiento corre\u00edsta.<\/p>\n<p class=\"p_3\">Agrega que Sergio Pe\u00f1a lleg\u00f3 a la Asamblea Nacional gracias al voto de miles de ecuatorianos que confiaron en su palabra, pero \u201cha quedado demostrado que su verdadera lealtad nunca fue con el pueblo que lo eligi\u00f3, sino sus\u00a0<u><b>intereses personales<\/b><\/u>\u201d.<\/p>\n<div>\n<div class=\"trv-player-container\">\n<div class=\"trv-wrapper\">\n<div id=\"br_video_player_25d68224d525c91befa0f8f821d3965a7a4d6079\" class=\"trvd_video_player trvdfloater trv-right\">\n<div class=\"trv-autoskip-container\">\n<div class=\"trv-autoskip-background\">Adem\u00e1s, lo califican como oportunista y desleal. \u201cLa Revoluci\u00f3n Ciudadana se mantiene firme, con la frente en alto, y en <b>proceso de depuraci\u00f3n<\/b> de aquellos que intenten desestabilizar nuestro movimiento\u201d, finaliza la carta. <strong>Fuente: Vistazo<\/strong><\/div>\n<\/div>\n<\/div>\n<\/div>\n<\/div>\n<\/div>\n<p class=\"p_5\">En desarrollo &#8230;<\/p>\n","protected":false},"excerpt":{"rendered":"<p>El asamble\u00edsta\u00a0Sergio Pe\u00f1a\u00a0fue\u00a0expulsado de la Revoluci\u00f3n Ciudadana, movimiento que lo acusa de\u00a0\u201ctraici\u00f3n\u201d\u00a0luego de una serie de peleas en redes sociales con miembros de esa organizaci\u00f3n pol\u00edtica debido a su apoyo a un informe relacionado a la\u00a0ley contra la econom\u00eda criminal\u00a0del presidente Daniel Noboa. \u201cLa \u00e9tica, la coherencia y el compromiso con los principios que defendemos son innegociables e inviolables.\u00a0No toleraremos la traici\u00f3n\u201d, dice un comunicado del movimiento corre\u00edsta. Agrega que Sergio Pe\u00f1a lleg\u00f3 a la Asamblea Nacional gracias al voto de miles de ecuatorianos que confiaron en su palabra, pero \u201cha quedado demostrado que su verdadera lealtad nunca fue con el pueblo que lo eligi\u00f3, sino sus\u00a0intereses personales\u201d. Adem\u00e1s, lo califican como oportunista y desleal. \u201cLa Revoluci\u00f3n Ciudadana se mantiene firme, con la frente en alto, y en proceso de depuraci\u00f3n de aquellos que intenten desestabilizar nuestro movimiento\u201d, finaliza la carta. Fuente: Vistazo En desarrollo &#8230;<\/p>\n","protected":false},"author":1,"featured_media":23832,"comment_status":"open","ping_status":"open","sticky":false,"template":"","format":"standard","meta":{"footnotes":""},"categories":[268],"tags":[],"class_list":["post-23831","post","type-post","status-publish","format-standard","has-post-thumbnail","hentry","category-nacionales"],"_links":{"self":[{"href":"https:\/\/www.elamazonico.com\/portal\/wp-json\/wp\/v2\/posts\/23831","targetHints":{"allow":["GET"]}}],"collection":[{"href":"https:\/\/www.elamazonico.com\/portal\/wp-json\/wp\/v2\/posts"}],"about":[{"href":"https:\/\/www.elamazonico.com\/portal\/wp-json\/wp\/v2\/types\/post"}],"author":[{"embeddable":true,"href":"https:\/\/www.elamazonico.com\/portal\/wp-json\/wp\/v2\/users\/1"}],"replies":[{"embeddable":true,"href":"https:\/\/www.elamazonico.com\/portal\/wp-json\/wp\/v2\/comments?post=23831"}],"version-history":[{"count":1,"href":"https:\/\/www.elamazonico.com\/portal\/wp-json\/wp\/v2\/posts\/23831\/revisions"}],"predecessor-version":[{"id":23833,"href":"https:\/\/www.elamazonico.com\/portal\/wp-json\/wp\/v2\/posts\/23831\/revisions\/23833"}],"wp:featuredmedia":[{"embeddable":true,"href":"https:\/\/www.elamazonico.com\/portal\/wp-json\/wp\/v2\/media\/23832"}],"wp:attachment":[{"href":"https:\/\/www.elamazonico.com\/portal\/wp-json\/wp\/v2\/media?parent=23831"}],"wp:term":[{"taxonomy":"category","embeddable":true,"href":"https:\/\/www.elamazonico.com\/portal\/wp-json\/wp\/v2\/categories?post=23831"},{"taxonomy":"post_tag","embeddable":true,"href":"https:\/\/www.elamazonico.com\/portal\/wp-json\/wp\/v2\/tags?post=23831"}],"curies":[{"name":"wp","href":"https:\/\/api.w.org\/{rel}","templated":true}]}}