{"id":23819,"date":"2025-05-28T22:07:34","date_gmt":"2025-05-29T03:07:34","guid":{"rendered":"https:\/\/www.elamazonico.com\/portal\/?p=23819"},"modified":"2025-05-28T22:07:34","modified_gmt":"2025-05-29T03:07:34","slug":"daniel-noboa-alista-nueva-gira-internacional-visitara-espana-e-italia-en-junio","status":"publish","type":"post","link":"https:\/\/www.elamazonico.com\/portal\/daniel-noboa-alista-nueva-gira-internacional-visitara-espana-e-italia-en-junio\/","title":{"rendered":"Daniel Noboa alista nueva gira internacional: visitar\u00e1 Espa\u00f1a e Italia en junio"},"content":{"rendered":"<p class=\"p_0\">El presidente de la Rep\u00fablica,\u00a0<b>Daniel Noboa<\/b>, se alista para emprender un nuevo viaje internacional. Esta vez, su agenda oficial lo llevar\u00e1 nuevamente a Espa\u00f1a e Italia, en lo que ser\u00e1 su primera salida al exterior tras haber iniciado formalmente su nuevo mandato hasta 2029.<\/p>\n<p class=\"p_1\">As\u00ed lo confirm\u00f3 este mi\u00e9rcoles 28 de mayo la canciller Gabriela Sommerfeld, durante una entrevista con el programa digital <i>Visionarias<\/i>. \u201cEsta ser\u00eda la primera agenda que cumpla, en este nuevo periodo presidencial, el presidente Noboa\u201d, se\u00f1al\u00f3 la ministra de Relaciones Exteriores.<\/p>\n<p class=\"p_3\">La Canciller detall\u00f3 que, el viaje est\u00e1 previsto para finales de junio de 2025. Noboa ha sido invitado por el\u00a0<b>Rey Felipe VI de Espa\u00f1a\u00a0<\/b>a una cena en Sevilla, junto a otros mandatarios del mundo.<\/p>\n<div>\n<div class=\"trv-player-container\">\n<div class=\"trv-wrapper\">\n<div id=\"br_video_player_e3ba63df7985c6e9ab0db551fc7d255a7a4d6079\" class=\"trvd_video_player trvdfloater trv-right\">\n<div class=\"media-player\">\n<div class=\"trv-video\">\n<div id=\"truvid_ima_container2338\" class=\"truvid_ima_container trv-ima-container-hidden\">\n<div><img decoding=\"async\" src=\"https:\/\/src.trvdp.com\/images\/ad835197797addabd095c0b5ad0ad98bc26033c7_3.jpg\" \/><\/div>\n<\/div>\n<\/div>\n<\/div>\n<\/div>\n<\/div>\n<\/div>\n<\/div>\n<p class=\"p_4\">Adem\u00e1s, participar\u00e1 en una convenci\u00f3n internacional centrada en el financiamiento del desarrollo global.<\/p>\n<p class=\"p_5\">Luego, el primer mandatario viajar\u00e1 a\u00a0<b>Italia<\/b>, donde mantendr\u00e1 reuniones de alto nivel con el Gobierno de ese pa\u00eds, encabezado por la primera ministra\u00a0<b>Giorgia Meloni<\/b>.<\/p>\n<p class=\"p_6\">Este nuevo periplo presidencial ocurre a menos de un mes de que Noboa completara una gira del 24 de abril al 9 de mayo por seis pa\u00edses de Europa y Medio Oriente.<\/p>\n<p class=\"p_7\">En ese periplo de quince d\u00edas, Noboa inici\u00f3 su viaje en El Vaticano para asistir al funeral del\u00a0<b>Papa Francisco<\/b>, y despu\u00e9s visit\u00f3 Espa\u00f1a, Emiratos \u00c1rabes Unidos, Israel, Reino Unido y Francia, donde\u00a0<b>mantuvo reuniones con los jefes de Estado de cada pa\u00eds<\/b>, adem\u00e1s de encuentros con empresarios y fondos de inversi\u00f3n.<\/p>\n<p class=\"p_8\">Con el monarca espa\u00f1ol,\u00a0<b>Felipe VI,<\/b>\u00a0el presidente trat\u00f3 la participaci\u00f3n de Ecuador en distintos foros internacional a celebrarse en Espa\u00f1a, como la cuarta Conferencia Internacional sobre la Financiaci\u00f3n para el Desarrollo, a celebrarse a inicios de julio en Sevilla, y la trig\u00e9sima Cumbre Iberoamericana, que tendr\u00e1 lugar en 2026.<\/p>\n<p class=\"p_9\">Mientras que, su \u00faltimo viaje fue al Vaticano del 16 al 18 de mayo para asistir a la ceremonia de inicio del pontificado del\u00a0<b>Papa Le\u00f3n XIV<\/b>.<\/p>\n<p class=\"p_10\">Seg\u00fan el Ejecutivo, estas giras representan una oportunidad estrat\u00e9gica para posicionar al Ecuador como un pa\u00eds confiable, din\u00e1mico y abierto al mundo, as\u00ed como fortalecer las relaciones diplom\u00e1ticas y comerciales con los pa\u00edses y abrir nuevas puertas a la inversi\u00f3n extranjera y nuestras exportaciones. <strong>Fuente: Vistazo<\/strong><\/p>\n","protected":false},"excerpt":{"rendered":"<p>El presidente de la Rep\u00fablica,\u00a0Daniel Noboa, se alista para emprender un nuevo viaje internacional. Esta vez, su agenda oficial lo llevar\u00e1 nuevamente a Espa\u00f1a e Italia, en lo que ser\u00e1 su primera salida al exterior tras haber iniciado formalmente su nuevo mandato hasta 2029. As\u00ed lo confirm\u00f3 este mi\u00e9rcoles 28 de mayo la canciller Gabriela Sommerfeld, durante una entrevista con el programa digital Visionarias. \u201cEsta ser\u00eda la primera agenda que cumpla, en este nuevo periodo presidencial, el presidente Noboa\u201d, se\u00f1al\u00f3 la ministra de Relaciones Exteriores. La Canciller detall\u00f3 que, el viaje est\u00e1 previsto para finales de junio de 2025. Noboa ha sido invitado por el\u00a0Rey Felipe VI de Espa\u00f1a\u00a0a una cena en Sevilla, junto a otros mandatarios del mundo. Adem\u00e1s, participar\u00e1 en una convenci\u00f3n internacional centrada en el financiamiento del desarrollo global. Luego, el primer mandatario viajar\u00e1 a\u00a0Italia, donde mantendr\u00e1 reuniones de alto nivel con el Gobierno de ese pa\u00eds, encabezado por la primera ministra\u00a0Giorgia Meloni. Este nuevo periplo presidencial ocurre a menos de un mes de que Noboa completara una gira del 24 de abril al 9 de mayo por seis pa\u00edses de Europa y Medio Oriente. En ese periplo de quince d\u00edas, Noboa inici\u00f3 su viaje en El Vaticano para asistir al funeral del\u00a0Papa Francisco, y despu\u00e9s visit\u00f3 Espa\u00f1a, Emiratos \u00c1rabes Unidos, Israel, Reino Unido y Francia, donde\u00a0mantuvo reuniones con los jefes de Estado de cada pa\u00eds, adem\u00e1s de encuentros con empresarios y fondos de inversi\u00f3n. Con el monarca espa\u00f1ol,\u00a0Felipe VI,\u00a0el presidente trat\u00f3 la participaci\u00f3n de Ecuador en distintos foros internacional a celebrarse en Espa\u00f1a, como la cuarta Conferencia Internacional sobre la Financiaci\u00f3n para el Desarrollo, a celebrarse a inicios de julio en Sevilla, y la trig\u00e9sima Cumbre Iberoamericana, que tendr\u00e1 lugar en 2026. Mientras que, su \u00faltimo viaje fue al Vaticano del 16 al 18 de mayo para asistir a la ceremonia de inicio del pontificado del\u00a0Papa Le\u00f3n XIV. Seg\u00fan el Ejecutivo, estas giras representan una oportunidad estrat\u00e9gica para posicionar al Ecuador como un pa\u00eds confiable, din\u00e1mico y abierto al mundo, as\u00ed como fortalecer las relaciones diplom\u00e1ticas y comerciales con los pa\u00edses y abrir nuevas puertas a la inversi\u00f3n extranjera y nuestras exportaciones. Fuente: Vistazo<\/p>\n","protected":false},"author":1,"featured_media":23820,"comment_status":"open","ping_status":"open","sticky":false,"template":"","format":"standard","meta":{"footnotes":""},"categories":[268],"tags":[],"class_list":["post-23819","post","type-post","status-publish","format-standard","has-post-thumbnail","hentry","category-nacionales"],"_links":{"self":[{"href":"https:\/\/www.elamazonico.com\/portal\/wp-json\/wp\/v2\/posts\/23819","targetHints":{"allow":["GET"]}}],"collection":[{"href":"https:\/\/www.elamazonico.com\/portal\/wp-json\/wp\/v2\/posts"}],"about":[{"href":"https:\/\/www.elamazonico.com\/portal\/wp-json\/wp\/v2\/types\/post"}],"author":[{"embeddable":true,"href":"https:\/\/www.elamazonico.com\/portal\/wp-json\/wp\/v2\/users\/1"}],"replies":[{"embeddable":true,"href":"https:\/\/www.elamazonico.com\/portal\/wp-json\/wp\/v2\/comments?post=23819"}],"version-history":[{"count":1,"href":"https:\/\/www.elamazonico.com\/portal\/wp-json\/wp\/v2\/posts\/23819\/revisions"}],"predecessor-version":[{"id":23821,"href":"https:\/\/www.elamazonico.com\/portal\/wp-json\/wp\/v2\/posts\/23819\/revisions\/23821"}],"wp:featuredmedia":[{"embeddable":true,"href":"https:\/\/www.elamazonico.com\/portal\/wp-json\/wp\/v2\/media\/23820"}],"wp:attachment":[{"href":"https:\/\/www.elamazonico.com\/portal\/wp-json\/wp\/v2\/media?parent=23819"}],"wp:term":[{"taxonomy":"category","embeddable":true,"href":"https:\/\/www.elamazonico.com\/portal\/wp-json\/wp\/v2\/categories?post=23819"},{"taxonomy":"post_tag","embeddable":true,"href":"https:\/\/www.elamazonico.com\/portal\/wp-json\/wp\/v2\/tags?post=23819"}],"curies":[{"name":"wp","href":"https:\/\/api.w.org\/{rel}","templated":true}]}}