{"id":23795,"date":"2025-05-28T09:22:35","date_gmt":"2025-05-28T14:22:35","guid":{"rendered":"https:\/\/www.elamazonico.com\/portal\/?p=23795"},"modified":"2025-05-28T09:22:35","modified_gmt":"2025-05-28T14:22:35","slug":"gobernacion-ejecuta-desalojo-de-la-sede-de-la-ficsh-en-sucua","status":"publish","type":"post","link":"https:\/\/www.elamazonico.com\/portal\/gobernacion-ejecuta-desalojo-de-la-sede-de-la-ficsh-en-sucua\/","title":{"rendered":"Gobernaci\u00f3n ejecuta desalojo de la sede de la FICSH en Suc\u00faa"},"content":{"rendered":"<p data-start=\"90\" data-end=\"471\">En cumplimiento del marco legal y en ejercicio de sus competencias constitucionales, la Gobernaci\u00f3n de Morona Santiago ejecut\u00f3 en la madrugada de este lunes un operativo de desalojo en la sede de la Federaci\u00f3n Interprovincial de Centros Shuar (FICSH), ubicada en el cant\u00f3n Suc\u00faa, la cual permanec\u00eda ocupada de manera irregular desde hace varios meses.<\/p>\n<p data-start=\"473\" data-end=\"900\">La intervenci\u00f3n fue liderada por el Intendente General de Polic\u00eda, abogado Diego Jaramillo, con el respaldo de unidades de la Polic\u00eda Nacional bajo la coordinaci\u00f3n del Subcomandante provincial, coronel Patricio Vargas. El procedimiento cont\u00f3 con la supervisi\u00f3n de un delegado de la Defensor\u00eda del Pueblo, quien garantiz\u00f3 que el operativo se desarrollara con apego a los derechos humanos y en estricto respeto al debido proceso.<\/p>\n<p data-start=\"902\" data-end=\"1138\">De acuerdo con el comunicado oficial emitido por la Gobernaci\u00f3n, el objetivo de esta acci\u00f3n fue recuperar el control administrativo y legal del inmueble, restablecer el orden institucional y garantizar la seguridad ciudadana en la zona.<\/p>\n<p data-start=\"1140\" data-end=\"1469\">\u201cLa Gobernaci\u00f3n de Morona Santiago ratifica su compromiso con la legalidad, la convivencia pac\u00edfica y el respeto a los marcos institucionales. Este operativo se realiz\u00f3 conforme a lo que dicta la ley y en resguardo de los principios democr\u00e1ticos del Estado ecuatoriano\u201d, afirm\u00f3 el Intendente Jaramillo al cierre de la diligencia.<\/p>\n<p data-start=\"1471\" data-end=\"1662\">El Gobierno Nacional contin\u00faa firme en su labor de fortalecer la institucionalidad y velar por la convivencia arm\u00f3nica entre todos los actores sociales, en un ambiente de paz y respeto mutuo.<\/p>\n","protected":false},"excerpt":{"rendered":"<p>En cumplimiento del marco legal y en ejercicio de sus competencias constitucionales, la Gobernaci\u00f3n de Morona Santiago ejecut\u00f3 en la madrugada de este lunes un operativo de desalojo en la sede de la Federaci\u00f3n Interprovincial de Centros Shuar (FICSH), ubicada en el cant\u00f3n Suc\u00faa, la cual permanec\u00eda ocupada de manera irregular desde hace varios meses. La intervenci\u00f3n fue liderada por el Intendente General de Polic\u00eda, abogado Diego Jaramillo, con el respaldo de unidades de la Polic\u00eda Nacional bajo la coordinaci\u00f3n del Subcomandante provincial, coronel Patricio Vargas. El procedimiento cont\u00f3 con la supervisi\u00f3n de un delegado de la Defensor\u00eda del Pueblo, quien garantiz\u00f3 que el operativo se desarrollara con apego a los derechos humanos y en estricto respeto al debido proceso. De acuerdo con el comunicado oficial emitido por la Gobernaci\u00f3n, el objetivo de esta acci\u00f3n fue recuperar el control administrativo y legal del inmueble, restablecer el orden institucional y garantizar la seguridad ciudadana en la zona. \u201cLa Gobernaci\u00f3n de Morona Santiago ratifica su compromiso con la legalidad, la convivencia pac\u00edfica y el respeto a los marcos institucionales. Este operativo se realiz\u00f3 conforme a lo que dicta la ley y en resguardo de los principios democr\u00e1ticos del Estado ecuatoriano\u201d, afirm\u00f3 el Intendente Jaramillo al cierre de la diligencia. El Gobierno Nacional contin\u00faa firme en su labor de fortalecer la institucionalidad y velar por la convivencia arm\u00f3nica entre todos los actores sociales, en un ambiente de paz y respeto mutuo.<\/p>\n","protected":false},"author":1,"featured_media":23796,"comment_status":"open","ping_status":"open","sticky":false,"template":"","format":"standard","meta":{"footnotes":""},"categories":[268],"tags":[],"class_list":["post-23795","post","type-post","status-publish","format-standard","has-post-thumbnail","hentry","category-nacionales"],"_links":{"self":[{"href":"https:\/\/www.elamazonico.com\/portal\/wp-json\/wp\/v2\/posts\/23795","targetHints":{"allow":["GET"]}}],"collection":[{"href":"https:\/\/www.elamazonico.com\/portal\/wp-json\/wp\/v2\/posts"}],"about":[{"href":"https:\/\/www.elamazonico.com\/portal\/wp-json\/wp\/v2\/types\/post"}],"author":[{"embeddable":true,"href":"https:\/\/www.elamazonico.com\/portal\/wp-json\/wp\/v2\/users\/1"}],"replies":[{"embeddable":true,"href":"https:\/\/www.elamazonico.com\/portal\/wp-json\/wp\/v2\/comments?post=23795"}],"version-history":[{"count":1,"href":"https:\/\/www.elamazonico.com\/portal\/wp-json\/wp\/v2\/posts\/23795\/revisions"}],"predecessor-version":[{"id":23797,"href":"https:\/\/www.elamazonico.com\/portal\/wp-json\/wp\/v2\/posts\/23795\/revisions\/23797"}],"wp:featuredmedia":[{"embeddable":true,"href":"https:\/\/www.elamazonico.com\/portal\/wp-json\/wp\/v2\/media\/23796"}],"wp:attachment":[{"href":"https:\/\/www.elamazonico.com\/portal\/wp-json\/wp\/v2\/media?parent=23795"}],"wp:term":[{"taxonomy":"category","embeddable":true,"href":"https:\/\/www.elamazonico.com\/portal\/wp-json\/wp\/v2\/categories?post=23795"},{"taxonomy":"post_tag","embeddable":true,"href":"https:\/\/www.elamazonico.com\/portal\/wp-json\/wp\/v2\/tags?post=23795"}],"curies":[{"name":"wp","href":"https:\/\/api.w.org\/{rel}","templated":true}]}}