{"id":23781,"date":"2025-05-27T17:11:18","date_gmt":"2025-05-27T22:11:18","guid":{"rendered":"https:\/\/www.elamazonico.com\/portal\/?p=23781"},"modified":"2025-05-27T17:11:18","modified_gmt":"2025-05-27T22:11:18","slug":"cambios-y-ratificaciones-en-el-nuevo-gabinete-ministerial-de-daniel-noboa","status":"publish","type":"post","link":"https:\/\/www.elamazonico.com\/portal\/cambios-y-ratificaciones-en-el-nuevo-gabinete-ministerial-de-daniel-noboa\/","title":{"rendered":"Cambios y ratificaciones en el nuevo gabinete ministerial de Daniel Noboa"},"content":{"rendered":"<div class=\"paragraph texto\">\n<p class=\"p_0\">Luego de\u00a0<b>varios d\u00edas de incertidumbre<\/b>, el presidente<a href=\"https:\/\/www.vistazo.com\/politica\/nacional\/2025-05-24-posesion-daniel-noboa-asi-revelo-como-sera-segundo-mandato-HM9385823\" rel=\"nofollow\">\u00a0<b>Daniel Noboa<\/b><\/a>\u00a0revel\u00f3 las personas que formar\u00e1n parte de su equipo de trabajo.\u00a0<u>Hay tan solo tres cambios en el gabinete ministerial.<\/u><\/p>\n<p class=\"p_1\">La gran mayor\u00eda de carteras de Estado seguir\u00e1n bajo el mando de los mismos funcionarios,\u00a0<b>a excepci\u00f3n de tres entidades<\/b>.<\/p>\n<div class=\"teads-inread sm-screen teads-display-format\">\n<div id=\"teads0\" class=\"teads-player\">El principal cambio es en el <b>Ministerio de Salud<\/b>\u00a0que era liderado por el abogado\u00a0<b><a href=\"https:\/\/www.vistazo.com\/actualidad\/2024-05-05-ministro-salud-niega-emergencia-fiebre-amarilla-tosferina-ecuador-guayas-EH9283565\">\u00c9dgar Lama<\/a><\/b>, ahora la entidad estar\u00e1 encabezada por\u00a0<b>Juan Fernando S\u00e1nchez.<\/b><\/div>\n<\/div>\n<div class=\"Center2Display\">\n<div id=\"Center2\" data-google-query-id=\"CO-sr_zUxI0DFVCMywEdjjkwjA\">\n<div id=\"google_ads_iframe_\/21839199781\/Vistazo\/Vistazo_Center2_0__container__\">Mientras que en el Ministerio de Ambiente estar\u00e1 <b><a href=\"https:\/\/www.vistazo.com\/politica\/2025-05-27-maria-luisa-cruz-nueva-ministra-ambiente-daniel-noboa-XB9399981\">Mar\u00eda Luisa Cruz<\/a><\/b>, quien se ven\u00eda desempe\u00f1ando como viceministra del Agua, ahora asume la titularidad de la instituci\u00f3n.<\/div>\n<\/div>\n<\/div>\n<p class=\"p_5\">Por su parte,\u00a0<b>Diana Paulina Ramirez Villacis<\/b>\u00a0llega a la Secretar\u00eda Nacional de Planificaci\u00f3n.<\/p>\n<p class=\"p_6\">En cambio,\u00a0<b>Harold Burbano<\/b>, quien estaba al frente del Ministerio de Inclusi\u00f3n Econ\u00f3mica (MIES) como encargado, ahora toma la titularidad.<\/p>\n<p class=\"p_7\">Lo mismo ocurre con\u00a0<b>Mar\u00eda de Lourdes Mu\u00f1oz Astudillo<\/b>, quien se titulariza como secretaria de Ecuador Crece sin Desnutrici\u00f3n Infantil.<\/p>\n<\/div>\n<div class=\"multimediaMacroWrapper img lateral\">\n<figure class=\"contentMedia art-img\">\n<div><img fetchpriority=\"high\" decoding=\"async\" class=\" lazyloaded\" title=\"Cambios y ratificaciones en el nuevo gabinete ministerial de Daniel Noboa\" src=\"https:\/\/www.vistazo.com\/placeholder\/svg\/viewbox\/768x961\" sizes=\"100vw\" srcset=\"\/\/www.vistazo.com\/binrepository\/768x961\/0c0\/0d0\/none\/12727\/JXJQ\/gr-zfjdxuaibnry_2216921_20250527161358.jpg 768w,\/\/www.vistazo.com\/binrepository\/640x801\/0c0\/0d0\/none\/12727\/JXJM\/gr-zfjdxuaibnry_2216921_20250527161358.jpg 640w,\/\/www.vistazo.com\/binrepository\/512x641\/0c0\/0d0\/none\/12727\/JXJS\/gr-zfjdxuaibnry_2216921_20250527161358.jpg 512w,\/\/www.vistazo.com\/binrepository\/384x481\/0c0\/0d0\/none\/12727\/JXJT\/gr-zfjdxuaibnry_2216921_20250527161358.jpg 384w,\/\/www.vistazo.com\/binrepository\/300x375\/0c0\/0d0\/none\/12727\/JXNP\/gr-zfjdxuaibnry_2216921_20250527161358.jpg 300w\" alt=\"$!Cambios y ratificaciones en el nuevo gabinete ministerial de Daniel Noboa\" width=\"768\" height=\"961\" data-srcset=\"\/\/www.vistazo.com\/binrepository\/768x961\/0c0\/0d0\/none\/12727\/JXJQ\/gr-zfjdxuaibnry_2216921_20250527161358.jpg 768w,\/\/www.vistazo.com\/binrepository\/640x801\/0c0\/0d0\/none\/12727\/JXJM\/gr-zfjdxuaibnry_2216921_20250527161358.jpg 640w,\/\/www.vistazo.com\/binrepository\/512x641\/0c0\/0d0\/none\/12727\/JXJS\/gr-zfjdxuaibnry_2216921_20250527161358.jpg 512w,\/\/www.vistazo.com\/binrepository\/384x481\/0c0\/0d0\/none\/12727\/JXJT\/gr-zfjdxuaibnry_2216921_20250527161358.jpg 384w,\/\/www.vistazo.com\/binrepository\/300x375\/0c0\/0d0\/none\/12727\/JXNP\/gr-zfjdxuaibnry_2216921_20250527161358.jpg 300w\" \/><\/div>\n<\/figure>\n<\/div>\n<div class=\"multimediaMacroWrapper img lateral\">\n<figure class=\"contentMedia art-img\">\n<div><img decoding=\"async\" class=\" lazyloaded\" title=\"Cambios y ratificaciones en el nuevo gabinete ministerial de Daniel Noboa\" src=\"https:\/\/www.vistazo.com\/placeholder\/svg\/viewbox\/768x961\" sizes=\"100vw\" srcset=\"\/\/www.vistazo.com\/binrepository\/768x961\/0c0\/0d0\/none\/12727\/HVJQ\/gr-zfimxqaitkum_2216922_20250527161359.jpg 768w,\/\/www.vistazo.com\/binrepository\/640x801\/0c0\/0d0\/none\/12727\/HVJM\/gr-zfimxqaitkum_2216922_20250527161359.jpg 640w,\/\/www.vistazo.com\/binrepository\/512x641\/0c0\/0d0\/none\/12727\/HVJS\/gr-zfimxqaitkum_2216922_20250527161359.jpg 512w,\/\/www.vistazo.com\/binrepository\/384x481\/0c0\/0d0\/none\/12727\/HVJT\/gr-zfimxqaitkum_2216922_20250527161359.jpg 384w,\/\/www.vistazo.com\/binrepository\/300x375\/0c0\/0d0\/none\/12727\/HVNP\/gr-zfimxqaitkum_2216922_20250527161359.jpg 300w\" alt=\"$!Cambios y ratificaciones en el nuevo gabinete ministerial de Daniel Noboa\" width=\"768\" height=\"961\" data-srcset=\"\/\/www.vistazo.com\/binrepository\/768x961\/0c0\/0d0\/none\/12727\/HVJQ\/gr-zfimxqaitkum_2216922_20250527161359.jpg 768w,\/\/www.vistazo.com\/binrepository\/640x801\/0c0\/0d0\/none\/12727\/HVJM\/gr-zfimxqaitkum_2216922_20250527161359.jpg 640w,\/\/www.vistazo.com\/binrepository\/512x641\/0c0\/0d0\/none\/12727\/HVJS\/gr-zfimxqaitkum_2216922_20250527161359.jpg 512w,\/\/www.vistazo.com\/binrepository\/384x481\/0c0\/0d0\/none\/12727\/HVJT\/gr-zfimxqaitkum_2216922_20250527161359.jpg 384w,\/\/www.vistazo.com\/binrepository\/300x375\/0c0\/0d0\/none\/12727\/HVNP\/gr-zfimxqaitkum_2216922_20250527161359.jpg 300w\" \/><\/div>\n<\/figure>\n<\/div>\n<h2 class=\"h2vistazo\">JURAMENTO SIN MEDIOS<\/h2>\n<div class=\"paragraph texto\">\n<p class=\"p_8\">En una ceremonia a la que no fueron convocados los medios de comunicaci\u00f3n,\u00a0<b>Noboa tom\u00f3 juramento a sus ministros en el Palacio de Carondelet.<\/b><\/p>\n<p class=\"p_9\">Permanecen en el gabinete de Noboa algunas de las personas de mayor confianza para el mandatario como la ministra de Relaciones Exteriores y Movilidad Humana,\u00a0<b>Gabriela Sommerfeld<\/b>; el ministro de Gobierno,\u00a0<b>Jos\u00e9 De la Gasca<\/b>; el ministro de Transportes y Comunicaciones,\u00a0<b>Roberto Luque<\/b>, y la ministra de Energ\u00eda y Minas, In\u00e9s Manzano.<\/p>\n<p class=\"p_10\">El anuncio del gabinete ministerial llega<u><b>\u00a0luego de cuatro d\u00edas<\/b><\/u>\u00a0de que se realizara la ceremonia de investidura del presidente Noboa, el pasado s\u00e1bado 24 de mayo.<\/p>\n<p class=\"p_11\">Ese d\u00eda se ten\u00eda previsto conocer los primeros decretos que marcar\u00edan la ruta del Gobierno, as\u00ed como el equipo que lo acompa\u00f1ar\u00e1 en esta nueva etapa. Sin embargo,\u00a0<b>el anuncio qued\u00f3 suspendido hasta hoy<\/b>. Fuente: Vistazo<\/p>\n<\/div>\n","protected":false},"excerpt":{"rendered":"<p>Luego de\u00a0varios d\u00edas de incertidumbre, el presidente\u00a0Daniel Noboa\u00a0revel\u00f3 las personas que formar\u00e1n parte de su equipo de trabajo.\u00a0Hay tan solo tres cambios en el gabinete ministerial. La gran mayor\u00eda de carteras de Estado seguir\u00e1n bajo el mando de los mismos funcionarios,\u00a0a excepci\u00f3n de tres entidades. El principal cambio es en el Ministerio de Salud\u00a0que era liderado por el abogado\u00a0\u00c9dgar Lama, ahora la entidad estar\u00e1 encabezada por\u00a0Juan Fernando S\u00e1nchez. Mientras que en el Ministerio de Ambiente estar\u00e1 Mar\u00eda Luisa Cruz, quien se ven\u00eda desempe\u00f1ando como viceministra del Agua, ahora asume la titularidad de la instituci\u00f3n. Por su parte,\u00a0Diana Paulina Ramirez Villacis\u00a0llega a la Secretar\u00eda Nacional de Planificaci\u00f3n. En cambio,\u00a0Harold Burbano, quien estaba al frente del Ministerio de Inclusi\u00f3n Econ\u00f3mica (MIES) como encargado, ahora toma la titularidad. Lo mismo ocurre con\u00a0Mar\u00eda de Lourdes Mu\u00f1oz Astudillo, quien se titulariza como secretaria de Ecuador Crece sin Desnutrici\u00f3n Infantil. JURAMENTO SIN MEDIOS En una ceremonia a la que no fueron convocados los medios de comunicaci\u00f3n,\u00a0Noboa tom\u00f3 juramento a sus ministros en el Palacio de Carondelet. Permanecen en el gabinete de Noboa algunas de las personas de mayor confianza para el mandatario como la ministra de Relaciones Exteriores y Movilidad Humana,\u00a0Gabriela Sommerfeld; el ministro de Gobierno,\u00a0Jos\u00e9 De la Gasca; el ministro de Transportes y Comunicaciones,\u00a0Roberto Luque, y la ministra de Energ\u00eda y Minas, In\u00e9s Manzano. El anuncio del gabinete ministerial llega\u00a0luego de cuatro d\u00edas\u00a0de que se realizara la ceremonia de investidura del presidente Noboa, el pasado s\u00e1bado 24 de mayo. Ese d\u00eda se ten\u00eda previsto conocer los primeros decretos que marcar\u00edan la ruta del Gobierno, as\u00ed como el equipo que lo acompa\u00f1ar\u00e1 en esta nueva etapa. Sin embargo,\u00a0el anuncio qued\u00f3 suspendido hasta hoy. Fuente: Vistazo<\/p>\n","protected":false},"author":1,"featured_media":23782,"comment_status":"open","ping_status":"open","sticky":false,"template":"","format":"standard","meta":{"footnotes":""},"categories":[268],"tags":[],"class_list":["post-23781","post","type-post","status-publish","format-standard","has-post-thumbnail","hentry","category-nacionales"],"_links":{"self":[{"href":"https:\/\/www.elamazonico.com\/portal\/wp-json\/wp\/v2\/posts\/23781","targetHints":{"allow":["GET"]}}],"collection":[{"href":"https:\/\/www.elamazonico.com\/portal\/wp-json\/wp\/v2\/posts"}],"about":[{"href":"https:\/\/www.elamazonico.com\/portal\/wp-json\/wp\/v2\/types\/post"}],"author":[{"embeddable":true,"href":"https:\/\/www.elamazonico.com\/portal\/wp-json\/wp\/v2\/users\/1"}],"replies":[{"embeddable":true,"href":"https:\/\/www.elamazonico.com\/portal\/wp-json\/wp\/v2\/comments?post=23781"}],"version-history":[{"count":1,"href":"https:\/\/www.elamazonico.com\/portal\/wp-json\/wp\/v2\/posts\/23781\/revisions"}],"predecessor-version":[{"id":23783,"href":"https:\/\/www.elamazonico.com\/portal\/wp-json\/wp\/v2\/posts\/23781\/revisions\/23783"}],"wp:featuredmedia":[{"embeddable":true,"href":"https:\/\/www.elamazonico.com\/portal\/wp-json\/wp\/v2\/media\/23782"}],"wp:attachment":[{"href":"https:\/\/www.elamazonico.com\/portal\/wp-json\/wp\/v2\/media?parent=23781"}],"wp:term":[{"taxonomy":"category","embeddable":true,"href":"https:\/\/www.elamazonico.com\/portal\/wp-json\/wp\/v2\/categories?post=23781"},{"taxonomy":"post_tag","embeddable":true,"href":"https:\/\/www.elamazonico.com\/portal\/wp-json\/wp\/v2\/tags?post=23781"}],"curies":[{"name":"wp","href":"https:\/\/api.w.org\/{rel}","templated":true}]}}