{"id":23775,"date":"2025-05-27T17:02:42","date_gmt":"2025-05-27T22:02:42","guid":{"rendered":"https:\/\/www.elamazonico.com\/portal\/?p=23775"},"modified":"2025-05-27T17:02:42","modified_gmt":"2025-05-27T22:02:42","slug":"estudiantes-amazonicos-reflexionan-sobre-la-migracion-riesgosa-en-el-festival-estudiantil-de-oratoria","status":"publish","type":"post","link":"https:\/\/www.elamazonico.com\/portal\/estudiantes-amazonicos-reflexionan-sobre-la-migracion-riesgosa-en-el-festival-estudiantil-de-oratoria\/","title":{"rendered":"\u00a0Estudiantes amaz\u00f3nicos reflexionan sobre la migraci\u00f3n riesgosa en el Festival Estudiantil de Oratoria"},"content":{"rendered":"<p><strong>Amazon\u00eda \/ Morona Santiago.-<\/strong> En un ambiente de profunda reflexi\u00f3n, pensamiento cr\u00edtico y expresi\u00f3n juvenil, el martes 27 de mayo se llev\u00f3 a cabo el Festival Amaz\u00f3nico Estudiantil de Oratoria, con el tema central: \u201cLa migraci\u00f3n riesgosa: causas, consecuencias y reflexiones\u201d. El evento, impulsado por la Casa de la Cultura Ecuatoriana Benjam\u00edn Carri\u00f3n, reuni\u00f3 a j\u00f3venes de diversas provincias de la regi\u00f3n amaz\u00f3nica, generando un espacio de an\u00e1lisis en torno a una problem\u00e1tica que afecta a miles de familias en el pa\u00eds y en el mundo.<\/p>\n<p>La jornada cont\u00f3 con la distinguida presencia de la viceprefecta de Morona Santiago, Daniela Vintimilla, quien en su intervenci\u00f3n valor\u00f3 la importancia de fomentar estos espacios de participaci\u00f3n juvenil que no solo fortalecen las competencias comunicativas, sino que tambi\u00e9n motivan a los estudiantes a construir un pensamiento cr\u00edtico y propositivo frente a los desaf\u00edos sociales contempor\u00e1neos.<\/p>\n<p>Participaron estudiantes de bachillerato de cinco provincias amaz\u00f3nicas: Sucumb\u00edos, Napo, Pastaza, Morona Santiago y Zamora Chinchipe, quienes, a trav\u00e9s de sus discursos, abordaron las m\u00faltiples dimensiones del fen\u00f3meno migratorio desde sus experiencias territoriales y contextos sociales.<\/p>\n<p>Desde la provincia de Morona Santiago, la representaci\u00f3n estuvo a cargo de la Unidad Educativa Emmanuel y el Colegio R\u00edo Upano del cant\u00f3n Suc\u00faa, cuyos estudiantes compartieron sus perspectivas sobre las causas estructurales de la migraci\u00f3n, los riesgos asociados al desplazamiento irregular, y los desaf\u00edos que enfrentan las juventudes frente a este fen\u00f3meno. Sus intervenciones se destacaron por su profundidad anal\u00edtica, sensibilidad social y dominio de la oratoria como herramienta de transformaci\u00f3n.<\/p>\n<p>La iniciativa se enmarca dentro de una propuesta regional de fortalecimiento de la identidad amaz\u00f3nica, el pensamiento cr\u00edtico y el liderazgo juvenil, donde el arte de la palabra se convierte en veh\u00edculo para la reflexi\u00f3n social y el empoderamiento estudiantil.<\/p>\n<p>La Casa de la Cultura Ecuatoriana, como entidad organizadora, reafirma su compromiso con la promoci\u00f3n de actividades culturales, educativas y formativas que permitan visibilizar las voces de las juventudes amaz\u00f3nicas, contribuyendo as\u00ed a la construcci\u00f3n de una sociedad m\u00e1s consciente, solidaria y participativa.<\/p>\n","protected":false},"excerpt":{"rendered":"<p>Amazon\u00eda \/ Morona Santiago.- En un ambiente de profunda reflexi\u00f3n, pensamiento cr\u00edtico y expresi\u00f3n juvenil, el martes 27 de mayo se llev\u00f3 a cabo el Festival Amaz\u00f3nico Estudiantil de Oratoria, con el tema central: \u201cLa migraci\u00f3n riesgosa: causas, consecuencias y reflexiones\u201d. El evento, impulsado por la Casa de la Cultura Ecuatoriana Benjam\u00edn Carri\u00f3n, reuni\u00f3 a j\u00f3venes de diversas provincias de la regi\u00f3n amaz\u00f3nica, generando un espacio de an\u00e1lisis en torno a una problem\u00e1tica que afecta a miles de familias en el pa\u00eds y en el mundo. La jornada cont\u00f3 con la distinguida presencia de la viceprefecta de Morona Santiago, Daniela Vintimilla, quien en su intervenci\u00f3n valor\u00f3 la importancia de fomentar estos espacios de participaci\u00f3n juvenil que no solo fortalecen las competencias comunicativas, sino que tambi\u00e9n motivan a los estudiantes a construir un pensamiento cr\u00edtico y propositivo frente a los desaf\u00edos sociales contempor\u00e1neos. Participaron estudiantes de bachillerato de cinco provincias amaz\u00f3nicas: Sucumb\u00edos, Napo, Pastaza, Morona Santiago y Zamora Chinchipe, quienes, a trav\u00e9s de sus discursos, abordaron las m\u00faltiples dimensiones del fen\u00f3meno migratorio desde sus experiencias territoriales y contextos sociales. Desde la provincia de Morona Santiago, la representaci\u00f3n estuvo a cargo de la Unidad Educativa Emmanuel y el Colegio R\u00edo Upano del cant\u00f3n Suc\u00faa, cuyos estudiantes compartieron sus perspectivas sobre las causas estructurales de la migraci\u00f3n, los riesgos asociados al desplazamiento irregular, y los desaf\u00edos que enfrentan las juventudes frente a este fen\u00f3meno. Sus intervenciones se destacaron por su profundidad anal\u00edtica, sensibilidad social y dominio de la oratoria como herramienta de transformaci\u00f3n. La iniciativa se enmarca dentro de una propuesta regional de fortalecimiento de la identidad amaz\u00f3nica, el pensamiento cr\u00edtico y el liderazgo juvenil, donde el arte de la palabra se convierte en veh\u00edculo para la reflexi\u00f3n social y el empoderamiento estudiantil. La Casa de la Cultura Ecuatoriana, como entidad organizadora, reafirma su compromiso con la promoci\u00f3n de actividades culturales, educativas y formativas que permitan visibilizar las voces de las juventudes amaz\u00f3nicas, contribuyendo as\u00ed a la construcci\u00f3n de una sociedad m\u00e1s consciente, solidaria y participativa.<\/p>\n","protected":false},"author":1,"featured_media":23776,"comment_status":"open","ping_status":"open","sticky":false,"template":"","format":"standard","meta":{"footnotes":""},"categories":[268],"tags":[],"class_list":["post-23775","post","type-post","status-publish","format-standard","has-post-thumbnail","hentry","category-nacionales"],"_links":{"self":[{"href":"https:\/\/www.elamazonico.com\/portal\/wp-json\/wp\/v2\/posts\/23775","targetHints":{"allow":["GET"]}}],"collection":[{"href":"https:\/\/www.elamazonico.com\/portal\/wp-json\/wp\/v2\/posts"}],"about":[{"href":"https:\/\/www.elamazonico.com\/portal\/wp-json\/wp\/v2\/types\/post"}],"author":[{"embeddable":true,"href":"https:\/\/www.elamazonico.com\/portal\/wp-json\/wp\/v2\/users\/1"}],"replies":[{"embeddable":true,"href":"https:\/\/www.elamazonico.com\/portal\/wp-json\/wp\/v2\/comments?post=23775"}],"version-history":[{"count":1,"href":"https:\/\/www.elamazonico.com\/portal\/wp-json\/wp\/v2\/posts\/23775\/revisions"}],"predecessor-version":[{"id":23777,"href":"https:\/\/www.elamazonico.com\/portal\/wp-json\/wp\/v2\/posts\/23775\/revisions\/23777"}],"wp:featuredmedia":[{"embeddable":true,"href":"https:\/\/www.elamazonico.com\/portal\/wp-json\/wp\/v2\/media\/23776"}],"wp:attachment":[{"href":"https:\/\/www.elamazonico.com\/portal\/wp-json\/wp\/v2\/media?parent=23775"}],"wp:term":[{"taxonomy":"category","embeddable":true,"href":"https:\/\/www.elamazonico.com\/portal\/wp-json\/wp\/v2\/categories?post=23775"},{"taxonomy":"post_tag","embeddable":true,"href":"https:\/\/www.elamazonico.com\/portal\/wp-json\/wp\/v2\/tags?post=23775"}],"curies":[{"name":"wp","href":"https:\/\/api.w.org\/{rel}","templated":true}]}}