{"id":23763,"date":"2025-05-27T10:32:38","date_gmt":"2025-05-27T15:32:38","guid":{"rendered":"https:\/\/www.elamazonico.com\/portal\/?p=23763"},"modified":"2025-05-27T10:32:38","modified_gmt":"2025-05-27T15:32:38","slug":"richard-carapaz-dio-el-salto-al-podio-del-giro-de-italia-2025","status":"publish","type":"post","link":"https:\/\/www.elamazonico.com\/portal\/richard-carapaz-dio-el-salto-al-podio-del-giro-de-italia-2025\/","title":{"rendered":"Richard Carapaz dio el salto al podio del Giro de Italia 2025"},"content":{"rendered":"<p id=\"m102-101-103\" class=\"paragraph \" data-mrf-recirculation=\"Links p\u00e1rrafos\">El martes 27 de mayo se cumpli\u00f3 con la denominada\u00a0<strong>etapa reina del Giro de Italia 2025<\/strong>\u00a0con un recorrido de 203 kil\u00f3metros entre Piazzola sul Brenta y San Valentino, con cinco duros ascensos que no dieron respiro a los ciclistas y que dej\u00f3 varias novedades.<\/p>\n<p id=\"m112-111-113\" class=\"paragraph \" data-mrf-recirculation=\"Links p\u00e1rrafos\"><strong>El tricolor Richard Carapaz demostr\u00f3 su fortaleza en la alta monta\u00f1a.<\/strong>\u00a0Atac\u00f3 en el pelot\u00f3n de favoritos a falta de seis kil\u00f3metros para la meta y lleg\u00f3 en la cuarta posici\u00f3n. Algo que no pudo hacer el espa\u00f1ol Juan Ayuso (UAE Team Emirates), quien fue el gran perjudicado de la jornada 16 de la ronda italiana.<\/p>\n<div id=\"standard_3\" class=\"st-placement standard_3 inArticle\">\n<div class=\"st-adunit-inarticle st-inarticle-slot\">\n<div class=\"st-adunit st-adunit-tagged st-reset st-show\">\n<div class=\"st-adunit-ad st-reset\">\n<div class=\"st-display-render st-reset open 320x480\">\n<div class=\"st-canvas st-reset horizontal-static\"><strong>La Locomotora del Carchi ascendi\u00f3 al tercer lugar y ahora est\u00e1 a 31 segundos del mexicano Isaac del Toro (UAE Team Emirates)<\/strong>, quien se mantiene como l\u00edder del Giro de Italia. la segunda casilla es para el brit\u00e1nico Simon Yates (Team Visma Lease a Bike)<\/div>\n<\/div>\n<\/div>\n<\/div>\n<\/div>\n<\/div>\n<div id=\"m122-121-123\" class=\"c-detail__free-html \">\n<div class=\"twitter-tweet twitter-tweet-rendered\"><iframe id=\"twitter-widget-0\" class=\"\" title=\"X Post\" src=\"https:\/\/platform.twitter.com\/embed\/Tweet.html?creatorScreenName=expresoec&amp;dnt=false&amp;embedId=twitter-widget-0&amp;features=eyJ0ZndfdGltZWxpbmVfbGlzdCI6eyJidWNrZXQiOltdLCJ2ZXJzaW9uIjpudWxsfSwidGZ3X2ZvbGxvd2VyX2NvdW50X3N1bnNldCI6eyJidWNrZXQiOnRydWUsInZlcnNpb24iOm51bGx9LCJ0ZndfdHdlZXRfZWRpdF9iYWNrZW5kIjp7ImJ1Y2tldCI6Im9uIiwidmVyc2lvbiI6bnVsbH0sInRmd19yZWZzcmNfc2Vzc2lvbiI6eyJidWNrZXQiOiJvbiIsInZlcnNpb24iOm51bGx9LCJ0ZndfZm9zbnJfc29mdF9pbnRlcnZlbnRpb25zX2VuYWJsZWQiOnsiYnVja2V0Ijoib24iLCJ2ZXJzaW9uIjpudWxsfSwidGZ3X21peGVkX21lZGlhXzE1ODk3Ijp7ImJ1Y2tldCI6InRyZWF0bWVudCIsInZlcnNpb24iOm51bGx9LCJ0ZndfZXhwZXJpbWVudHNfY29va2llX2V4cGlyYXRpb24iOnsiYnVja2V0IjoxMjA5NjAwLCJ2ZXJzaW9uIjpudWxsfSwidGZ3X3Nob3dfYmlyZHdhdGNoX3Bpdm90c19lbmFibGVkIjp7ImJ1Y2tldCI6Im9uIiwidmVyc2lvbiI6bnVsbH0sInRmd19kdXBsaWNhdGVfc2NyaWJlc190b19zZXR0aW5ncyI6eyJidWNrZXQiOiJvbiIsInZlcnNpb24iOm51bGx9LCJ0ZndfdXNlX3Byb2ZpbGVfaW1hZ2Vfc2hhcGVfZW5hYmxlZCI6eyJidWNrZXQiOiJvbiIsInZlcnNpb24iOm51bGx9LCJ0ZndfdmlkZW9faGxzX2R5bmFtaWNfbWFuaWZlc3RzXzE1MDgyIjp7ImJ1Y2tldCI6InRydWVfYml0cmF0ZSIsInZlcnNpb24iOm51bGx9LCJ0ZndfbGVnYWN5X3RpbWVsaW5lX3N1bnNldCI6eyJidWNrZXQiOnRydWUsInZlcnNpb24iOm51bGx9LCJ0ZndfdHdlZXRfZWRpdF9mcm9udGVuZCI6eyJidWNrZXQiOiJvbiIsInZlcnNpb24iOm51bGx9fQ%3D%3D&amp;frame=false&amp;hideCard=false&amp;hideThread=false&amp;id=1927379859484885319&amp;lang=es&amp;maxWidth=560px&amp;origin=https%3A%2F%2Fwww.expreso.ec%2Fdeportes%2Fgiro-italia-2025-richard-carapaz-dio-salto-podio-corsa-rosa-243893.html&amp;sessionId=2fbff57847b2d0fc43ab20fba9a314ee5473b0e9&amp;siteScreenName=expresoec&amp;theme=light&amp;widgetsVersion=2615f7e52b7e0%3A1702314776716&amp;width=550px\" frameborder=\"0\" scrolling=\"no\" allowfullscreen=\"allowfullscreen\" data-tweet-id=\"1927379859484885319\" data-mce-fragment=\"1\"><\/iframe><\/div>\n<\/div>\n<div id=\"m127-126-128\" class=\"highlight \" data-mrf-recirculation=\"Highlight\">\n<figure><img decoding=\"async\" class=\"lazy loaded\" src=\"https:\/\/imagenes.expreso.ec\/files\/image_218_143\/uploads\/2025\/05\/26\/683529886b98a.jpeg\" alt=\"Ecuador vs. Brasil, Ecuador vs. Per\u00fa, FEF, Tri, eliminatorias sudamericanas, Mundial 2026, Walter Ayov\u00ed, embajador\" width=\"218\" height=\"143\" data-type=\"src\" data-src=\"https:\/\/imagenes.expreso.ec\/files\/image_218_143\/uploads\/2025\/05\/26\/683529886b98a.jpeg\" data-was-processed=\"true\" \/><\/figure>\n<p id=\"m141-140-142\">Ecuador sum\u00f3 sorpresivo refuerzo para los juegos ante Brasil y Per\u00fa por eliminatorias<\/p>\n<p><a class=\"highlight-link\" href=\"https:\/\/www.expreso.ec\/deportes\/ecuador-sumo-refuerzo-juegos-brasil-peru-eliminatorias-243871.html\" data-mrf-link=\"https:\/\/www.expreso.ec\/deportes\/ecuador-sumo-refuerzo-juegos-brasil-peru-eliminatorias-243871.html\">Leer m\u00e1s<\/a><\/div>\n<p id=\"m158-157-159\" class=\"paragraph \" data-mrf-recirculation=\"Links p\u00e1rrafos\"><strong>La etapa reina tambi\u00e9n dej\u00f3 fuera de competencia al esloveno Primoz Roglic (Red Bull Bora)<\/strong>, uno de los favoritos para ganar la Corsa Rosa, quien se baj\u00f3 de la bicicleta a 95 kil\u00f3metros de meta. Las ca\u00eddas y los problemas en el equipo le hicieron perder contacto con los l\u00edderes de la clasificaci\u00f3n general.<\/p>\n<blockquote id=\"m163-162-164\">\n<h2 id=\"m168-167-169\" class=\"c-detail__destacado \">Lo que se viene en la etapa 17 del Giro<\/h2>\n<\/blockquote>\n<p id=\"m173-172-174\" class=\"paragraph \" data-mrf-recirculation=\"Links p\u00e1rrafos\">El mi\u00e9rcoles 28 de mayo se cumplir\u00e1 con la\u00a0<strong>etapa 17, con perfil de media monta\u00f1a, en la que los ciclistas deber\u00e1n recorrer 155 kil\u00f3metros.\u00a0<\/strong>Corta, pero explosiva, entre las localidades de San Michele all&#8217;Adige y Bormio.<\/p>\n<p id=\"m178-177-179\" class=\"paragraph \" data-mrf-recirculation=\"Links p\u00e1rrafos\">Lleva el sello del Passo del Tonale (puerto de segunda categor\u00eda) y del\u00a0<strong>temible Mortirolo (primera categor\u00eda),<\/strong>\u00a0si bien no se ascender\u00e1 por su vertiente m\u00e1s dura. Antes de Bormio, enfrentar\u00e1n uno de tercera, Le Motte.<\/p>\n<p id=\"m183-182-184\" class=\"paragraph \" data-mrf-recirculation=\"Links p\u00e1rrafos\">Richard Carapaz buscar\u00e1 dar otro paso en su objetivo de\u00a0<strong>ganar por segunda ocasi\u00f3n el Giro de Italia. Fuente: Expreso<\/strong><\/p>\n","protected":false},"excerpt":{"rendered":"<p>El martes 27 de mayo se cumpli\u00f3 con la denominada\u00a0etapa reina del Giro de Italia 2025\u00a0con un recorrido de 203 kil\u00f3metros entre Piazzola sul Brenta y San Valentino, con cinco duros ascensos que no dieron respiro a los ciclistas y que dej\u00f3 varias novedades. El tricolor Richard Carapaz demostr\u00f3 su fortaleza en la alta monta\u00f1a.\u00a0Atac\u00f3 en el pelot\u00f3n de favoritos a falta de seis kil\u00f3metros para la meta y lleg\u00f3 en la cuarta posici\u00f3n. Algo que no pudo hacer el espa\u00f1ol Juan Ayuso (UAE Team Emirates), quien fue el gran perjudicado de la jornada 16 de la ronda italiana. La Locomotora del Carchi ascendi\u00f3 al tercer lugar y ahora est\u00e1 a 31 segundos del mexicano Isaac del Toro (UAE Team Emirates), quien se mantiene como l\u00edder del Giro de Italia. la segunda casilla es para el brit\u00e1nico Simon Yates (Team Visma Lease a Bike) Ecuador sum\u00f3 sorpresivo refuerzo para los juegos ante Brasil y Per\u00fa por eliminatorias Leer m\u00e1s La etapa reina tambi\u00e9n dej\u00f3 fuera de competencia al esloveno Primoz Roglic (Red Bull Bora), uno de los favoritos para ganar la Corsa Rosa, quien se baj\u00f3 de la bicicleta a 95 kil\u00f3metros de meta. Las ca\u00eddas y los problemas en el equipo le hicieron perder contacto con los l\u00edderes de la clasificaci\u00f3n general. Lo que se viene en la etapa 17 del Giro El mi\u00e9rcoles 28 de mayo se cumplir\u00e1 con la\u00a0etapa 17, con perfil de media monta\u00f1a, en la que los ciclistas deber\u00e1n recorrer 155 kil\u00f3metros.\u00a0Corta, pero explosiva, entre las localidades de San Michele all&#8217;Adige y Bormio. Lleva el sello del Passo del Tonale (puerto de segunda categor\u00eda) y del\u00a0temible Mortirolo (primera categor\u00eda),\u00a0si bien no se ascender\u00e1 por su vertiente m\u00e1s dura. Antes de Bormio, enfrentar\u00e1n uno de tercera, Le Motte. Richard Carapaz buscar\u00e1 dar otro paso en su objetivo de\u00a0ganar por segunda ocasi\u00f3n el Giro de Italia. Fuente: Expreso<\/p>\n","protected":false},"author":1,"featured_media":23764,"comment_status":"open","ping_status":"open","sticky":false,"template":"","format":"standard","meta":{"footnotes":""},"categories":[6,268],"tags":[],"class_list":["post-23763","post","type-post","status-publish","format-standard","has-post-thumbnail","hentry","category-deportes","category-nacionales"],"_links":{"self":[{"href":"https:\/\/www.elamazonico.com\/portal\/wp-json\/wp\/v2\/posts\/23763","targetHints":{"allow":["GET"]}}],"collection":[{"href":"https:\/\/www.elamazonico.com\/portal\/wp-json\/wp\/v2\/posts"}],"about":[{"href":"https:\/\/www.elamazonico.com\/portal\/wp-json\/wp\/v2\/types\/post"}],"author":[{"embeddable":true,"href":"https:\/\/www.elamazonico.com\/portal\/wp-json\/wp\/v2\/users\/1"}],"replies":[{"embeddable":true,"href":"https:\/\/www.elamazonico.com\/portal\/wp-json\/wp\/v2\/comments?post=23763"}],"version-history":[{"count":1,"href":"https:\/\/www.elamazonico.com\/portal\/wp-json\/wp\/v2\/posts\/23763\/revisions"}],"predecessor-version":[{"id":23765,"href":"https:\/\/www.elamazonico.com\/portal\/wp-json\/wp\/v2\/posts\/23763\/revisions\/23765"}],"wp:featuredmedia":[{"embeddable":true,"href":"https:\/\/www.elamazonico.com\/portal\/wp-json\/wp\/v2\/media\/23764"}],"wp:attachment":[{"href":"https:\/\/www.elamazonico.com\/portal\/wp-json\/wp\/v2\/media?parent=23763"}],"wp:term":[{"taxonomy":"category","embeddable":true,"href":"https:\/\/www.elamazonico.com\/portal\/wp-json\/wp\/v2\/categories?post=23763"},{"taxonomy":"post_tag","embeddable":true,"href":"https:\/\/www.elamazonico.com\/portal\/wp-json\/wp\/v2\/tags?post=23763"}],"curies":[{"name":"wp","href":"https:\/\/api.w.org\/{rel}","templated":true}]}}