{"id":23760,"date":"2025-05-27T10:24:33","date_gmt":"2025-05-27T15:24:33","guid":{"rendered":"https:\/\/www.elamazonico.com\/portal\/?p=23760"},"modified":"2025-05-27T10:24:33","modified_gmt":"2025-05-27T15:24:33","slug":"el-controversial-abogado-de-alias-negro-willy-y-su-estrategia-para-frenar-su-extradicion","status":"publish","type":"post","link":"https:\/\/www.elamazonico.com\/portal\/el-controversial-abogado-de-alias-negro-willy-y-su-estrategia-para-frenar-su-extradicion\/","title":{"rendered":"El controversial abogado de alias \u2018Negro Willy\u2019 y su estrategia para frenar su extradici\u00f3n"},"content":{"rendered":"<div class=\"paragraph texto\">\n<p class=\"p_0\">Alias<b>\u00a0<a href=\"https:\/\/www.vistazo.com\/actualidad\/internacional\/2025-04-24-alias-negro-willy-los-tiguerones-pidio-espana-no-ser-extraditado-ecuador-NJ9209917\">\u2018Negro Willy\u2019\u00a0<\/a>o \u2018Comandante Willy\u2019<\/b>, acusado del\u00a0<u>asalto terrorista en el canal TC Televisi\u00f3n<\/u>\u00a0y pedido en\u00a0<u>extradici\u00f3n<\/u>\u00a0por Ecuador, es defendido en Espa\u00f1a por\u00a0<b>Gonzalo Boye Tuset<\/b>, un pol\u00e9mico abogado que ha representado desde narcotraficantes hasta pol\u00edticos. Incluso form\u00f3 parte del equipo jur\u00eddico del exagente de la CIA,\u00a0<b><a href=\"https:\/\/www.vistazo.com\/actualidad\/el-exanalista-edward-snowden-se-plantea-volver-eeuu-IUVI2587\">Edward Snowden<\/a><\/b>. Pero este jurista no solo ha sido defensor, sino tambi\u00e9n procesado: fue sentenciado por secuestro y, actualmente, es se\u00f1alado por el\u00a0<u><b>presunto delito de lavado de dinero<\/b><\/u>.<\/p>\n<p class=\"p_1\">Willian Joffre Alc\u00edvar Bautista, el nombre original del l\u00edder de la banda delictiva\u00a0<b><a href=\"https:\/\/www.vistazo.com\/actualidad\/nacional\/2024-10-29-narcocultura-tiguerones-reclutan-jovenes-unirlos-filas-CA8222352\">\u2018Los Tiguerones\u2019<\/a><\/b>, fue capturado en octubre del 2024 en una zona portuaria de Catalu\u00f1a, al noreste de Espa\u00f1a. Con \u00e9l cay\u00f3 su hermano \u00c1lex Alc\u00edvar Bautista,\u00a0<u><b>alias \u2018Ronco\u2019<\/b><\/u>, segundo al mando de la organizaci\u00f3n criminal.<\/p>\n<p class=\"p_3\">Los dos habitaban un lujoso apartamento de la localidad de Tarragona con documentaci\u00f3n falsa. Una fuente le dijo a la agencia EFE que\u00a0<u><b>\u201cllevaban un ritmo de vida muy elevado\u201d<\/b><\/u>\u00a0y dispon\u00edan de autos de alta gama, joyas y ropa de marca.<\/p>\n<div class=\"Center2Display\">\n<div id=\"Center2\" data-google-query-id=\"CN2t94H6w40DFbTilAkdRx4f3g\">\n<div id=\"google_ads_iframe_\/21839199781\/Vistazo\/Vistazo_Center2_0__container__\">Tras su detenci\u00f3n, los cabecillas quedaron en prisi\u00f3n preventiva y en noviembre de ese a\u00f1o las autoridades ecuatorianas pidieron la <b>extradici\u00f3n<\/b>\u00a0de \u2018Negro Willy\u2019, pero el proceso ha sufrido demoras.<\/div>\n<\/div>\n<\/div>\n<p class=\"p_5\">El abogado del l\u00edder criminal,\u00a0<b>Gonzalo Boye,\u00a0<\/b>quien incluso ha llegado a la pantalla con dos pel\u00edculas sobre su vida, solicit\u00f3 en enero del 2025 la suspensi\u00f3n de la extradici\u00f3n porque argumentaba que no hab\u00eda la suficiente informaci\u00f3n sobre la identificaci\u00f3n del procesado y el traslado del caso de Guayaquil a Quito.<\/p>\n<p class=\"p_6\">De hecho,\u00a0<u><b>pidi\u00f3 al Tribunal espa\u00f1ol que requiera a la Fiscal\u00eda y Defensor\u00eda P\u00fablica de Ecuador una larga lista de datos<\/b><\/u>. Sin embargo, la Sala determin\u00f3 que la documentaci\u00f3n remitida era suficiente para adoptar una decisi\u00f3n, seg\u00fan se lee en un informe judicial al que accedi\u00f3 Vistazo.<\/p>\n<p class=\"p_7\">Mientras que en abril se conoci\u00f3 que \u2018Negro Willy\u2019 rechaz\u00f3 la extradici\u00f3n y declar\u00f3 que su vida correr\u00eda<u><b><a href=\"https:\/\/www.vistazo.com\/actualidad\/internacional\/2025-04-24-alias-negro-willy-los-tiguerones-pidio-espana-no-ser-extraditado-ecuador-NJ9209917\">\u00a0\u201cmucho peligro\u201d\u00a0<\/a><\/b><\/u>pues el Gobierno de su pa\u00eds \u201cno es justo\u201d.<\/p>\n<p class=\"p_8\">\n<\/div>\n<div class=\"multimediaMacroWrapper img lateral\">\n<figure class=\"contentMedia art-img\">\n<div><img fetchpriority=\"high\" decoding=\"async\" class=\" lazyloaded\" title=\"Los hermanos Alc\u00edvar Bautista viv\u00edan en Espa\u00f1a con todos los lujos.\" src=\"https:\/\/www.vistazo.com\/placeholder\/svg\/viewbox\/768x768\" sizes=\"100vw\" srcset=\"\/\/www.vistazo.com\/binrepository\/768x768\/0c0\/0d0\/none\/12727\/WJLW\/heriberto-1-1821057-20241025102635_2213333_20250526100306.jpg 768w,\/\/www.vistazo.com\/binrepository\/640x640\/0c0\/0d0\/none\/12727\/WJLW\/heriberto-1-1821057-20241025102635_2213333_20250526100306.jpg 640w,\/\/www.vistazo.com\/binrepository\/512x512\/0c0\/0d0\/none\/12727\/WJLW\/heriberto-1-1821057-20241025102635_2213333_20250526100306.jpg 512w,\/\/www.vistazo.com\/binrepository\/384x384\/0c0\/0d0\/none\/12727\/WJLW\/heriberto-1-1821057-20241025102635_2213333_20250526100306.jpg 384w,\/\/www.vistazo.com\/binrepository\/300x300\/0c0\/0d0\/none\/12727\/WJLW\/heriberto-1-1821057-20241025102635_2213333_20250526100306.jpg 300w\" alt=\"$!Los hermanos Alc\u00edvar Bautista viv\u00edan en Espa\u00f1a con todos los lujos.\" width=\"768\" height=\"768\" data-srcset=\"\/\/www.vistazo.com\/binrepository\/768x768\/0c0\/0d0\/none\/12727\/WJLW\/heriberto-1-1821057-20241025102635_2213333_20250526100306.jpg 768w,\/\/www.vistazo.com\/binrepository\/640x640\/0c0\/0d0\/none\/12727\/WJLW\/heriberto-1-1821057-20241025102635_2213333_20250526100306.jpg 640w,\/\/www.vistazo.com\/binrepository\/512x512\/0c0\/0d0\/none\/12727\/WJLW\/heriberto-1-1821057-20241025102635_2213333_20250526100306.jpg 512w,\/\/www.vistazo.com\/binrepository\/384x384\/0c0\/0d0\/none\/12727\/WJLW\/heriberto-1-1821057-20241025102635_2213333_20250526100306.jpg 384w,\/\/www.vistazo.com\/binrepository\/300x300\/0c0\/0d0\/none\/12727\/WJLW\/heriberto-1-1821057-20241025102635_2213333_20250526100306.jpg 300w\" \/><\/div>\n<div class=\"cutline-byline\"><span class=\"cutline-text\">Los hermanos Alc\u00edvar Bautista viv\u00edan en Espa\u00f1a con todos los lujos.<\/span>\u00a0<span class=\"byline-image\">(Fotos: Polic\u00eda )<\/span><\/div>\n<\/figure>\n<\/div>\n<h2 class=\"h2vistazo\">ALEGATOS DEL ABOGADO BOYE<\/h2>\n<div class=\"paragraph texto\">\n<p class=\"p_9\">Por su parte, el defensor de &#8216;Negro Willy&#8217;, Gonzalo Boye, quien fue parte de un movimiento izquierdista de Espa\u00f1a, present\u00f3 varios alegatos basados en la violencia que atraviesa el Ecuador, pero sobre todo hizo hincapi\u00e9 en la falta de control de las c\u00e1rceles con base a un informe de la\u00a0<b>Comisi\u00f3n Interamericana de Derechos Humanos (CIDH)<\/b>.<\/p>\n<\/div>\n<div class=\"Citavistazo\">\u201cEl reclamado ser\u00eda objeto de un tratamiento penitenciario degradante bajo una l\u00f3gica de culpabilidad anticipada, fuera del marco de la legalidad y sin posibilidad real de reclamar sus derechos\u201d, apunt\u00f3 Gonzalo Boye, seg\u00fan cita la resoluci\u00f3n final del Tribunal.<\/div>\n<div class=\"paragraph texto\">\n<p class=\"p_10\">Por ello, el letrado propuso que, en caso de que se pretenda continuar con la entrega, se solicite a las autoridades reclamantes\u00a0<u>garant\u00edas para que la vida de su defendido no corrierra peligro<\/u>\u00a0y que estas sean avaladas por la CIDH.<\/p>\n<p class=\"p_11\">Es as\u00ed que, a inicios de mayo,\u00a0<a href=\"https:\/\/www.vistazo.com\/actualidad\/internacional\/2025-05-07-espana-garantias-ecuador-extraditar-comandante-willy-lider-tiguerones-BB9298928\">el Tribunal condicion\u00f3 la entrega de \u2018Negro Willy\u2019<\/a>\u00a0a que en un\u00a0<b>plazo de tres meses<\/b>, las autoridades ecuatorianas presenten garant\u00edas de que se han adoptado medidas para proteger la integridad de los reclusos, siguiendo las recomendaciones de la CIDH, y de que la situaci\u00f3n en los centros penitenciarios se ha normalizado.<\/p>\n<p class=\"p_12\">Los jueces manifestaron que no se encontraban \u201cante alegaciones de meros riesgos gen\u00e9ricos de violaci\u00f3n de los derechos humanos del reclamado,<u><b>\u00a0sino ante un peligro concreto<\/b><\/u>\u201d que requiere su evitaci\u00f3n.<\/p>\n<p class=\"p_13\">El plazo corre desde la notificaci\u00f3n de la resoluci\u00f3n, que ya fue enviada a la Subdirecci\u00f3n General de Cooperaci\u00f3n Jur\u00eddica Internacional del Ministerio de Justicia de Espa\u00f1a y al Servicio de Interpol, para su comunicaci\u00f3n a las autoridades de Ecuador. Sin embargo, hasta el pasado lunes, la Corte Nacional de Justicia (CNJ)\u00a0<u><b>no hab\u00eda recibido ning\u00fan documento<\/b><\/u>.<\/p>\n<p class=\"p_14\">Mientras tanto, la defensa de \u2018Negro Willy\u2019\u00a0<u><b>interpuso un recurso de s\u00faplica (apelaci\u00f3n)<\/b><\/u>\u00a0ante el Pleno de la Sala Penal, seg\u00fan inform\u00f3 la Audiencia Nacional de Espa\u00f1a a Vistazo.<\/p>\n<p class=\"p_15\">Agreg\u00f3 que \u00c1lex Alc\u00edvar Bautista, alias \u2018Ronco\u2019, \u201ctambi\u00e9n est\u00e1 reclamado en extradici\u00f3n por Ecuador y\u00a0<u><b>pr\u00f3ximamente se celebrar\u00e1 una vista (audiencia)<\/b><\/u>\u00a0para estudiar las alegaciones de las partes antes de decidir sobre su entrega\u201d.<\/p>\n<p class=\"p_16\">\n<\/div>\n<div class=\"multimediaMacroWrapper img lateral\">\n<figure class=\"contentMedia art-img\">\n<div><img decoding=\"async\" class=\" lazyloaded\" title=\"Resoluci\u00f3n final del tribunal que conoce el caso de alias 'Negro Willy'.\" src=\"https:\/\/www.vistazo.com\/placeholder\/svg\/viewbox\/768x768\" sizes=\"100vw\" srcset=\"\/\/www.vistazo.com\/binrepository\/768x768\/0c0\/0d0\/none\/12727\/ARAD\/23_2213334_20250527090402.jpg 768w,\/\/www.vistazo.com\/binrepository\/640x640\/0c0\/0d0\/none\/12727\/ARGN\/23_2213334_20250527090402.jpg 640w,\/\/www.vistazo.com\/binrepository\/512x512\/0c0\/0d0\/none\/12727\/ARNG\/23_2213334_20250527090402.jpg 512w,\/\/www.vistazo.com\/binrepository\/384x384\/0c0\/0d0\/none\/12727\/ARXF\/23_2213334_20250527090402.jpg 384w,\/\/www.vistazo.com\/binrepository\/300x300\/0c0\/0d0\/none\/12727\/ARKJ\/23_2213334_20250527090402.jpg 300w\" alt=\"$!Resoluci\u00f3n final del tribunal que conoce el caso de alias 'Negro Willy'.\" width=\"768\" height=\"768\" data-srcset=\"\/\/www.vistazo.com\/binrepository\/768x768\/0c0\/0d0\/none\/12727\/ARAD\/23_2213334_20250527090402.jpg 768w,\/\/www.vistazo.com\/binrepository\/640x640\/0c0\/0d0\/none\/12727\/ARGN\/23_2213334_20250527090402.jpg 640w,\/\/www.vistazo.com\/binrepository\/512x512\/0c0\/0d0\/none\/12727\/ARNG\/23_2213334_20250527090402.jpg 512w,\/\/www.vistazo.com\/binrepository\/384x384\/0c0\/0d0\/none\/12727\/ARXF\/23_2213334_20250527090402.jpg 384w,\/\/www.vistazo.com\/binrepository\/300x300\/0c0\/0d0\/none\/12727\/ARKJ\/23_2213334_20250527090402.jpg 300w\" \/><\/div>\n<div class=\"cutline-byline\"><span class=\"cutline-text\">Resoluci\u00f3n final del tribunal que conoce el caso de alias &#8216;Negro Willy&#8217;.\u00a0<\/span><span class=\"byline-image\">(Foto: captura )<\/span><\/div>\n<\/figure>\n<\/div>\n<h2 class=\"h2vistazo\">\u00bfQUI\u00c9N ES GONZALO BOYE?<\/h2>\n<div class=\"paragraph texto\">\n<p class=\"p_17\">Alias \u2018Negro Willy\u2019 es representado por Gonzalo Boye, un abogado, empresario, profesor y editor de origen chileno, que usualmente\u00a0<b>acapara titulares en Espa\u00f1a<\/b>\u00a0por la amplia gama de casos que tiene a su cargo.<\/p>\n<p class=\"p_18\">Boye, de 60 a\u00f1os, estudi\u00f3 Ciencias Pol\u00edticas y Econom\u00eda en la Universidad alemana de Heidelberg, pero no culmin\u00f3 la carrera y se traslad\u00f3 a Espa\u00f1a para formar parte del Movimiento de Izquierda Revolucionaria (MIR). En 1992 fue detenido como sospechoso de participar en el\u00a0<b>secuestro de un empresario<\/b>, delito en el que estuvo implicado el grupo terrorista<u><b>\u00a0ETA<\/b><\/u>.<\/p>\n<p class=\"p_19\">El entonces economista fue sentenciado a 14 a\u00f1os de prisi\u00f3n.\u00a0<u>En su tiempo como recluso, estudi\u00f3 Derecho\u00a0<\/u>y en el 2000, seis a\u00f1os despu\u00e9s de ingresar a la c\u00e1rcel, fue puesto en libertad.<\/p>\n<p class=\"p_20\">Desde entonces, ha defendido narcotraficantes, contrabandistas, pol\u00edticos, periodistas, un rapero y hasta al exagente de la CIA,\u00a0<b>Edward Snowden<\/b>\u00a0y las revelaciones sobre la red de vigilancia mundial.<\/p>\n<p class=\"p_21\">Entre los casos m\u00e1s recientes de los que forma parte destaca el de\u00a0<b>Carles Puigdemont<\/b>, expresidente de la Generalidad de Catalu\u00f1a y principal impulsor independentista de esa regi\u00f3n espa\u00f1ola, quien huy\u00f3 a B\u00e9lgica tras un refer\u00e9ndum ilegal por el que lo acusaron de rebeli\u00f3n, sedici\u00f3n y malversaci\u00f3n.<\/p>\n<p class=\"p_22\">Boye tambi\u00e9n ha sido noticia en estos d\u00edas en Colombia porque es abogado de Diego Mar\u00edn Buitrago,\u00a0<u><b>alias \u2018Pap\u00e1 Pitufo\u2019<\/b><\/u>, el zar del contrabando desde hace d\u00e9cadas y escondido en Portugal. Actualmente, es pedido en extradici\u00f3n al igual que el ecuatoriano \u2018Negro Willy\u2019.<\/p>\n<p class=\"p_23\">Seg\u00fan<a href=\"https:\/\/www.wradio.com.co\/2025\/02\/12\/gonzalo-boye-el-abogado-en-espana-de-papa-pitufo\/\" rel=\"nofollow\">\u00a0W Radio de Colombia<\/a>, el jurista\u00a0<b>consigui\u00f3 que \u2018Pap\u00e1 Pitufo\u2019 saliera en libertad condicional<\/b>\u00a0tras ser detenido en Valencia (Espa\u00f1a) mientras la justicia analizaba el pedido de extradici\u00f3n. Sin embargo, al poco tiempo huy\u00f3 a Portugal y lo recapturaron en diciembre pasado.<\/p>\n<p class=\"p_24\">Su regreso a Colombia a\u00fan es incierto. De hecho, el propio presidente\u00a0<b>Gustavo Petro<\/b>\u00a0ha hecho gestiones con el mandatario espa\u00f1ol Pedro S\u00e1nchez y con el primer ministro de Portugal Lu\u00eds Montenegro, pero nada ha funcionado, seg\u00fan indica el portal\u00a0<a href=\"https:\/\/www.elcolombiano.com\/colombia\/gonzalo-boye-polemico-abogado-de-papa-pitufo-NH26742780\" rel=\"nofollow\">El Colombiano<\/a>.<\/p>\n<\/div>\n<div class=\"multimediaMacroWrapper img lateral\">\n<figure class=\"contentMedia art-img\">\n<div><img decoding=\"async\" class=\" lazyloaded\" title=\"Gonzalo Boye acapara titulares en Espa\u00f1a.\" src=\"https:\/\/www.vistazo.com\/placeholder\/svg\/viewbox\/768x768\" sizes=\"100vw\" srcset=\"\/\/www.vistazo.com\/binrepository\/768x768\/0c0\/0d0\/none\/12727\/BTAD\/24_2213335_20250527091000.jpg 768w,\/\/www.vistazo.com\/binrepository\/640x640\/0c0\/0d0\/none\/12727\/BTGN\/24_2213335_20250527091000.jpg 640w,\/\/www.vistazo.com\/binrepository\/512x512\/0c0\/0d0\/none\/12727\/BTNG\/24_2213335_20250527091000.jpg 512w,\/\/www.vistazo.com\/binrepository\/384x384\/0c0\/0d0\/none\/12727\/BTXF\/24_2213335_20250527091000.jpg 384w,\/\/www.vistazo.com\/binrepository\/300x300\/0c0\/0d0\/none\/12727\/BTKJ\/24_2213335_20250527091000.jpg 300w\" alt=\"$!Gonzalo Boye acapara titulares en Espa\u00f1a.\" width=\"768\" height=\"768\" data-srcset=\"\/\/www.vistazo.com\/binrepository\/768x768\/0c0\/0d0\/none\/12727\/BTAD\/24_2213335_20250527091000.jpg 768w,\/\/www.vistazo.com\/binrepository\/640x640\/0c0\/0d0\/none\/12727\/BTGN\/24_2213335_20250527091000.jpg 640w,\/\/www.vistazo.com\/binrepository\/512x512\/0c0\/0d0\/none\/12727\/BTNG\/24_2213335_20250527091000.jpg 512w,\/\/www.vistazo.com\/binrepository\/384x384\/0c0\/0d0\/none\/12727\/BTXF\/24_2213335_20250527091000.jpg 384w,\/\/www.vistazo.com\/binrepository\/300x300\/0c0\/0d0\/none\/12727\/BTKJ\/24_2213335_20250527091000.jpg 300w\" \/><\/div>\n<div class=\"cutline-byline\"><span class=\"cutline-text\">Gonzalo Boye acapara titulares en Espa\u00f1a.\u00a0<\/span><span class=\"byline-image\">(Fotos: medios locales )<\/span><\/div>\n<\/figure>\n<\/div>\n<h2 class=\"h2vistazo\">PRESUNTO LAVADO Y PEL\u00cdCULAS<\/h2>\n<div class=\"paragraph texto\">\n<p class=\"p_26\">El abogado Boye tambi\u00e9n fue llamado a juicio por\u00a0<b>presunto blanqueo de dinero (lavado)<\/b>\u00a0para Jos\u00e9 Ram\u00f3n Prado Bugallo, alias\u00a0<u><b>Sito Mi\u00f1aco<\/b><\/u>, un legendario narcotraficante espa\u00f1ol que seguir\u00eda operando desde la c\u00e1rcel.<\/p>\n<p class=\"p_27\">La Fiscal\u00eda pide casi 10 a\u00f1os de c\u00e1rcel para el jurista por el delito de blanqueo y otro por falsificaci\u00f3n de documentos. El Pa\u00eds narra que Boye habr\u00eda asesorado a la organizaci\u00f3n del narco para\u00a0<u><b>\u201cconfeccionar unos contratos de compraventa de unas letras de cambio\u201d\u00a0<\/b><\/u>con la idea de recuperar 890.000 euros (m\u00e1s de medio mill\u00f3n de d\u00f3lares), confiscados por la Polic\u00eda en el aeropuerto Adolfo Su\u00e1rez de Madrid-Barajas.<\/p>\n<p class=\"p_28\">El letrado, por su parte, argumenta que todo se trata de una persecuci\u00f3n por haber defendido l\u00edderes independentistas y que las acusaciones en su contra est\u00e1n basadas en\u00a0<b>hip\u00f3tesis especulativas del fiscal.<\/b><\/p>\n<p class=\"p_29\">De hecho, el pol\u00e9mico abogado se autocalifica como v\u00edctima de\u00a0<b>\u2018lawfare\u2019<\/b>. En una columna de opini\u00f3n para El Nacional escribi\u00f3 que este fen\u00f3meno \u201cno se limita a los l\u00edderes pol\u00edticos, sino que tambi\u00e9n ataca a quienes los defienden\u201d.<\/p>\n<\/div>\n<div class=\"Citavistazo\">\u201cLa estrategia de criminalizaci\u00f3n en mi contra busca no solo da\u00f1arme y destruirme, sino enviar un mensaje a cualquier abogado que se atreva a enfrentarse al Estado: defender el independentismo tiene un precio\u201d, apunt\u00f3 Boye.<\/div>\n<div class=\"paragraph texto\">\n<p class=\"p_30\">Y es que este abogado tambi\u00e9n ha trabajado para varios medios como\u00a0<u>El Diario de Espa\u00f1a<\/u>. Adem\u00e1s, fue cofundador de la revista\u00a0<b>sat\u00edrica \u2018Mongolia\u2019<\/b>, tambi\u00e9n denunciada por portadas ofensivas contra grupos religiosos.<\/p>\n<p class=\"p_31\">En fin, Gonzalo Boye, el defensor de \u2018Negro Willy\u2019, es todo un personaje e\u00a0<u><b>incluso tiene dos pel\u00edculas sobre su vida<\/b><\/u>. El tr\u00e1iler del largometraje denominado \u2018Boye\u2019 culmina diciendo: \u201cEste hombre es querido y odiado por algunas de estas razones, pero esto es solo el principio\u201d. <strong>Fuente: Vistazo<\/strong><\/p>\n<\/div>\n","protected":false},"excerpt":{"rendered":"<p>Alias\u00a0\u2018Negro Willy\u2019\u00a0o \u2018Comandante Willy\u2019, acusado del\u00a0asalto terrorista en el canal TC Televisi\u00f3n\u00a0y pedido en\u00a0extradici\u00f3n\u00a0por Ecuador, es defendido en Espa\u00f1a por\u00a0Gonzalo Boye Tuset, un pol\u00e9mico abogado que ha representado desde narcotraficantes hasta pol\u00edticos. Incluso form\u00f3 parte del equipo jur\u00eddico del exagente de la CIA,\u00a0Edward Snowden. Pero este jurista no solo ha sido defensor, sino tambi\u00e9n procesado: fue sentenciado por secuestro y, actualmente, es se\u00f1alado por el\u00a0presunto delito de lavado de dinero. Willian Joffre Alc\u00edvar Bautista, el nombre original del l\u00edder de la banda delictiva\u00a0\u2018Los Tiguerones\u2019, fue capturado en octubre del 2024 en una zona portuaria de Catalu\u00f1a, al noreste de Espa\u00f1a. Con \u00e9l cay\u00f3 su hermano \u00c1lex Alc\u00edvar Bautista,\u00a0alias \u2018Ronco\u2019, segundo al mando de la organizaci\u00f3n criminal. Los dos habitaban un lujoso apartamento de la localidad de Tarragona con documentaci\u00f3n falsa. Una fuente le dijo a la agencia EFE que\u00a0\u201cllevaban un ritmo de vida muy elevado\u201d\u00a0y dispon\u00edan de autos de alta gama, joyas y ropa de marca. Tras su detenci\u00f3n, los cabecillas quedaron en prisi\u00f3n preventiva y en noviembre de ese a\u00f1o las autoridades ecuatorianas pidieron la extradici\u00f3n\u00a0de \u2018Negro Willy\u2019, pero el proceso ha sufrido demoras. El abogado del l\u00edder criminal,\u00a0Gonzalo Boye,\u00a0quien incluso ha llegado a la pantalla con dos pel\u00edculas sobre su vida, solicit\u00f3 en enero del 2025 la suspensi\u00f3n de la extradici\u00f3n porque argumentaba que no hab\u00eda la suficiente informaci\u00f3n sobre la identificaci\u00f3n del procesado y el traslado del caso de Guayaquil a Quito. De hecho,\u00a0pidi\u00f3 al Tribunal espa\u00f1ol que requiera a la Fiscal\u00eda y Defensor\u00eda P\u00fablica de Ecuador una larga lista de datos. Sin embargo, la Sala determin\u00f3 que la documentaci\u00f3n remitida era suficiente para adoptar una decisi\u00f3n, seg\u00fan se lee en un informe judicial al que accedi\u00f3 Vistazo. Mientras que en abril se conoci\u00f3 que \u2018Negro Willy\u2019 rechaz\u00f3 la extradici\u00f3n y declar\u00f3 que su vida correr\u00eda\u00a0\u201cmucho peligro\u201d\u00a0pues el Gobierno de su pa\u00eds \u201cno es justo\u201d. Los hermanos Alc\u00edvar Bautista viv\u00edan en Espa\u00f1a con todos los lujos.\u00a0(Fotos: Polic\u00eda ) ALEGATOS DEL ABOGADO BOYE Por su parte, el defensor de &#8216;Negro Willy&#8217;, Gonzalo Boye, quien fue parte de un movimiento izquierdista de Espa\u00f1a, present\u00f3 varios alegatos basados en la violencia que atraviesa el Ecuador, pero sobre todo hizo hincapi\u00e9 en la falta de control de las c\u00e1rceles con base a un informe de la\u00a0Comisi\u00f3n Interamericana de Derechos Humanos (CIDH). \u201cEl reclamado ser\u00eda objeto de un tratamiento penitenciario degradante bajo una l\u00f3gica de culpabilidad anticipada, fuera del marco de la legalidad y sin posibilidad real de reclamar sus derechos\u201d, apunt\u00f3 Gonzalo Boye, seg\u00fan cita la resoluci\u00f3n final del Tribunal. Por ello, el letrado propuso que, en caso de que se pretenda continuar con la entrega, se solicite a las autoridades reclamantes\u00a0garant\u00edas para que la vida de su defendido no corrierra peligro\u00a0y que estas sean avaladas por la CIDH. Es as\u00ed que, a inicios de mayo,\u00a0el Tribunal condicion\u00f3 la entrega de \u2018Negro Willy\u2019\u00a0a que en un\u00a0plazo de tres meses, las autoridades ecuatorianas presenten garant\u00edas de que se han adoptado medidas para proteger la integridad de los reclusos, siguiendo las recomendaciones de la CIDH, y de que la situaci\u00f3n en los centros penitenciarios se ha normalizado. Los jueces manifestaron que no se encontraban \u201cante alegaciones de meros riesgos gen\u00e9ricos de violaci\u00f3n de los derechos humanos del reclamado,\u00a0sino ante un peligro concreto\u201d que requiere su evitaci\u00f3n. El plazo corre desde la notificaci\u00f3n de la resoluci\u00f3n, que ya fue enviada a la Subdirecci\u00f3n General de Cooperaci\u00f3n Jur\u00eddica Internacional del Ministerio de Justicia de Espa\u00f1a y al Servicio de Interpol, para su comunicaci\u00f3n a las autoridades de Ecuador. Sin embargo, hasta el pasado lunes, la Corte Nacional de Justicia (CNJ)\u00a0no hab\u00eda recibido ning\u00fan documento. Mientras tanto, la defensa de \u2018Negro Willy\u2019\u00a0interpuso un recurso de s\u00faplica (apelaci\u00f3n)\u00a0ante el Pleno de la Sala Penal, seg\u00fan inform\u00f3 la Audiencia Nacional de Espa\u00f1a a Vistazo. Agreg\u00f3 que \u00c1lex Alc\u00edvar Bautista, alias \u2018Ronco\u2019, \u201ctambi\u00e9n est\u00e1 reclamado en extradici\u00f3n por Ecuador y\u00a0pr\u00f3ximamente se celebrar\u00e1 una vista (audiencia)\u00a0para estudiar las alegaciones de las partes antes de decidir sobre su entrega\u201d. Resoluci\u00f3n final del tribunal que conoce el caso de alias &#8216;Negro Willy&#8217;.\u00a0(Foto: captura ) \u00bfQUI\u00c9N ES GONZALO BOYE? Alias \u2018Negro Willy\u2019 es representado por Gonzalo Boye, un abogado, empresario, profesor y editor de origen chileno, que usualmente\u00a0acapara titulares en Espa\u00f1a\u00a0por la amplia gama de casos que tiene a su cargo. Boye, de 60 a\u00f1os, estudi\u00f3 Ciencias Pol\u00edticas y Econom\u00eda en la Universidad alemana de Heidelberg, pero no culmin\u00f3 la carrera y se traslad\u00f3 a Espa\u00f1a para formar parte del Movimiento de Izquierda Revolucionaria (MIR). En 1992 fue detenido como sospechoso de participar en el\u00a0secuestro de un empresario, delito en el que estuvo implicado el grupo terrorista\u00a0ETA. El entonces economista fue sentenciado a 14 a\u00f1os de prisi\u00f3n.\u00a0En su tiempo como recluso, estudi\u00f3 Derecho\u00a0y en el 2000, seis a\u00f1os despu\u00e9s de ingresar a la c\u00e1rcel, fue puesto en libertad. Desde entonces, ha defendido narcotraficantes, contrabandistas, pol\u00edticos, periodistas, un rapero y hasta al exagente de la CIA,\u00a0Edward Snowden\u00a0y las revelaciones sobre la red de vigilancia mundial. Entre los casos m\u00e1s recientes de los que forma parte destaca el de\u00a0Carles Puigdemont, expresidente de la Generalidad de Catalu\u00f1a y principal impulsor independentista de esa regi\u00f3n espa\u00f1ola, quien huy\u00f3 a B\u00e9lgica tras un refer\u00e9ndum ilegal por el que lo acusaron de rebeli\u00f3n, sedici\u00f3n y malversaci\u00f3n. Boye tambi\u00e9n ha sido noticia en estos d\u00edas en Colombia porque es abogado de Diego Mar\u00edn Buitrago,\u00a0alias \u2018Pap\u00e1 Pitufo\u2019, el zar del contrabando desde hace d\u00e9cadas y escondido en Portugal. Actualmente, es pedido en extradici\u00f3n al igual que el ecuatoriano \u2018Negro Willy\u2019. Seg\u00fan\u00a0W Radio de Colombia, el jurista\u00a0consigui\u00f3 que \u2018Pap\u00e1 Pitufo\u2019 saliera en libertad condicional\u00a0tras ser detenido en Valencia (Espa\u00f1a) mientras la justicia analizaba el pedido de extradici\u00f3n. Sin embargo, al poco tiempo huy\u00f3 a Portugal y lo recapturaron en diciembre pasado. Su regreso a Colombia a\u00fan es incierto. De hecho, el propio presidente\u00a0Gustavo Petro\u00a0ha hecho gestiones con el mandatario espa\u00f1ol Pedro S\u00e1nchez y con el primer ministro de Portugal Lu\u00eds Montenegro, pero nada ha funcionado, seg\u00fan indica el portal\u00a0El Colombiano. Gonzalo Boye acapara titulares en Espa\u00f1a.\u00a0(Fotos: medios locales ) PRESUNTO LAVADO<\/p>\n","protected":false},"author":1,"featured_media":23761,"comment_status":"open","ping_status":"open","sticky":false,"template":"","format":"standard","meta":{"footnotes":""},"categories":[268],"tags":[],"class_list":["post-23760","post","type-post","status-publish","format-standard","has-post-thumbnail","hentry","category-nacionales"],"_links":{"self":[{"href":"https:\/\/www.elamazonico.com\/portal\/wp-json\/wp\/v2\/posts\/23760","targetHints":{"allow":["GET"]}}],"collection":[{"href":"https:\/\/www.elamazonico.com\/portal\/wp-json\/wp\/v2\/posts"}],"about":[{"href":"https:\/\/www.elamazonico.com\/portal\/wp-json\/wp\/v2\/types\/post"}],"author":[{"embeddable":true,"href":"https:\/\/www.elamazonico.com\/portal\/wp-json\/wp\/v2\/users\/1"}],"replies":[{"embeddable":true,"href":"https:\/\/www.elamazonico.com\/portal\/wp-json\/wp\/v2\/comments?post=23760"}],"version-history":[{"count":1,"href":"https:\/\/www.elamazonico.com\/portal\/wp-json\/wp\/v2\/posts\/23760\/revisions"}],"predecessor-version":[{"id":23762,"href":"https:\/\/www.elamazonico.com\/portal\/wp-json\/wp\/v2\/posts\/23760\/revisions\/23762"}],"wp:featuredmedia":[{"embeddable":true,"href":"https:\/\/www.elamazonico.com\/portal\/wp-json\/wp\/v2\/media\/23761"}],"wp:attachment":[{"href":"https:\/\/www.elamazonico.com\/portal\/wp-json\/wp\/v2\/media?parent=23760"}],"wp:term":[{"taxonomy":"category","embeddable":true,"href":"https:\/\/www.elamazonico.com\/portal\/wp-json\/wp\/v2\/categories?post=23760"},{"taxonomy":"post_tag","embeddable":true,"href":"https:\/\/www.elamazonico.com\/portal\/wp-json\/wp\/v2\/tags?post=23760"}],"curies":[{"name":"wp","href":"https:\/\/api.w.org\/{rel}","templated":true}]}}