{"id":23749,"date":"2025-05-26T21:05:04","date_gmt":"2025-05-27T02:05:04","guid":{"rendered":"https:\/\/www.elamazonico.com\/portal\/?p=23749"},"modified":"2025-05-26T21:05:04","modified_gmt":"2025-05-27T02:05:04","slug":"marcela-holguin-regresa-al-periodismo-asume-la-gerencia-general-de-comunica-ep","status":"publish","type":"post","link":"https:\/\/www.elamazonico.com\/portal\/marcela-holguin-regresa-al-periodismo-asume-la-gerencia-general-de-comunica-ep\/","title":{"rendered":"Marcela Holgu\u00edn regresa al periodismo: asume la Gerencia general de Comunica EP"},"content":{"rendered":"<p>Con una frase que resume su desaf\u00edo\u00a0<strong>\u201cuna nueva etapa para los medios p\u00fablicos, haciendo comunicaci\u00f3n de calidad y un periodismo responsable y \u00e9tico\u201d,<\/strong>\u00a0la periodista y exlegisladora Marcela Holgu\u00edn asumi\u00f3 este lunes la Gerencia General de Comunica EP, la empresa p\u00fablica que gestiona Ecuador TV, P\u00fablica FM y El Tel\u00e9grafo.<\/p>\n<p><strong>Marcela Holgu\u00edn<\/strong>\u00a0quien cuenta con m\u00e1s de dos d\u00e9cadas de experiencia en medios y una importante trayectoria en la Asamblea Nacional, durante su primer encuentro con los trabajadores de la empresa, asegur\u00f3: \u00abregreso a mis or\u00edgenes, con enorme responsabilidad. He sido periodista toda mi vida: 23 a\u00f1os al servicio de esta profesi\u00f3n\u201d.<\/p>\n<p>Designada por el<strong>\u00a0Directorio de Comunica EP,<\/strong>\u00a0Holgu\u00edn liderar\u00e1 un equipo de m\u00e1s de 100 personas que trabajan en las tres principales plataformas estatales: el canal Ecuador TV, la radio P\u00fablica FM y el diario digital El Tel\u00e9grafo.<\/p>\n<p>Consciente de las cr\u00edticas recibidas tras su designaci\u00f3n, Holgu\u00edn respondi\u00f3 con firmeza: \u201cNo me incomodan las cr\u00edticas cuando vienen desde el respeto. Lo que s\u00ed me preocupa es que algunos sigan anclados en una visi\u00f3n binaria del pa\u00eds. La mayor\u00eda de ecuatorianos quiere soluciones, no polarizaci\u00f3n.\u201d<\/p>\n<p>Entre sus prioridades, mencion\u00f3 el reposicionamiento de los medios p\u00fablicos, la mejora en los est\u00e1ndares de calidad editorial y el impulso de un periodismo\u00a0<strong>\u201cresponsable, \u00e9tico y comprometido con la ciudadan\u00eda\u201d.<\/strong><\/p>\n<p><strong><img fetchpriority=\"high\" decoding=\"async\" src=\"https:\/\/www.eltelegrafo.com.ec\/images\/Fotos_ElTelegrafo\/holguin2.jpg?ver=1748292130334\" alt=\"\" width=\"880\" height=\"594\" \/><\/strong><\/p>\n<p>Nacida en Ambato, licenciada en\u00a0<strong>Comunicaci\u00f3n Social<\/strong>\u00a0por la\u00a0<strong>Universidad Central del Ecuador<\/strong>\u00a0y mag\u00edster por la<strong>\u00a0Universidad Internacional de La Rioja &#8211; UNIR<\/strong>, Holgu\u00edn se forj\u00f3 en redacciones de canales como<strong>\u00a0Ecuavisa, Teleamazonas y Gama TV<\/strong>, donde se especializ\u00f3 en reportajes de coyuntura pol\u00edtica y problem\u00e1ticas sociales.<\/p>\n<p>En 2017, dio un giro hacia la pol\u00edtica, siendo electa asamble\u00edsta por Pichincha. Fue reelecta y lleg\u00f3 a ocupar cargos como la<strong>\u00a0Primera Vicepresidencia de la Asamblea Nacional<\/strong>\u00a0en 2023, adem\u00e1s de integrar comisiones clave en derechos laborales y derechos comunitarios. En febrero de 2025, present\u00f3 su renuncia irrevocable al Legislativo.<\/p>\n<p><strong>\u201cHoy he vuelto\u201d,<\/strong> dijo, resumiendo en tres palabras lo que ser\u00e1 el inicio de una nueva etapa para los medios p\u00fablicos del pa\u00eds. <strong>Fuente: El Tel\u00e9grafo<\/strong><\/p>\n","protected":false},"excerpt":{"rendered":"<p>Con una frase que resume su desaf\u00edo\u00a0\u201cuna nueva etapa para los medios p\u00fablicos, haciendo comunicaci\u00f3n de calidad y un periodismo responsable y \u00e9tico\u201d,\u00a0la periodista y exlegisladora Marcela Holgu\u00edn asumi\u00f3 este lunes la Gerencia General de Comunica EP, la empresa p\u00fablica que gestiona Ecuador TV, P\u00fablica FM y El Tel\u00e9grafo. Marcela Holgu\u00edn\u00a0quien cuenta con m\u00e1s de dos d\u00e9cadas de experiencia en medios y una importante trayectoria en la Asamblea Nacional, durante su primer encuentro con los trabajadores de la empresa, asegur\u00f3: \u00abregreso a mis or\u00edgenes, con enorme responsabilidad. He sido periodista toda mi vida: 23 a\u00f1os al servicio de esta profesi\u00f3n\u201d. Designada por el\u00a0Directorio de Comunica EP,\u00a0Holgu\u00edn liderar\u00e1 un equipo de m\u00e1s de 100 personas que trabajan en las tres principales plataformas estatales: el canal Ecuador TV, la radio P\u00fablica FM y el diario digital El Tel\u00e9grafo. Consciente de las cr\u00edticas recibidas tras su designaci\u00f3n, Holgu\u00edn respondi\u00f3 con firmeza: \u201cNo me incomodan las cr\u00edticas cuando vienen desde el respeto. Lo que s\u00ed me preocupa es que algunos sigan anclados en una visi\u00f3n binaria del pa\u00eds. La mayor\u00eda de ecuatorianos quiere soluciones, no polarizaci\u00f3n.\u201d Entre sus prioridades, mencion\u00f3 el reposicionamiento de los medios p\u00fablicos, la mejora en los est\u00e1ndares de calidad editorial y el impulso de un periodismo\u00a0\u201cresponsable, \u00e9tico y comprometido con la ciudadan\u00eda\u201d. Nacida en Ambato, licenciada en\u00a0Comunicaci\u00f3n Social\u00a0por la\u00a0Universidad Central del Ecuador\u00a0y mag\u00edster por la\u00a0Universidad Internacional de La Rioja &#8211; UNIR, Holgu\u00edn se forj\u00f3 en redacciones de canales como\u00a0Ecuavisa, Teleamazonas y Gama TV, donde se especializ\u00f3 en reportajes de coyuntura pol\u00edtica y problem\u00e1ticas sociales. En 2017, dio un giro hacia la pol\u00edtica, siendo electa asamble\u00edsta por Pichincha. Fue reelecta y lleg\u00f3 a ocupar cargos como la\u00a0Primera Vicepresidencia de la Asamblea Nacional\u00a0en 2023, adem\u00e1s de integrar comisiones clave en derechos laborales y derechos comunitarios. En febrero de 2025, present\u00f3 su renuncia irrevocable al Legislativo. \u201cHoy he vuelto\u201d, dijo, resumiendo en tres palabras lo que ser\u00e1 el inicio de una nueva etapa para los medios p\u00fablicos del pa\u00eds. Fuente: El Tel\u00e9grafo<\/p>\n","protected":false},"author":1,"featured_media":23750,"comment_status":"open","ping_status":"open","sticky":false,"template":"","format":"standard","meta":{"footnotes":""},"categories":[268],"tags":[],"class_list":["post-23749","post","type-post","status-publish","format-standard","has-post-thumbnail","hentry","category-nacionales"],"_links":{"self":[{"href":"https:\/\/www.elamazonico.com\/portal\/wp-json\/wp\/v2\/posts\/23749","targetHints":{"allow":["GET"]}}],"collection":[{"href":"https:\/\/www.elamazonico.com\/portal\/wp-json\/wp\/v2\/posts"}],"about":[{"href":"https:\/\/www.elamazonico.com\/portal\/wp-json\/wp\/v2\/types\/post"}],"author":[{"embeddable":true,"href":"https:\/\/www.elamazonico.com\/portal\/wp-json\/wp\/v2\/users\/1"}],"replies":[{"embeddable":true,"href":"https:\/\/www.elamazonico.com\/portal\/wp-json\/wp\/v2\/comments?post=23749"}],"version-history":[{"count":1,"href":"https:\/\/www.elamazonico.com\/portal\/wp-json\/wp\/v2\/posts\/23749\/revisions"}],"predecessor-version":[{"id":23751,"href":"https:\/\/www.elamazonico.com\/portal\/wp-json\/wp\/v2\/posts\/23749\/revisions\/23751"}],"wp:featuredmedia":[{"embeddable":true,"href":"https:\/\/www.elamazonico.com\/portal\/wp-json\/wp\/v2\/media\/23750"}],"wp:attachment":[{"href":"https:\/\/www.elamazonico.com\/portal\/wp-json\/wp\/v2\/media?parent=23749"}],"wp:term":[{"taxonomy":"category","embeddable":true,"href":"https:\/\/www.elamazonico.com\/portal\/wp-json\/wp\/v2\/categories?post=23749"},{"taxonomy":"post_tag","embeddable":true,"href":"https:\/\/www.elamazonico.com\/portal\/wp-json\/wp\/v2\/tags?post=23749"}],"curies":[{"name":"wp","href":"https:\/\/api.w.org\/{rel}","templated":true}]}}