{"id":23739,"date":"2025-05-26T20:46:55","date_gmt":"2025-05-27T01:46:55","guid":{"rendered":"https:\/\/www.elamazonico.com\/portal\/?p=23739"},"modified":"2025-05-26T20:46:55","modified_gmt":"2025-05-27T01:46:55","slug":"diana-salazar-presento-sus-credenciales-como-embajadora-de-ecuador-en-argentina","status":"publish","type":"post","link":"https:\/\/www.elamazonico.com\/portal\/diana-salazar-presento-sus-credenciales-como-embajadora-de-ecuador-en-argentina\/","title":{"rendered":"Diana Salazar present\u00f3 sus credenciales como embajadora de Ecuador en Argentina"},"content":{"rendered":"<div class=\"paragraph texto\">\n<p class=\"p_0\"><b>Aproximadamente una semana despu\u00e9s de renunciar al cargo de Fiscal General del Estado,\u00a0<a href=\"https:\/\/www.vistazo.com\/cronologia\/-\/meta\/diana-salazar\">Diana Salazar M\u00e9ndez<\/a> present\u00f3 en la ciudad de Buenos Aires la copia de los documentos que la acreditan como la nueva embajadora de Ecuador en Argentina.<\/b><\/p>\n<div class=\"teads-inread sm-screen teads-display-format\">\n<div>\n<div id=\"teads0\" class=\"teads-player\">\u201cLa embajadora Salazar fue recibida por la ministra<b>\u00a0Lucia Viera<\/b>, directora de ceremonia de la Canciller\u00eda argentina, a quien manifest\u00f3 su inter\u00e9s de<b>\u00a0profundizar las relaciones entre ambos pa\u00edses<\/b>\u201d, inform\u00f3 este lunes la sede diplom\u00e1tica a trav\u00e9s de redes sociales.<\/div>\n<\/div>\n<\/div>\n<\/div>\n<div class=\"multimediaMacroWrapper img lateral\">\n<figure class=\"contentMedia art-img\">\n<div><img fetchpriority=\"high\" decoding=\"async\" class=\" lazyloaded\" title=\"Fotograf\u00eda que muestra a Salazar entregando sus credenciales a la directora ceremonial de la Canciller\u00eda argentina, Lucia Viera (D).\" src=\"https:\/\/www.vistazo.com\/placeholder\/svg\/viewbox\/480x640\" sizes=\"100vw\" srcset=\"\/\/www.vistazo.com\/binrepository\/480x640\/0c0\/0d0\/none\/12727\/OOQI\/gr5fgwoxcaay7-b-1_2215133_20250526194146.jpg 480w,\/\/www.vistazo.com\/binrepository\/400x533\/0c0\/0d0\/none\/12727\/OOQR\/gr5fgwoxcaay7-b-1_2215133_20250526194146.jpg 400w,\/\/www.vistazo.com\/binrepository\/320x427\/0c0\/0d0\/none\/12727\/OOQS\/gr5fgwoxcaay7-b-1_2215133_20250526194146.jpg 320w\" alt=\"$!Fotograf\u00eda que muestra a Salazar entregando sus credenciales a la directora ceremonial de la Canciller\u00eda argentina, Lucia Viera (D).\" width=\"480\" height=\"640\" data-srcset=\"\/\/www.vistazo.com\/binrepository\/480x640\/0c0\/0d0\/none\/12727\/OOQI\/gr5fgwoxcaay7-b-1_2215133_20250526194146.jpg 480w,\/\/www.vistazo.com\/binrepository\/400x533\/0c0\/0d0\/none\/12727\/OOQR\/gr5fgwoxcaay7-b-1_2215133_20250526194146.jpg 400w,\/\/www.vistazo.com\/binrepository\/320x427\/0c0\/0d0\/none\/12727\/OOQS\/gr5fgwoxcaay7-b-1_2215133_20250526194146.jpg 320w\" \/><\/div>\n<div class=\"cutline-byline\"><span class=\"cutline-text\">Fotograf\u00eda que muestra a Salazar entregando sus credenciales a la directora ceremonial de la Canciller\u00eda argentina, Lucia Viera (D).<\/span><\/div>\n<\/figure>\n<\/div>\n<div class=\"paragraph texto\">\n<p class=\"p_3\">El mandatario de Ecuador, Daniel Noboa, nombr\u00f3 a Salazar en el cargo diplom\u00e1tico un d\u00eda despu\u00e9s de que la jurista<b>\u00a0dej\u00f3 su puesto como titular del Ministerio P\u00fablico<\/b>, que ahora ocupa el abogado\u00a0<b>Wilson Mentor Toainga<\/b>, en calidad de subrogante.<\/p>\n<p class=\"p_4\">La exfiscal ya hab\u00eda anunciado su decisi\u00f3n de<b>\u00a0establecerse fuera de Ecuador<\/b>, en busca de una vida con\u00a0<b>mayores condiciones de seguridad<\/b>, resaltando el hecho de que se convirti\u00f3 en madre en los \u00faltimos meses.<\/p>\n<\/div>\n<div class=\"paragraph texto\">\n<p class=\"p_5\">En algunos actos p\u00fablicos, Noboa lleg\u00f3 a mencionar la comunicaci\u00f3n que manten\u00eda con Salazar para enfrentar al crimen organizado y que incluso\u00a0<b>se compart\u00edan las amenazas de muerte\u00a0<\/b>que de forma recurrente les sol\u00edan llegar.<\/p>\n<\/div>\n<div class=\"paragraph texto\">\n<p class=\"p_6\">\u00abSiendo la seguridad un tema importante, no solo para mi familia y para m\u00ed, esta decisi\u00f3n,<b>\u00a0esta transici\u00f3n, nos brinda tranquilidad, mientras seguimos al servicio del pa\u00eds.\u00a0<\/b>Seguiremos trabajando por el Ecuador\u00bb, manifest\u00f3 la otrora fiscal tras la designaci\u00f3n.<\/p>\n<\/div>\n<h2 class=\"h2vistazo\">Seis a\u00f1os al frente de la Fiscal\u00eda<\/h2>\n<div class=\"paragraph texto\">\n<p class=\"p_7\">Durante los seis a\u00f1os que estuvo al frente de la Fiscal\u00eda, Salazar \u2014reconocida en 2024 por la revista estadounidense\u00a0<i>Time<\/i>\u00a0como una de las 100 personas m\u00e1s influyentes del mundo\u2014\u00a0<b>condujo<\/b>\u00a0<b>investigaciones clave relacionadas con casos de corrupci\u00f3n y crimen organizado.<\/b><\/p>\n<p class=\"p_8\">Desde que asumi\u00f3 el cargo en 2019, una de sus principales actuaciones fue liderar la acusaci\u00f3n en el<b>\u00a0caso \u2018Sobornos\u2019\u00a0<\/b>contra el expresidente\u00a0<b>Rafael Correa\u00a0<\/b>y\u00a0<b>varios integrantes de su c\u00edrculo pol\u00edtico<\/b>, que devino en una<b>\u00a0sentencia de ocho a\u00f1os de prisi\u00f3n<\/b>\u00a0contra el otrora mandatario, quien evadi\u00f3 la justicia ecuatoriana al viajar a B\u00e9lgica.<\/p>\n<p class=\"p_9\">A finales de 2023, Salazar revel\u00f3 el\u00a0<b>caso \u2018Met\u00e1stasis\u2019<\/b>, una compleja\u00a0<b>red de corrupci\u00f3n que involucraba a sectores judiciales, policiales y penitenciarios<\/b>, bajo el control del narcotraficante Leandro &#8216;el Patr\u00f3n&#8217; Norero. Esta investigaci\u00f3n expuso c\u00f3mo el crimen organizado logr\u00f3 infiltrarse y ejercer influencia en el sistema de justicia ecuatoriano.<\/p>\n<p class=\"p_10\">En este caso, por ejemplo, fueron sentenciados el expresidente de la Judicatura,\u00a0<b>Wilman Ter\u00e1n<\/b>, el exdirector Antinarc\u00f3ticos y exdirector del SNAI en el gobierno de Guillermo Lasso,\u00a0<b>Pablo Ram\u00edre<\/b>z, entre otros. Tambi\u00e9n fue procesado el exasamble\u00edsta del corre\u00edsmo\u00a0<b>Ronny Aleaga,<\/b>\u00a0pero se fug\u00f3 a Venezuela.<\/p>\n<p class=\"p_11\">La entonces fiscal tambi\u00e9n encabez\u00f3 el<b>\u00a0caso \u2018Encuentro\u2019<\/b>, en el que fue sentenciado a diez a\u00f1os de prisi\u00f3n\u00a0<b>Danilo Carrera<\/b>, empresario y<b>\u00a0cu\u00f1ado del expresidente Guillermo Lasso<\/b>.<\/p>\n<p class=\"p_13\"><b>Carrera fue hallado culpable de delincuencia organizada<\/b>, al encabezar una estructura de corrupci\u00f3n que operaba para manipular contrataciones con entidades estatales durante el gobierno de Lasso. <strong>Fuente: Vistazo<\/strong><\/p>\n<\/div>\n","protected":false},"excerpt":{"rendered":"<p>Aproximadamente una semana despu\u00e9s de renunciar al cargo de Fiscal General del Estado,\u00a0Diana Salazar M\u00e9ndez present\u00f3 en la ciudad de Buenos Aires la copia de los documentos que la acreditan como la nueva embajadora de Ecuador en Argentina. \u201cLa embajadora Salazar fue recibida por la ministra\u00a0Lucia Viera, directora de ceremonia de la Canciller\u00eda argentina, a quien manifest\u00f3 su inter\u00e9s de\u00a0profundizar las relaciones entre ambos pa\u00edses\u201d, inform\u00f3 este lunes la sede diplom\u00e1tica a trav\u00e9s de redes sociales. Fotograf\u00eda que muestra a Salazar entregando sus credenciales a la directora ceremonial de la Canciller\u00eda argentina, Lucia Viera (D). El mandatario de Ecuador, Daniel Noboa, nombr\u00f3 a Salazar en el cargo diplom\u00e1tico un d\u00eda despu\u00e9s de que la jurista\u00a0dej\u00f3 su puesto como titular del Ministerio P\u00fablico, que ahora ocupa el abogado\u00a0Wilson Mentor Toainga, en calidad de subrogante. La exfiscal ya hab\u00eda anunciado su decisi\u00f3n de\u00a0establecerse fuera de Ecuador, en busca de una vida con\u00a0mayores condiciones de seguridad, resaltando el hecho de que se convirti\u00f3 en madre en los \u00faltimos meses. En algunos actos p\u00fablicos, Noboa lleg\u00f3 a mencionar la comunicaci\u00f3n que manten\u00eda con Salazar para enfrentar al crimen organizado y que incluso\u00a0se compart\u00edan las amenazas de muerte\u00a0que de forma recurrente les sol\u00edan llegar. \u00abSiendo la seguridad un tema importante, no solo para mi familia y para m\u00ed, esta decisi\u00f3n,\u00a0esta transici\u00f3n, nos brinda tranquilidad, mientras seguimos al servicio del pa\u00eds.\u00a0Seguiremos trabajando por el Ecuador\u00bb, manifest\u00f3 la otrora fiscal tras la designaci\u00f3n. Seis a\u00f1os al frente de la Fiscal\u00eda Durante los seis a\u00f1os que estuvo al frente de la Fiscal\u00eda, Salazar \u2014reconocida en 2024 por la revista estadounidense\u00a0Time\u00a0como una de las 100 personas m\u00e1s influyentes del mundo\u2014\u00a0condujo\u00a0investigaciones clave relacionadas con casos de corrupci\u00f3n y crimen organizado. Desde que asumi\u00f3 el cargo en 2019, una de sus principales actuaciones fue liderar la acusaci\u00f3n en el\u00a0caso \u2018Sobornos\u2019\u00a0contra el expresidente\u00a0Rafael Correa\u00a0y\u00a0varios integrantes de su c\u00edrculo pol\u00edtico, que devino en una\u00a0sentencia de ocho a\u00f1os de prisi\u00f3n\u00a0contra el otrora mandatario, quien evadi\u00f3 la justicia ecuatoriana al viajar a B\u00e9lgica. A finales de 2023, Salazar revel\u00f3 el\u00a0caso \u2018Met\u00e1stasis\u2019, una compleja\u00a0red de corrupci\u00f3n que involucraba a sectores judiciales, policiales y penitenciarios, bajo el control del narcotraficante Leandro &#8216;el Patr\u00f3n&#8217; Norero. Esta investigaci\u00f3n expuso c\u00f3mo el crimen organizado logr\u00f3 infiltrarse y ejercer influencia en el sistema de justicia ecuatoriano. En este caso, por ejemplo, fueron sentenciados el expresidente de la Judicatura,\u00a0Wilman Ter\u00e1n, el exdirector Antinarc\u00f3ticos y exdirector del SNAI en el gobierno de Guillermo Lasso,\u00a0Pablo Ram\u00edrez, entre otros. Tambi\u00e9n fue procesado el exasamble\u00edsta del corre\u00edsmo\u00a0Ronny Aleaga,\u00a0pero se fug\u00f3 a Venezuela. La entonces fiscal tambi\u00e9n encabez\u00f3 el\u00a0caso \u2018Encuentro\u2019, en el que fue sentenciado a diez a\u00f1os de prisi\u00f3n\u00a0Danilo Carrera, empresario y\u00a0cu\u00f1ado del expresidente Guillermo Lasso. Carrera fue hallado culpable de delincuencia organizada, al encabezar una estructura de corrupci\u00f3n que operaba para manipular contrataciones con entidades estatales durante el gobierno de Lasso. Fuente: Vistazo<\/p>\n","protected":false},"author":1,"featured_media":23740,"comment_status":"open","ping_status":"open","sticky":false,"template":"","format":"standard","meta":{"footnotes":""},"categories":[268],"tags":[],"class_list":["post-23739","post","type-post","status-publish","format-standard","has-post-thumbnail","hentry","category-nacionales"],"_links":{"self":[{"href":"https:\/\/www.elamazonico.com\/portal\/wp-json\/wp\/v2\/posts\/23739","targetHints":{"allow":["GET"]}}],"collection":[{"href":"https:\/\/www.elamazonico.com\/portal\/wp-json\/wp\/v2\/posts"}],"about":[{"href":"https:\/\/www.elamazonico.com\/portal\/wp-json\/wp\/v2\/types\/post"}],"author":[{"embeddable":true,"href":"https:\/\/www.elamazonico.com\/portal\/wp-json\/wp\/v2\/users\/1"}],"replies":[{"embeddable":true,"href":"https:\/\/www.elamazonico.com\/portal\/wp-json\/wp\/v2\/comments?post=23739"}],"version-history":[{"count":1,"href":"https:\/\/www.elamazonico.com\/portal\/wp-json\/wp\/v2\/posts\/23739\/revisions"}],"predecessor-version":[{"id":23741,"href":"https:\/\/www.elamazonico.com\/portal\/wp-json\/wp\/v2\/posts\/23739\/revisions\/23741"}],"wp:featuredmedia":[{"embeddable":true,"href":"https:\/\/www.elamazonico.com\/portal\/wp-json\/wp\/v2\/media\/23740"}],"wp:attachment":[{"href":"https:\/\/www.elamazonico.com\/portal\/wp-json\/wp\/v2\/media?parent=23739"}],"wp:term":[{"taxonomy":"category","embeddable":true,"href":"https:\/\/www.elamazonico.com\/portal\/wp-json\/wp\/v2\/categories?post=23739"},{"taxonomy":"post_tag","embeddable":true,"href":"https:\/\/www.elamazonico.com\/portal\/wp-json\/wp\/v2\/tags?post=23739"}],"curies":[{"name":"wp","href":"https:\/\/api.w.org\/{rel}","templated":true}]}}