{"id":23722,"date":"2025-05-26T16:55:23","date_gmt":"2025-05-26T21:55:23","guid":{"rendered":"https:\/\/www.elamazonico.com\/portal\/?p=23722"},"modified":"2025-05-26T16:55:23","modified_gmt":"2025-05-26T21:55:23","slug":"prefectura-de-morona-santiago-entrego-importante-obra-de-asfaltado-en-sucua-y-anuncio-plan-vial-para-zonas-rurales","status":"publish","type":"post","link":"https:\/\/www.elamazonico.com\/portal\/prefectura-de-morona-santiago-entrego-importante-obra-de-asfaltado-en-sucua-y-anuncio-plan-vial-para-zonas-rurales\/","title":{"rendered":"Prefectura de Morona Santiago entrego importante obra de asfaltado en Suc\u00faa y anunci\u00f3 plan vial para zonas rurales"},"content":{"rendered":"<p><strong>AMAZON\u00cdA \/ Morona Santiago.-<\/strong> En el marco de su pol\u00edtica de desarrollo territorial y compromiso con las comunidades de la provincia, el prefecto de Morona Santiago, Tiyua Uyunkar, izo la entrega de una significativa obra de asfaltado en la ciudad de Suc\u00faa, cumpliendo con una promesa postergada por m\u00e1s de 15 a\u00f1os. Este anuncio se dio durante una entrevista concedida a Diario El Amaz\u00f3nico, en la que el prefecto destac\u00f3 los avances de su administraci\u00f3n en materia de infraestructura vial, conectividad y equidad territorial.<\/p>\n<p>El acto de entrega tuvo lugar en la ciudad de Suc\u00faa, con la presencia del alcalde Sebasti\u00e1n Rodr\u00edguez, con quien se articulan acciones conjuntas para potenciar el desarrollo del cant\u00f3n. Durante su intervenci\u00f3n, Uyunkar afirm\u00f3 que esta obra asfaltada no solo representa una respuesta a una antigua demanda ciudadana, sino tambi\u00e9n un punto de partida para nuevos proyectos viales que beneficiar\u00e1n a las comunidades rurales del cant\u00f3n.<\/p>\n<p>\u201cSon promesas de 15 a\u00f1os, pero nosotros llegamos a resolver. Esta obra asfaltada en la ciudad de Suc\u00faa nos compromete a seguir trabajando. Ya estamos preparando el asfaltado de 13.5 kil\u00f3metros en sectores rurales, y eso es solo el inicio\u201d, indic\u00f3 el prefecto.<\/p>\n<p><strong>Plan \u201cCero Polvo en mi Parroquia\u201d y proyectos estrat\u00e9gicos en ejecuci\u00f3n<\/strong><\/p>\n<p>En la entrevista, el prefecto destac\u00f3 adem\u00e1s la implementaci\u00f3n del Plan \u201cCero Polvo en mi Parroquia\u201d, una iniciativa que busca mejorar las condiciones de vida en las zonas rurales mediante la estabilizaci\u00f3n y asfaltado de v\u00edas de acceso, permitiendo una circulaci\u00f3n m\u00e1s segura, c\u00f3moda y limpia para sus habitantes. Seg\u00fan Uyunkar, los resultados han sido \u201cincre\u00edbles\u201d, y varias comunidades ya se han beneficiado de este programa.<\/p>\n<p>Adicionalmente, inform\u00f3 sobre la construcci\u00f3n y entrega de m\u00faltiples puentes viales, lo que ha permitido mejorar la conectividad interparroquial e intercantonal, aspectos clave para la reactivaci\u00f3n econ\u00f3mica, el acceso a servicios b\u00e1sicos y la integraci\u00f3n social.<\/p>\n<p>\u201cDurante estos dos a\u00f1os hemos avanzado con obras que hablan por s\u00ed solas. Hemos entregado puentes, asfaltado calles, mejorado caminos vecinales. Y nos quedan dos a\u00f1os m\u00e1s para seguir transformando esta provincia\u201d, expres\u00f3 con firmeza.<\/p>\n<p><strong>Financiamiento hist\u00f3rico y gesti\u00f3n interinstitucional<\/strong><\/p>\n<p>Uno de los hitos m\u00e1s destacados por la autoridad provincial fue la obtenci\u00f3n de un financiamiento sin precedentes de 23 millones de d\u00f3lares, gracias al respaldo del presidente de la Rep\u00fablica, Daniel Noboa Az\u00edn. De este monto, 13 millones ser\u00e1n destinados a la conexi\u00f3n vial entre el cant\u00f3n Taisha y la capital provincial, Macas, una obra considerada estrat\u00e9gica para la integraci\u00f3n de la Amazon\u00eda con el resto del pa\u00eds.<\/p>\n<p>El prefecto remarc\u00f3 que los recursos est\u00e1n siendo distribuidos de forma equitativa en toda la provincia, priorizando las zonas hist\u00f3ricamente desatendidas. Enfatiz\u00f3 que su administraci\u00f3n mantiene una pol\u00edtica de trabajo articulado y sin distinci\u00f3n pol\u00edtica con todos los gobiernos municipales y parroquiales.<\/p>\n<p>\u201cYo vine a trabajar, no a pelear. Quienes quieran conflictos, que lo hagan en otro lado. Mi compromiso es con los ciudadanos, y eso se demuestra con obras, no con discursos\u201d, declar\u00f3.<\/p>\n<p>Compromiso con el desarrollo y la justicia territorial<\/p>\n<p>La Prefectura de Morona Santiago, bajo la direcci\u00f3n de Tiyua Uyunkar, ratifica su visi\u00f3n de una provincia inclusiva, con infraestructura vial adecuada y con una administraci\u00f3n comprometida con el bienestar colectivo. Las inversiones en conectividad rural, movilidad segura y accesibilidad reflejan una gesti\u00f3n basada en resultados, di\u00e1logo institucional y participaci\u00f3n ciudadana.<\/p>\n<p>Con estas acciones, se busca no solo cerrar brechas hist\u00f3ricas de desigualdad, sino tambi\u00e9n fortalecer la identidad territorial y el potencial econ\u00f3mico de Morona Santiago como una provincia clave para el desarrollo sostenible de la Amazon\u00eda ecuatoriana.<\/p>\n","protected":false},"excerpt":{"rendered":"<p>AMAZON\u00cdA \/ Morona Santiago.- En el marco de su pol\u00edtica de desarrollo territorial y compromiso con las comunidades de la provincia, el prefecto de Morona Santiago, Tiyua Uyunkar, izo la entrega de una significativa obra de asfaltado en la ciudad de Suc\u00faa, cumpliendo con una promesa postergada por m\u00e1s de 15 a\u00f1os. Este anuncio se dio durante una entrevista concedida a Diario El Amaz\u00f3nico, en la que el prefecto destac\u00f3 los avances de su administraci\u00f3n en materia de infraestructura vial, conectividad y equidad territorial. El acto de entrega tuvo lugar en la ciudad de Suc\u00faa, con la presencia del alcalde Sebasti\u00e1n Rodr\u00edguez, con quien se articulan acciones conjuntas para potenciar el desarrollo del cant\u00f3n. Durante su intervenci\u00f3n, Uyunkar afirm\u00f3 que esta obra asfaltada no solo representa una respuesta a una antigua demanda ciudadana, sino tambi\u00e9n un punto de partida para nuevos proyectos viales que beneficiar\u00e1n a las comunidades rurales del cant\u00f3n. \u201cSon promesas de 15 a\u00f1os, pero nosotros llegamos a resolver. Esta obra asfaltada en la ciudad de Suc\u00faa nos compromete a seguir trabajando. Ya estamos preparando el asfaltado de 13.5 kil\u00f3metros en sectores rurales, y eso es solo el inicio\u201d, indic\u00f3 el prefecto. Plan \u201cCero Polvo en mi Parroquia\u201d y proyectos estrat\u00e9gicos en ejecuci\u00f3n En la entrevista, el prefecto destac\u00f3 adem\u00e1s la implementaci\u00f3n del Plan \u201cCero Polvo en mi Parroquia\u201d, una iniciativa que busca mejorar las condiciones de vida en las zonas rurales mediante la estabilizaci\u00f3n y asfaltado de v\u00edas de acceso, permitiendo una circulaci\u00f3n m\u00e1s segura, c\u00f3moda y limpia para sus habitantes. Seg\u00fan Uyunkar, los resultados han sido \u201cincre\u00edbles\u201d, y varias comunidades ya se han beneficiado de este programa. Adicionalmente, inform\u00f3 sobre la construcci\u00f3n y entrega de m\u00faltiples puentes viales, lo que ha permitido mejorar la conectividad interparroquial e intercantonal, aspectos clave para la reactivaci\u00f3n econ\u00f3mica, el acceso a servicios b\u00e1sicos y la integraci\u00f3n social. \u201cDurante estos dos a\u00f1os hemos avanzado con obras que hablan por s\u00ed solas. Hemos entregado puentes, asfaltado calles, mejorado caminos vecinales. Y nos quedan dos a\u00f1os m\u00e1s para seguir transformando esta provincia\u201d, expres\u00f3 con firmeza. Financiamiento hist\u00f3rico y gesti\u00f3n interinstitucional Uno de los hitos m\u00e1s destacados por la autoridad provincial fue la obtenci\u00f3n de un financiamiento sin precedentes de 23 millones de d\u00f3lares, gracias al respaldo del presidente de la Rep\u00fablica, Daniel Noboa Az\u00edn. De este monto, 13 millones ser\u00e1n destinados a la conexi\u00f3n vial entre el cant\u00f3n Taisha y la capital provincial, Macas, una obra considerada estrat\u00e9gica para la integraci\u00f3n de la Amazon\u00eda con el resto del pa\u00eds. El prefecto remarc\u00f3 que los recursos est\u00e1n siendo distribuidos de forma equitativa en toda la provincia, priorizando las zonas hist\u00f3ricamente desatendidas. Enfatiz\u00f3 que su administraci\u00f3n mantiene una pol\u00edtica de trabajo articulado y sin distinci\u00f3n pol\u00edtica con todos los gobiernos municipales y parroquiales. \u201cYo vine a trabajar, no a pelear. Quienes quieran conflictos, que lo hagan en otro lado. Mi compromiso es con los ciudadanos, y eso se demuestra con obras, no con discursos\u201d, declar\u00f3. Compromiso con el desarrollo y la justicia territorial La Prefectura de Morona Santiago, bajo la direcci\u00f3n de Tiyua Uyunkar, ratifica su visi\u00f3n de una provincia inclusiva, con infraestructura vial adecuada y con una administraci\u00f3n comprometida con el bienestar colectivo. Las inversiones en conectividad rural, movilidad segura y accesibilidad reflejan una gesti\u00f3n basada en resultados, di\u00e1logo institucional y participaci\u00f3n ciudadana. Con estas acciones, se busca no solo cerrar brechas hist\u00f3ricas de desigualdad, sino tambi\u00e9n fortalecer la identidad territorial y el potencial econ\u00f3mico de Morona Santiago como una provincia clave para el desarrollo sostenible de la Amazon\u00eda ecuatoriana.<\/p>\n","protected":false},"author":1,"featured_media":23723,"comment_status":"open","ping_status":"open","sticky":false,"template":"","format":"standard","meta":{"footnotes":""},"categories":[268],"tags":[],"class_list":["post-23722","post","type-post","status-publish","format-standard","has-post-thumbnail","hentry","category-nacionales"],"_links":{"self":[{"href":"https:\/\/www.elamazonico.com\/portal\/wp-json\/wp\/v2\/posts\/23722","targetHints":{"allow":["GET"]}}],"collection":[{"href":"https:\/\/www.elamazonico.com\/portal\/wp-json\/wp\/v2\/posts"}],"about":[{"href":"https:\/\/www.elamazonico.com\/portal\/wp-json\/wp\/v2\/types\/post"}],"author":[{"embeddable":true,"href":"https:\/\/www.elamazonico.com\/portal\/wp-json\/wp\/v2\/users\/1"}],"replies":[{"embeddable":true,"href":"https:\/\/www.elamazonico.com\/portal\/wp-json\/wp\/v2\/comments?post=23722"}],"version-history":[{"count":1,"href":"https:\/\/www.elamazonico.com\/portal\/wp-json\/wp\/v2\/posts\/23722\/revisions"}],"predecessor-version":[{"id":23724,"href":"https:\/\/www.elamazonico.com\/portal\/wp-json\/wp\/v2\/posts\/23722\/revisions\/23724"}],"wp:featuredmedia":[{"embeddable":true,"href":"https:\/\/www.elamazonico.com\/portal\/wp-json\/wp\/v2\/media\/23723"}],"wp:attachment":[{"href":"https:\/\/www.elamazonico.com\/portal\/wp-json\/wp\/v2\/media?parent=23722"}],"wp:term":[{"taxonomy":"category","embeddable":true,"href":"https:\/\/www.elamazonico.com\/portal\/wp-json\/wp\/v2\/categories?post=23722"},{"taxonomy":"post_tag","embeddable":true,"href":"https:\/\/www.elamazonico.com\/portal\/wp-json\/wp\/v2\/tags?post=23722"}],"curies":[{"name":"wp","href":"https:\/\/api.w.org\/{rel}","templated":true}]}}