{"id":23719,"date":"2025-05-26T16:33:04","date_gmt":"2025-05-26T21:33:04","guid":{"rendered":"https:\/\/www.elamazonico.com\/portal\/?p=23719"},"modified":"2025-05-26T16:33:04","modified_gmt":"2025-05-26T21:33:04","slug":"la-16-a-edicion-del-desfile-de-la-guayusa-y-la-canela-reafirma-la-riqueza-cultural-de-la-amazonia","status":"publish","type":"post","link":"https:\/\/www.elamazonico.com\/portal\/la-16-a-edicion-del-desfile-de-la-guayusa-y-la-canela-reafirma-la-riqueza-cultural-de-la-amazonia\/","title":{"rendered":"La 16.\u00aa Edici\u00f3n del Desfile de la Guayusa y la Canela reafirma la riqueza cultural de la Amazon\u00eda"},"content":{"rendered":"<p><strong>AMAZONIA \/ Morona Santiago.-<\/strong>\u00a0Con un despliegue vibrante de m\u00fasica, danza, identidad y color, la ciudad de Macas fue escenario de la 16.\u00aa Edici\u00f3n del Desfile de la Guayusa y la Canela, un evento emblem\u00e1tico que congreg\u00f3 a m\u00e1s de 140 representantes culturales provenientes de diversas localidades como Puyo, Santo Domingo, Taisha, Tiwintza, Macas, Sevilla Don Bosco, Chimborazo y Palora. Este encuentro se ha consolidado como una expresi\u00f3n aut\u00e9ntica de las ra\u00edces amaz\u00f3nicas, que resalta el valor de las tradiciones ancestrales y fortalece el sentido de pertenencia en la comunidad.<\/p>\n<p>La jornada cont\u00f3 con la presencia destacada del alcalde del cant\u00f3n Morona, Francisco Andramu\u00f1o, junto a los concejales municipales, quienes participaron activamente del desfile y acompa\u00f1aron con entusiasmo a los artistas, danzantes y portadores de s\u00edmbolos culturales que recorrieron las principales calles de la ciudad.<\/p>\n<p>Durante su intervenci\u00f3n p\u00fablica, el alcalde Andramu\u00f1o reafirm\u00f3 el compromiso institucional de continuar apoyando eventos culturales de esta magnitud, destacando que \u00abestos espacios no solo revitalizan nuestras tradiciones, sino que tambi\u00e9n impulsan el desarrollo tur\u00edstico y la cohesi\u00f3n social en nuestro cant\u00f3n\u00bb. Adem\u00e1s, felicit\u00f3 a los organizadores, gestores culturales y delegaciones participantes por su entrega, creatividad y esfuerzo en mantener viva una tradici\u00f3n que se ha convertido en patrimonio inmaterial de nuestra identidad colectiva.<\/p>\n<p>El Desfile de la Guayusa y la Canela, m\u00e1s all\u00e1 de su car\u00e1cter festivo, representa una plataforma de visibilizaci\u00f3n del talento art\u00edstico de las comunidades amaz\u00f3nicas y andinas, y fomenta la interculturalidad como base del desarrollo sostenible y arm\u00f3nico de la regi\u00f3n.<\/p>\n<p>Desde el Gobierno Aut\u00f3nomo Descentralizado del Cant\u00f3n Morona se reitera la voluntad de seguir trabajando conjuntamente con actores culturales, comunidades y organizaciones para garantizar que este tipo de manifestaciones contin\u00faen creciendo y proyect\u00e1ndose a nivel nacional e internacional.<\/p>\n","protected":false},"excerpt":{"rendered":"<p>AMAZONIA \/ Morona Santiago.-\u00a0Con un despliegue vibrante de m\u00fasica, danza, identidad y color, la ciudad de Macas fue escenario de la 16.\u00aa Edici\u00f3n del Desfile de la Guayusa y la Canela, un evento emblem\u00e1tico que congreg\u00f3 a m\u00e1s de 140 representantes culturales provenientes de diversas localidades como Puyo, Santo Domingo, Taisha, Tiwintza, Macas, Sevilla Don Bosco, Chimborazo y Palora. Este encuentro se ha consolidado como una expresi\u00f3n aut\u00e9ntica de las ra\u00edces amaz\u00f3nicas, que resalta el valor de las tradiciones ancestrales y fortalece el sentido de pertenencia en la comunidad. La jornada cont\u00f3 con la presencia destacada del alcalde del cant\u00f3n Morona, Francisco Andramu\u00f1o, junto a los concejales municipales, quienes participaron activamente del desfile y acompa\u00f1aron con entusiasmo a los artistas, danzantes y portadores de s\u00edmbolos culturales que recorrieron las principales calles de la ciudad. Durante su intervenci\u00f3n p\u00fablica, el alcalde Andramu\u00f1o reafirm\u00f3 el compromiso institucional de continuar apoyando eventos culturales de esta magnitud, destacando que \u00abestos espacios no solo revitalizan nuestras tradiciones, sino que tambi\u00e9n impulsan el desarrollo tur\u00edstico y la cohesi\u00f3n social en nuestro cant\u00f3n\u00bb. Adem\u00e1s, felicit\u00f3 a los organizadores, gestores culturales y delegaciones participantes por su entrega, creatividad y esfuerzo en mantener viva una tradici\u00f3n que se ha convertido en patrimonio inmaterial de nuestra identidad colectiva. El Desfile de la Guayusa y la Canela, m\u00e1s all\u00e1 de su car\u00e1cter festivo, representa una plataforma de visibilizaci\u00f3n del talento art\u00edstico de las comunidades amaz\u00f3nicas y andinas, y fomenta la interculturalidad como base del desarrollo sostenible y arm\u00f3nico de la regi\u00f3n. Desde el Gobierno Aut\u00f3nomo Descentralizado del Cant\u00f3n Morona se reitera la voluntad de seguir trabajando conjuntamente con actores culturales, comunidades y organizaciones para garantizar que este tipo de manifestaciones contin\u00faen creciendo y proyect\u00e1ndose a nivel nacional e internacional.<\/p>\n","protected":false},"author":1,"featured_media":23720,"comment_status":"open","ping_status":"open","sticky":false,"template":"","format":"standard","meta":{"footnotes":""},"categories":[268],"tags":[],"class_list":["post-23719","post","type-post","status-publish","format-standard","has-post-thumbnail","hentry","category-nacionales"],"_links":{"self":[{"href":"https:\/\/www.elamazonico.com\/portal\/wp-json\/wp\/v2\/posts\/23719","targetHints":{"allow":["GET"]}}],"collection":[{"href":"https:\/\/www.elamazonico.com\/portal\/wp-json\/wp\/v2\/posts"}],"about":[{"href":"https:\/\/www.elamazonico.com\/portal\/wp-json\/wp\/v2\/types\/post"}],"author":[{"embeddable":true,"href":"https:\/\/www.elamazonico.com\/portal\/wp-json\/wp\/v2\/users\/1"}],"replies":[{"embeddable":true,"href":"https:\/\/www.elamazonico.com\/portal\/wp-json\/wp\/v2\/comments?post=23719"}],"version-history":[{"count":1,"href":"https:\/\/www.elamazonico.com\/portal\/wp-json\/wp\/v2\/posts\/23719\/revisions"}],"predecessor-version":[{"id":23721,"href":"https:\/\/www.elamazonico.com\/portal\/wp-json\/wp\/v2\/posts\/23719\/revisions\/23721"}],"wp:featuredmedia":[{"embeddable":true,"href":"https:\/\/www.elamazonico.com\/portal\/wp-json\/wp\/v2\/media\/23720"}],"wp:attachment":[{"href":"https:\/\/www.elamazonico.com\/portal\/wp-json\/wp\/v2\/media?parent=23719"}],"wp:term":[{"taxonomy":"category","embeddable":true,"href":"https:\/\/www.elamazonico.com\/portal\/wp-json\/wp\/v2\/categories?post=23719"},{"taxonomy":"post_tag","embeddable":true,"href":"https:\/\/www.elamazonico.com\/portal\/wp-json\/wp\/v2\/tags?post=23719"}],"curies":[{"name":"wp","href":"https:\/\/api.w.org\/{rel}","templated":true}]}}