{"id":23716,"date":"2025-05-26T16:06:26","date_gmt":"2025-05-26T21:06:26","guid":{"rendered":"https:\/\/www.elamazonico.com\/portal\/?p=23716"},"modified":"2025-05-26T16:06:26","modified_gmt":"2025-05-26T21:06:26","slug":"teniente-coronel-patricio-vargas-cruz-la-seguridad-del-pais-requiere-leyes-firmes-respaldo-institucional-y-compromiso-ciudadano","status":"publish","type":"post","link":"https:\/\/www.elamazonico.com\/portal\/teniente-coronel-patricio-vargas-cruz-la-seguridad-del-pais-requiere-leyes-firmes-respaldo-institucional-y-compromiso-ciudadano\/","title":{"rendered":"Teniente Coronel Patricio Vargas Cruz: \u00abLa seguridad del pa\u00eds requiere leyes firmes, respaldo institucional y compromiso ciudadano\u00bb"},"content":{"rendered":"<p>En entrevista exclusiva con Diario El Amaz\u00f3nico, el Teniente Coronel Patricio Vargas Cruz, actual comandante de la Subzona Morona Santiago de la Polic\u00eda Nacional del Ecuador, reflexion\u00f3 sobre los desaf\u00edos, avances y responsabilidades que enfrenta la instituci\u00f3n policial en el actual contexto nacional. Su mensaje, dirigido con especial afecto a la ciudadan\u00eda de Zamora Chinchipe, donde anteriormente prest\u00f3 servicio, resalta no solo su visi\u00f3n profesional, sino tambi\u00e9n el profundo compromiso humano y patri\u00f3tico que gu\u00eda su labor.<\/p>\n<p><strong>Usted puso al debate nacional la necesidad de mostrar el rostro de un delincuente. Porque.? <\/strong><\/p>\n<p>\u201cNo fue un clamor personal, sino la voz de toda la instituci\u00f3n y de la ciudadan\u00eda\u201d, refiri\u00e9ndose a su pronunciamiento p\u00fablico sobre la necesidad de fortalecer el respaldo legal e institucional hacia quienes, d\u00eda a d\u00eda, enfrentan en las calles a estructuras criminales. \u201cParece que la balanza se ha inclinado durante un tiempo a favor de quienes transgreden la ley\u201d, indic\u00f3, al tiempo que reafirm\u00f3 que la Polic\u00eda Nacional y las Fuerzas Armadas requieren una legislaci\u00f3n que proteja a quienes defienden a la sociedad.<\/p>\n<p><strong>Respaldo institucional y respaldo ciudadano<\/strong><\/p>\n<p>El oficial valor\u00f3 el actual escenario pol\u00edtico del pa\u00eds, destacando el respaldo mostrado por el Gobierno Nacional, liderado por el presidente Daniel Noboa. \u201cEstamos viviendo un nuevo escenario en la vida pol\u00edtica del pa\u00eds\u201d, mencion\u00f3, aludiendo a una renovada voluntad del Ejecutivo para ejecutar una lucha frontal contra las organizaciones criminales. Entre las contribuciones concretas del Gobierno, destac\u00f3 el fortalecimiento log\u00edstico y la presentaci\u00f3n de proyectos de ley que buscan mejorar las condiciones de seguridad en la naci\u00f3n.<\/p>\n<p>El coronel Vargas tambi\u00e9n resalt\u00f3 el apoyo recibido de representantes legislativos, como el asamble\u00edsta Edwin Jarr\u00edn de Morona Santiago, quien ha manifestado su respaldo al trabajo policial mediante una propuesta concreta que ser\u00e1 presentada ante la Asamblea Nacional, y que surge a ra\u00edz de los recientes acontecimientos ocurridos en la provincia de Morona Santiago.<\/p>\n<p><strong>Reconocimiento al trabajo policial y al sacrificio de sus miembros<\/strong><\/p>\n<p>\u201cEsta muestra de respaldo es la confianza que nos otorga la ciudadan\u00eda\u201d, se\u00f1al\u00f3,. \u201cMientras contemos con el respaldo de las autoridades y la ciudadan\u00eda, vamos a seguir firmes. Nuestro trabajo nos expone, s\u00ed, pero lo asumimos con responsabilidad y vocaci\u00f3n\u201d.<\/p>\n<p>En un emotivo momento de la entrevista, Vargas se dirigi\u00f3 a las familias de los polic\u00edas ca\u00eddos en actos de servicio, reconociendo con voz entrecortada el profundo dolor que implica perder a un ser querido en el cumplimiento del deber. \u201cEs a ellos a quienes dedicamos nuestro trabajo diario. Ese es el mejor homenaje que podemos rendirles: seguir cumpliendo con la misi\u00f3n de proteger a nuestra naci\u00f3n\u201d, afirm\u00f3. Record\u00f3 tambi\u00e9n a los polic\u00edas fallecidos durante la pandemia, resaltando que, mientras el pa\u00eds viv\u00eda el aislamiento, la Polic\u00eda Nacional permanec\u00eda activa en las calles, cumpliendo su labor.<\/p>\n<p>Un polic\u00eda que ama su uniforme y al Ecuador<\/p>\n<p>Patricio Vargas Cruz es oriundo de Tanicuch\u00edn, un peque\u00f1o poblado en la provincia de Cotopaxi. Orgulloso de sus ra\u00edces humildes, se describe como un hijo, hermano, esposo y padre que, como muchos ecuatorianos, lucha por un pa\u00eds en paz. \u00a0\u201cEs un polic\u00eda que ama, que trata de llevar con dignidad el uniforme, que no se manche con actos de corrupci\u00f3n, y que ama profundamente al Ecuador\u201d.<\/p>\n<p>Reconoci\u00f3 tambi\u00e9n que el pa\u00eds ha vivido momentos extremadamente duros: desde terremotos hasta la pandemia, y m\u00e1s recientemente, la ola de violencia que sacudi\u00f3 a la naci\u00f3n, incluyendo el asesinato de un candidato presidencial. Frente a ello, sostuvo con firmeza que el Ecuador debe volver a ser un pa\u00eds de paz y esperanza.<\/p>\n<p><strong>Llamado al respaldo legal y moral<\/strong><\/p>\n<p>Finalmente, el comandante hizo un llamado urgente a los actores del sistema judicial y a las autoridades nacionales: \u201cLa Polic\u00eda Nacional necesita leyes que respalden nuestro accionar, que est\u00e9n del lado de los ciudadanos honestos y no de los delincuentes\u201d, expres\u00f3. Adem\u00e1s, record\u00f3 los casos de compa\u00f1eros injustamente sentenciados en el pasado, quienes ahora han sido declarados inocentes, reflejando el impacto de una \u00e9poca de persecuci\u00f3n institucional.<\/p>\n<p>\u201cNecesitamos el respaldo log\u00edstico, judicial y moral. Mientras ese respaldo contin\u00fae, nosotros nos comprometemos a seguir dando todo por nuestro pa\u00eds\u201d, concluy\u00f3.<\/p>\n","protected":false},"excerpt":{"rendered":"<p>En entrevista exclusiva con Diario El Amaz\u00f3nico, el Teniente Coronel Patricio Vargas Cruz, actual comandante de la Subzona Morona Santiago de la Polic\u00eda Nacional del Ecuador, reflexion\u00f3 sobre los desaf\u00edos, avances y responsabilidades que enfrenta la instituci\u00f3n policial en el actual contexto nacional. Su mensaje, dirigido con especial afecto a la ciudadan\u00eda de Zamora Chinchipe, donde anteriormente prest\u00f3 servicio, resalta no solo su visi\u00f3n profesional, sino tambi\u00e9n el profundo compromiso humano y patri\u00f3tico que gu\u00eda su labor. Usted puso al debate nacional la necesidad de mostrar el rostro de un delincuente. Porque.? \u201cNo fue un clamor personal, sino la voz de toda la instituci\u00f3n y de la ciudadan\u00eda\u201d, refiri\u00e9ndose a su pronunciamiento p\u00fablico sobre la necesidad de fortalecer el respaldo legal e institucional hacia quienes, d\u00eda a d\u00eda, enfrentan en las calles a estructuras criminales. \u201cParece que la balanza se ha inclinado durante un tiempo a favor de quienes transgreden la ley\u201d, indic\u00f3, al tiempo que reafirm\u00f3 que la Polic\u00eda Nacional y las Fuerzas Armadas requieren una legislaci\u00f3n que proteja a quienes defienden a la sociedad. Respaldo institucional y respaldo ciudadano El oficial valor\u00f3 el actual escenario pol\u00edtico del pa\u00eds, destacando el respaldo mostrado por el Gobierno Nacional, liderado por el presidente Daniel Noboa. \u201cEstamos viviendo un nuevo escenario en la vida pol\u00edtica del pa\u00eds\u201d, mencion\u00f3, aludiendo a una renovada voluntad del Ejecutivo para ejecutar una lucha frontal contra las organizaciones criminales. Entre las contribuciones concretas del Gobierno, destac\u00f3 el fortalecimiento log\u00edstico y la presentaci\u00f3n de proyectos de ley que buscan mejorar las condiciones de seguridad en la naci\u00f3n. El coronel Vargas tambi\u00e9n resalt\u00f3 el apoyo recibido de representantes legislativos, como el asamble\u00edsta Edwin Jarr\u00edn de Morona Santiago, quien ha manifestado su respaldo al trabajo policial mediante una propuesta concreta que ser\u00e1 presentada ante la Asamblea Nacional, y que surge a ra\u00edz de los recientes acontecimientos ocurridos en la provincia de Morona Santiago. Reconocimiento al trabajo policial y al sacrificio de sus miembros \u201cEsta muestra de respaldo es la confianza que nos otorga la ciudadan\u00eda\u201d, se\u00f1al\u00f3,. \u201cMientras contemos con el respaldo de las autoridades y la ciudadan\u00eda, vamos a seguir firmes. Nuestro trabajo nos expone, s\u00ed, pero lo asumimos con responsabilidad y vocaci\u00f3n\u201d. En un emotivo momento de la entrevista, Vargas se dirigi\u00f3 a las familias de los polic\u00edas ca\u00eddos en actos de servicio, reconociendo con voz entrecortada el profundo dolor que implica perder a un ser querido en el cumplimiento del deber. \u201cEs a ellos a quienes dedicamos nuestro trabajo diario. Ese es el mejor homenaje que podemos rendirles: seguir cumpliendo con la misi\u00f3n de proteger a nuestra naci\u00f3n\u201d, afirm\u00f3. Record\u00f3 tambi\u00e9n a los polic\u00edas fallecidos durante la pandemia, resaltando que, mientras el pa\u00eds viv\u00eda el aislamiento, la Polic\u00eda Nacional permanec\u00eda activa en las calles, cumpliendo su labor. Un polic\u00eda que ama su uniforme y al Ecuador Patricio Vargas Cruz es oriundo de Tanicuch\u00edn, un peque\u00f1o poblado en la provincia de Cotopaxi. Orgulloso de sus ra\u00edces humildes, se describe como un hijo, hermano, esposo y padre que, como muchos ecuatorianos, lucha por un pa\u00eds en paz. \u00a0\u201cEs un polic\u00eda que ama, que trata de llevar con dignidad el uniforme, que no se manche con actos de corrupci\u00f3n, y que ama profundamente al Ecuador\u201d. Reconoci\u00f3 tambi\u00e9n que el pa\u00eds ha vivido momentos extremadamente duros: desde terremotos hasta la pandemia, y m\u00e1s recientemente, la ola de violencia que sacudi\u00f3 a la naci\u00f3n, incluyendo el asesinato de un candidato presidencial. Frente a ello, sostuvo con firmeza que el Ecuador debe volver a ser un pa\u00eds de paz y esperanza. Llamado al respaldo legal y moral Finalmente, el comandante hizo un llamado urgente a los actores del sistema judicial y a las autoridades nacionales: \u201cLa Polic\u00eda Nacional necesita leyes que respalden nuestro accionar, que est\u00e9n del lado de los ciudadanos honestos y no de los delincuentes\u201d, expres\u00f3. Adem\u00e1s, record\u00f3 los casos de compa\u00f1eros injustamente sentenciados en el pasado, quienes ahora han sido declarados inocentes, reflejando el impacto de una \u00e9poca de persecuci\u00f3n institucional. \u201cNecesitamos el respaldo log\u00edstico, judicial y moral. Mientras ese respaldo contin\u00fae, nosotros nos comprometemos a seguir dando todo por nuestro pa\u00eds\u201d, concluy\u00f3.<\/p>\n","protected":false},"author":1,"featured_media":23717,"comment_status":"open","ping_status":"open","sticky":false,"template":"","format":"standard","meta":{"footnotes":""},"categories":[268],"tags":[],"class_list":["post-23716","post","type-post","status-publish","format-standard","has-post-thumbnail","hentry","category-nacionales"],"_links":{"self":[{"href":"https:\/\/www.elamazonico.com\/portal\/wp-json\/wp\/v2\/posts\/23716","targetHints":{"allow":["GET"]}}],"collection":[{"href":"https:\/\/www.elamazonico.com\/portal\/wp-json\/wp\/v2\/posts"}],"about":[{"href":"https:\/\/www.elamazonico.com\/portal\/wp-json\/wp\/v2\/types\/post"}],"author":[{"embeddable":true,"href":"https:\/\/www.elamazonico.com\/portal\/wp-json\/wp\/v2\/users\/1"}],"replies":[{"embeddable":true,"href":"https:\/\/www.elamazonico.com\/portal\/wp-json\/wp\/v2\/comments?post=23716"}],"version-history":[{"count":1,"href":"https:\/\/www.elamazonico.com\/portal\/wp-json\/wp\/v2\/posts\/23716\/revisions"}],"predecessor-version":[{"id":23718,"href":"https:\/\/www.elamazonico.com\/portal\/wp-json\/wp\/v2\/posts\/23716\/revisions\/23718"}],"wp:featuredmedia":[{"embeddable":true,"href":"https:\/\/www.elamazonico.com\/portal\/wp-json\/wp\/v2\/media\/23717"}],"wp:attachment":[{"href":"https:\/\/www.elamazonico.com\/portal\/wp-json\/wp\/v2\/media?parent=23716"}],"wp:term":[{"taxonomy":"category","embeddable":true,"href":"https:\/\/www.elamazonico.com\/portal\/wp-json\/wp\/v2\/categories?post=23716"},{"taxonomy":"post_tag","embeddable":true,"href":"https:\/\/www.elamazonico.com\/portal\/wp-json\/wp\/v2\/tags?post=23716"}],"curies":[{"name":"wp","href":"https:\/\/api.w.org\/{rel}","templated":true}]}}