{"id":23713,"date":"2025-05-26T14:06:58","date_gmt":"2025-05-26T19:06:58","guid":{"rendered":"https:\/\/www.elamazonico.com\/portal\/?p=23713"},"modified":"2025-05-26T14:06:58","modified_gmt":"2025-05-26T19:06:58","slug":"dritan-gjika-presunto-cabecilla-de-la-mafia-albanesa-en-ecuador-fue-detenido-en-emiratos-arabes-unidos","status":"publish","type":"post","link":"https:\/\/www.elamazonico.com\/portal\/dritan-gjika-presunto-cabecilla-de-la-mafia-albanesa-en-ecuador-fue-detenido-en-emiratos-arabes-unidos\/","title":{"rendered":"Dritan Gjika, presunto cabecilla de la Mafia Albanesa en Ecuador, fue detenido en Emiratos \u00c1rabes Unidos"},"content":{"rendered":"<p><strong>Dritan Gjika, presunto cabecilla de la Mafia Albanesa en Ecuador,<\/strong>\u00a0fue detenido la ma\u00f1ana de este lunes 26 de mayo de 2025, en un operativo de la<strong>\u00a0Interpol<\/strong>\u00a0en Abu Dabi, Emiratos \u00c1rabes Unidos. El alban\u00e9s era una de las personas m\u00e1s buscadas del pa\u00eds y se lo responsabiliza por supuestamente financiar a organizaciones criminales y enviar cargamentos de droga hacia Europa.<\/p>\n<p>El Ministerio del Interior anunci\u00f3 que la captura del capo se dio en un operativo conjunto entre Ecuador, Espa\u00f1a y autoridades del pa\u00eds de Medio Oriente.\u00a0<strong>Gjika pose\u00eda dos notificaciones rojas de la Interpol para su detenci\u00f3n inmediata,\u00a0<\/strong>por tr\u00e1fico de drogas a gran escala y lavado de activos.<\/p>\n<p>Conocido como \u00abel alban\u00e9s\u00bb,<strong>\u00a0Gjika lleg\u00f3 a Ecuador en 2009 con una visa de visitante temporal<\/strong>. Al poco tiempo se convirti\u00f3 en uno de los criminales m\u00e1s buscados del pa\u00eds, tras ser responsabilizado de liderar una estructura que enviaba cargamentos de droga hacia pa\u00edses europeos como Espa\u00f1a, Pa\u00edses Bajos y B\u00e9lgica.<\/p>\n<p>Gjika tambi\u00e9n habr\u00eda efectuado nexos con grupos criminales y estableci\u00f3 una red de colaboradores que inclu\u00edan empresas para el blanqueo de capitales. Por este caso,\u00a0<strong>llamado por la Fiscal\u00eda como \u00abPampa\u00bb<\/strong>, un Tribunal dict\u00f3 sentencia el 30 de enero de 2025 contra 14 procesados por lavado de activos.<\/p>\n<p>El alban\u00e9s, quien fue vinculado al caso como presunto autor material del delito, no pudo ser sentenciado, debido a que se encontraba en calidad de pr\u00f3fugo de la justicia.<\/p>\n<p>Tambi\u00e9n se lo relaciona con\u00a0<strong>el operador pol\u00edtico Rub\u00e9n Cherres<\/strong>, asesinado el 31 de marzo de 2023, como socios en supuestas empresas inmobiliarias.<\/p>\n<p><strong>Gjika se encuentra detenido en Emiratos \u00c1rabes Unidos<\/strong>\u00a0y -seg\u00fan anunci\u00f3 el Ministerio del Interior- se iniciar\u00e1 con su proceso de extradici\u00f3n hacia Ecuador.<\/p>\n<p>El capo tambi\u00e9n tiene abiertos procesos penales por narcotr\u00e1fico y delincuencia organizada. <strong>Fuente: El Tel\u00e9grafo<\/strong><\/p>\n<div class=\"twitter-tweet twitter-tweet-rendered\"><iframe id=\"twitter-widget-1\" class=\"\" title=\"X Post\" src=\"https:\/\/platform.twitter.com\/embed\/Tweet.html?creatorScreenName=el_telegrafo&amp;dnt=false&amp;embedId=twitter-widget-1&amp;features=eyJ0ZndfdGltZWxpbmVfbGlzdCI6eyJidWNrZXQiOltdLCJ2ZXJzaW9uIjpudWxsfSwidGZ3X2ZvbGxvd2VyX2NvdW50X3N1bnNldCI6eyJidWNrZXQiOnRydWUsInZlcnNpb24iOm51bGx9LCJ0ZndfdHdlZXRfZWRpdF9iYWNrZW5kIjp7ImJ1Y2tldCI6Im9uIiwidmVyc2lvbiI6bnVsbH0sInRmd19yZWZzcmNfc2Vzc2lvbiI6eyJidWNrZXQiOiJvbiIsInZlcnNpb24iOm51bGx9LCJ0ZndfZm9zbnJfc29mdF9pbnRlcnZlbnRpb25zX2VuYWJsZWQiOnsiYnVja2V0Ijoib24iLCJ2ZXJzaW9uIjpudWxsfSwidGZ3X21peGVkX21lZGlhXzE1ODk3Ijp7ImJ1Y2tldCI6InRyZWF0bWVudCIsInZlcnNpb24iOm51bGx9LCJ0ZndfZXhwZXJpbWVudHNfY29va2llX2V4cGlyYXRpb24iOnsiYnVja2V0IjoxMjA5NjAwLCJ2ZXJzaW9uIjpudWxsfSwidGZ3X3Nob3dfYmlyZHdhdGNoX3Bpdm90c19lbmFibGVkIjp7ImJ1Y2tldCI6Im9uIiwidmVyc2lvbiI6bnVsbH0sInRmd19kdXBsaWNhdGVfc2NyaWJlc190b19zZXR0aW5ncyI6eyJidWNrZXQiOiJvbiIsInZlcnNpb24iOm51bGx9LCJ0ZndfdXNlX3Byb2ZpbGVfaW1hZ2Vfc2hhcGVfZW5hYmxlZCI6eyJidWNrZXQiOiJvbiIsInZlcnNpb24iOm51bGx9LCJ0ZndfdmlkZW9faGxzX2R5bmFtaWNfbWFuaWZlc3RzXzE1MDgyIjp7ImJ1Y2tldCI6InRydWVfYml0cmF0ZSIsInZlcnNpb24iOm51bGx9LCJ0ZndfbGVnYWN5X3RpbWVsaW5lX3N1bnNldCI6eyJidWNrZXQiOnRydWUsInZlcnNpb24iOm51bGx9LCJ0ZndfdHdlZXRfZWRpdF9mcm9udGVuZCI6eyJidWNrZXQiOiJvbiIsInZlcnNpb24iOm51bGx9fQ%3D%3D&amp;frame=false&amp;hideCard=false&amp;hideThread=false&amp;id=1927044486300918033&amp;lang=es&amp;origin=https%3A%2F%2Fwww.eltelegrafo.com.ec%2Fseguridad%2Fseguridad%2F44%2Fdritan-gjika-lider-mafia-detenido&amp;sessionId=2dbd6a867c592d8eaac0c6fd12bb38d634ed01d9&amp;siteScreenName=el_telegrafo&amp;theme=light&amp;widgetsVersion=2615f7e52b7e0%3A1702314776716&amp;width=550px\" frameborder=\"0\" scrolling=\"no\" allowfullscreen=\"allowfullscreen\" data-tweet-id=\"1927044486300918033\" data-mce-fragment=\"1\"><\/iframe><\/div>\n<p><strong>TE PUEDE INTERESAR:\u00a0<\/strong><\/p>\n<div class=\"twitter-tweet twitter-tweet-rendered\"><iframe id=\"twitter-widget-2\" class=\"\" title=\"X Post\" src=\"https:\/\/platform.twitter.com\/embed\/Tweet.html?creatorScreenName=el_telegrafo&amp;dnt=false&amp;embedId=twitter-widget-2&amp;features=eyJ0ZndfdGltZWxpbmVfbGlzdCI6eyJidWNrZXQiOltdLCJ2ZXJzaW9uIjpudWxsfSwidGZ3X2ZvbGxvd2VyX2NvdW50X3N1bnNldCI6eyJidWNrZXQiOnRydWUsInZlcnNpb24iOm51bGx9LCJ0ZndfdHdlZXRfZWRpdF9iYWNrZW5kIjp7ImJ1Y2tldCI6Im9uIiwidmVyc2lvbiI6bnVsbH0sInRmd19yZWZzcmNfc2Vzc2lvbiI6eyJidWNrZXQiOiJvbiIsInZlcnNpb24iOm51bGx9LCJ0ZndfZm9zbnJfc29mdF9pbnRlcnZlbnRpb25zX2VuYWJsZWQiOnsiYnVja2V0Ijoib24iLCJ2ZXJzaW9uIjpudWxsfSwidGZ3X21peGVkX21lZGlhXzE1ODk3Ijp7ImJ1Y2tldCI6InRyZWF0bWVudCIsInZlcnNpb24iOm51bGx9LCJ0ZndfZXhwZXJpbWVudHNfY29va2llX2V4cGlyYXRpb24iOnsiYnVja2V0IjoxMjA5NjAwLCJ2ZXJzaW9uIjpudWxsfSwidGZ3X3Nob3dfYmlyZHdhdGNoX3Bpdm90c19lbmFibGVkIjp7ImJ1Y2tldCI6Im9uIiwidmVyc2lvbiI6bnVsbH0sInRmd19kdXBsaWNhdGVfc2NyaWJlc190b19zZXR0aW5ncyI6eyJidWNrZXQiOiJvbiIsInZlcnNpb24iOm51bGx9LCJ0ZndfdXNlX3Byb2ZpbGVfaW1hZ2Vfc2hhcGVfZW5hYmxlZCI6eyJidWNrZXQiOiJvbiIsInZlcnNpb24iOm51bGx9LCJ0ZndfdmlkZW9faGxzX2R5bmFtaWNfbWFuaWZlc3RzXzE1MDgyIjp7ImJ1Y2tldCI6InRydWVfYml0cmF0ZSIsInZlcnNpb24iOm51bGx9LCJ0ZndfbGVnYWN5X3RpbWVsaW5lX3N1bnNldCI6eyJidWNrZXQiOnRydWUsInZlcnNpb24iOm51bGx9LCJ0ZndfdHdlZXRfZWRpdF9mcm9udGVuZCI6eyJidWNrZXQiOiJvbiIsInZlcnNpb24iOm51bGx9fQ%3D%3D&amp;frame=false&amp;hideCard=false&amp;hideThread=false&amp;id=1927043592385695938&amp;lang=es&amp;origin=https%3A%2F%2Fwww.eltelegrafo.com.ec%2Fseguridad%2Fseguridad%2F44%2Fdritan-gjika-lider-mafia-detenido&amp;sessionId=2dbd6a867c592d8eaac0c6fd12bb38d634ed01d9&amp;siteScreenName=el_telegrafo&amp;theme=light&amp;widgetsVersion=2615f7e52b7e0%3A1702314776716&amp;width=550px\" frameborder=\"0\" scrolling=\"no\" allowfullscreen=\"allowfullscreen\" data-tweet-id=\"1927043592385695938\" data-mce-fragment=\"1\"><\/iframe><\/div>\n","protected":false},"excerpt":{"rendered":"<p>Dritan Gjika, presunto cabecilla de la Mafia Albanesa en Ecuador,\u00a0fue detenido la ma\u00f1ana de este lunes 26 de mayo de 2025, en un operativo de la\u00a0Interpol\u00a0en Abu Dabi, Emiratos \u00c1rabes Unidos. El alban\u00e9s era una de las personas m\u00e1s buscadas del pa\u00eds y se lo responsabiliza por supuestamente financiar a organizaciones criminales y enviar cargamentos de droga hacia Europa. El Ministerio del Interior anunci\u00f3 que la captura del capo se dio en un operativo conjunto entre Ecuador, Espa\u00f1a y autoridades del pa\u00eds de Medio Oriente.\u00a0Gjika pose\u00eda dos notificaciones rojas de la Interpol para su detenci\u00f3n inmediata,\u00a0por tr\u00e1fico de drogas a gran escala y lavado de activos. Conocido como \u00abel alban\u00e9s\u00bb,\u00a0Gjika lleg\u00f3 a Ecuador en 2009 con una visa de visitante temporal. Al poco tiempo se convirti\u00f3 en uno de los criminales m\u00e1s buscados del pa\u00eds, tras ser responsabilizado de liderar una estructura que enviaba cargamentos de droga hacia pa\u00edses europeos como Espa\u00f1a, Pa\u00edses Bajos y B\u00e9lgica. Gjika tambi\u00e9n habr\u00eda efectuado nexos con grupos criminales y estableci\u00f3 una red de colaboradores que inclu\u00edan empresas para el blanqueo de capitales. Por este caso,\u00a0llamado por la Fiscal\u00eda como \u00abPampa\u00bb, un Tribunal dict\u00f3 sentencia el 30 de enero de 2025 contra 14 procesados por lavado de activos. El alban\u00e9s, quien fue vinculado al caso como presunto autor material del delito, no pudo ser sentenciado, debido a que se encontraba en calidad de pr\u00f3fugo de la justicia. Tambi\u00e9n se lo relaciona con\u00a0el operador pol\u00edtico Rub\u00e9n Cherres, asesinado el 31 de marzo de 2023, como socios en supuestas empresas inmobiliarias. Gjika se encuentra detenido en Emiratos \u00c1rabes Unidos\u00a0y -seg\u00fan anunci\u00f3 el Ministerio del Interior- se iniciar\u00e1 con su proceso de extradici\u00f3n hacia Ecuador. El capo tambi\u00e9n tiene abiertos procesos penales por narcotr\u00e1fico y delincuencia organizada. Fuente: El Tel\u00e9grafo TE PUEDE INTERESAR:\u00a0<\/p>\n","protected":false},"author":1,"featured_media":23714,"comment_status":"open","ping_status":"open","sticky":false,"template":"","format":"standard","meta":{"footnotes":""},"categories":[268],"tags":[],"class_list":["post-23713","post","type-post","status-publish","format-standard","has-post-thumbnail","hentry","category-nacionales"],"_links":{"self":[{"href":"https:\/\/www.elamazonico.com\/portal\/wp-json\/wp\/v2\/posts\/23713","targetHints":{"allow":["GET"]}}],"collection":[{"href":"https:\/\/www.elamazonico.com\/portal\/wp-json\/wp\/v2\/posts"}],"about":[{"href":"https:\/\/www.elamazonico.com\/portal\/wp-json\/wp\/v2\/types\/post"}],"author":[{"embeddable":true,"href":"https:\/\/www.elamazonico.com\/portal\/wp-json\/wp\/v2\/users\/1"}],"replies":[{"embeddable":true,"href":"https:\/\/www.elamazonico.com\/portal\/wp-json\/wp\/v2\/comments?post=23713"}],"version-history":[{"count":1,"href":"https:\/\/www.elamazonico.com\/portal\/wp-json\/wp\/v2\/posts\/23713\/revisions"}],"predecessor-version":[{"id":23715,"href":"https:\/\/www.elamazonico.com\/portal\/wp-json\/wp\/v2\/posts\/23713\/revisions\/23715"}],"wp:featuredmedia":[{"embeddable":true,"href":"https:\/\/www.elamazonico.com\/portal\/wp-json\/wp\/v2\/media\/23714"}],"wp:attachment":[{"href":"https:\/\/www.elamazonico.com\/portal\/wp-json\/wp\/v2\/media?parent=23713"}],"wp:term":[{"taxonomy":"category","embeddable":true,"href":"https:\/\/www.elamazonico.com\/portal\/wp-json\/wp\/v2\/categories?post=23713"},{"taxonomy":"post_tag","embeddable":true,"href":"https:\/\/www.elamazonico.com\/portal\/wp-json\/wp\/v2\/tags?post=23713"}],"curies":[{"name":"wp","href":"https:\/\/api.w.org\/{rel}","templated":true}]}}