{"id":23710,"date":"2025-05-26T07:45:23","date_gmt":"2025-05-26T12:45:23","guid":{"rendered":"https:\/\/www.elamazonico.com\/portal\/?p=23710"},"modified":"2025-05-26T07:45:23","modified_gmt":"2025-05-26T12:45:23","slug":"guayaquil-indignante-buscan-a-hombre-que-atropello-varias-veces-a-un-perro","status":"publish","type":"post","link":"https:\/\/www.elamazonico.com\/portal\/guayaquil-indignante-buscan-a-hombre-que-atropello-varias-veces-a-un-perro\/","title":{"rendered":"Guayaquil: \u00a1Indignante! Buscan a hombre que atropell\u00f3 varias veces a un perro"},"content":{"rendered":"<p>Un perro fue torturado y atropellado hasta morir por un conductor en Guayaquil. El lamentable hecho ha causado indignaci\u00f3n en la ciudadan\u00eda y ha motivado a las autoridades a dar con el paradero del responsable.<\/p>\n<p data-start=\"94\" data-end=\"445\">En las im\u00e1genes, registradas la noche del s\u00e1bado 24 de mayo de 2025, se observa c\u00f3mo un conductor, a\u00fan no identificado, pasa de forma repetida con su veh\u00edculo sobre la cabeza del animal hasta causarle la muerte.<\/p>\n<p data-start=\"447\" data-end=\"918\">La denuncia ciudadana, que r\u00e1pidamente se viraliz\u00f3, provoc\u00f3 una ola de indignaci\u00f3n entre defensores de los animales y usuarios en redes sociales. El hecho ocurri\u00f3 en el norte de la ciudad y fue verificado por personal de Pro Animal, equipo municipal que acudi\u00f3 al lugar donde supuestamente reside el autor del hecho. Sin embargo, el individuo no fue localizado. Las autoridades dejaron una notificaci\u00f3n oficial convoc\u00e1ndolo a rendir su versi\u00f3n ante los entes competentes.<\/p>\n<p data-start=\"447\" data-end=\"918\">El\u00a0Municipio de Guayaquil se\u00f1al\u00f3 que\u00a0el sujeto habr\u00eda pasado \u201crepetida y violentamente\u201d con su veh\u00edculo sobre la cabeza del can. Tambi\u00e9n mencionaron que el personal de Proanimal Se dirigi\u00f3 al predio\u00a0en el que vivir\u00eda el ciudadano involucrado\u00a0pero no obtuvieron respuesta. Por\u00a0esa raz\u00f3n\u00a0dejaron una notificaci\u00f3n de la convocatoria formal para que el hombre rinda su versi\u00f3n de los hechos.<\/p>\n<p data-start=\"920\" data-end=\"1141\">\u201cCondenamos todo acto de violencia contra seres sintientes y actuamos con base en los principios de protecci\u00f3n animal, conforme al marco legal vigente\u201d, expres\u00f3 el Municipio de Guayaquil a trav\u00e9s de sus canales digitales.<\/p>\n<p data-start=\"1143\" data-end=\"1520\" data-is-last-node=\"\" data-is-only-node=\"\">En Ecuador, el maltrato animal est\u00e1 tipificado como delito. El art\u00edculo 250 del C\u00f3digo Org\u00e1nico Integral Penal (COIP) establece penas de seis meses a un a\u00f1o de prisi\u00f3n para quien cause la muerte de un animal de compa\u00f1\u00eda mediante actos de crueldad o tortura. Mientras tanto, la b\u00fasqueda del responsable contin\u00faa, y los colectivos animalistas exigen justicia por el brutal hecho<strong>. Fuente: El Tel\u00e9grafo<\/strong><\/p>\n","protected":false},"excerpt":{"rendered":"<p>Un perro fue torturado y atropellado hasta morir por un conductor en Guayaquil. El lamentable hecho ha causado indignaci\u00f3n en la ciudadan\u00eda y ha motivado a las autoridades a dar con el paradero del responsable. En las im\u00e1genes, registradas la noche del s\u00e1bado 24 de mayo de 2025, se observa c\u00f3mo un conductor, a\u00fan no identificado, pasa de forma repetida con su veh\u00edculo sobre la cabeza del animal hasta causarle la muerte. La denuncia ciudadana, que r\u00e1pidamente se viraliz\u00f3, provoc\u00f3 una ola de indignaci\u00f3n entre defensores de los animales y usuarios en redes sociales. El hecho ocurri\u00f3 en el norte de la ciudad y fue verificado por personal de Pro Animal, equipo municipal que acudi\u00f3 al lugar donde supuestamente reside el autor del hecho. Sin embargo, el individuo no fue localizado. Las autoridades dejaron una notificaci\u00f3n oficial convoc\u00e1ndolo a rendir su versi\u00f3n ante los entes competentes. El\u00a0Municipio de Guayaquil se\u00f1al\u00f3 que\u00a0el sujeto habr\u00eda pasado \u201crepetida y violentamente\u201d con su veh\u00edculo sobre la cabeza del can. Tambi\u00e9n mencionaron que el personal de Proanimal Se dirigi\u00f3 al predio\u00a0en el que vivir\u00eda el ciudadano involucrado\u00a0pero no obtuvieron respuesta. Por\u00a0esa raz\u00f3n\u00a0dejaron una notificaci\u00f3n de la convocatoria formal para que el hombre rinda su versi\u00f3n de los hechos. \u201cCondenamos todo acto de violencia contra seres sintientes y actuamos con base en los principios de protecci\u00f3n animal, conforme al marco legal vigente\u201d, expres\u00f3 el Municipio de Guayaquil a trav\u00e9s de sus canales digitales. En Ecuador, el maltrato animal est\u00e1 tipificado como delito. El art\u00edculo 250 del C\u00f3digo Org\u00e1nico Integral Penal (COIP) establece penas de seis meses a un a\u00f1o de prisi\u00f3n para quien cause la muerte de un animal de compa\u00f1\u00eda mediante actos de crueldad o tortura. Mientras tanto, la b\u00fasqueda del responsable contin\u00faa, y los colectivos animalistas exigen justicia por el brutal hecho. Fuente: El Tel\u00e9grafo<\/p>\n","protected":false},"author":1,"featured_media":23711,"comment_status":"open","ping_status":"open","sticky":false,"template":"","format":"standard","meta":{"footnotes":""},"categories":[268],"tags":[],"class_list":["post-23710","post","type-post","status-publish","format-standard","has-post-thumbnail","hentry","category-nacionales"],"_links":{"self":[{"href":"https:\/\/www.elamazonico.com\/portal\/wp-json\/wp\/v2\/posts\/23710","targetHints":{"allow":["GET"]}}],"collection":[{"href":"https:\/\/www.elamazonico.com\/portal\/wp-json\/wp\/v2\/posts"}],"about":[{"href":"https:\/\/www.elamazonico.com\/portal\/wp-json\/wp\/v2\/types\/post"}],"author":[{"embeddable":true,"href":"https:\/\/www.elamazonico.com\/portal\/wp-json\/wp\/v2\/users\/1"}],"replies":[{"embeddable":true,"href":"https:\/\/www.elamazonico.com\/portal\/wp-json\/wp\/v2\/comments?post=23710"}],"version-history":[{"count":1,"href":"https:\/\/www.elamazonico.com\/portal\/wp-json\/wp\/v2\/posts\/23710\/revisions"}],"predecessor-version":[{"id":23712,"href":"https:\/\/www.elamazonico.com\/portal\/wp-json\/wp\/v2\/posts\/23710\/revisions\/23712"}],"wp:featuredmedia":[{"embeddable":true,"href":"https:\/\/www.elamazonico.com\/portal\/wp-json\/wp\/v2\/media\/23711"}],"wp:attachment":[{"href":"https:\/\/www.elamazonico.com\/portal\/wp-json\/wp\/v2\/media?parent=23710"}],"wp:term":[{"taxonomy":"category","embeddable":true,"href":"https:\/\/www.elamazonico.com\/portal\/wp-json\/wp\/v2\/categories?post=23710"},{"taxonomy":"post_tag","embeddable":true,"href":"https:\/\/www.elamazonico.com\/portal\/wp-json\/wp\/v2\/tags?post=23710"}],"curies":[{"name":"wp","href":"https:\/\/api.w.org\/{rel}","templated":true}]}}