{"id":23707,"date":"2025-05-26T06:52:10","date_gmt":"2025-05-26T11:52:10","guid":{"rendered":"https:\/\/www.elamazonico.com\/portal\/?p=23707"},"modified":"2025-05-26T06:52:10","modified_gmt":"2025-05-26T11:52:10","slug":"daniel-noboa-confirma-a-cynthia-gellibert-y-stalin-andino-en-sus-cargos-quienes-son","status":"publish","type":"post","link":"https:\/\/www.elamazonico.com\/portal\/daniel-noboa-confirma-a-cynthia-gellibert-y-stalin-andino-en-sus-cargos-quienes-son\/","title":{"rendered":"Daniel Noboa confirma a Cynthia Gellibert y Stalin Andino en sus cargos: \u00bfqui\u00e9nes son?"},"content":{"rendered":"<div class=\"paragraph texto\">\n<p class=\"p_0\">Este s\u00e1bado 24 de mayo de 2025, el presidente de Ecuador,<b>\u00a0<a href=\"https:\/\/www.vistazo.com\/cronologia\/-\/meta\/daniel-noboa\" target=\"_blank\" rel=\"noopener noreferrer\">Daniel Noboa Az\u00edn<\/a><\/b>, oficializ\u00f3 la continuidad de\u00a0<b><a href=\"https:\/\/www.vistazo.com\/cronologia\/-\/meta\/cynthia-gellibert\" target=\"_blank\" rel=\"noopener noreferrer\">Cynthia Gellibert<\/a><\/b>\u00a0y\u00a0<b>Stalin Andino<\/b>\u00a0en sus respectivos cargos dentro del Ejecutivo, tras asumir su segundo mandato para el periodo 2025-2029.<\/p>\n<p class=\"p_1\">Mediante los decretos ejecutivos\u00a0<b>No. 002 y No. 004<\/b>, Noboa ratific\u00f3 a Cynthia Gellibert como\u00a0<b>secretaria general de la Administraci\u00f3n P\u00fablica<\/b>\u00a0y\u00a0<b>Gabinete de la Presidencia<\/b>, y a Stalin Andino como\u00a0<b>secretario general jur\u00eddico de la Presidencia.<\/b><\/p>\n<\/div>\n<div class=\"html_text\"><iframe id=\"instagram-embed-0\" class=\"instagram-media instagram-media-rendered\" src=\"https:\/\/www.instagram.com\/p\/DKDB9NVtvke\/embed\/captioned\/?cr=1&amp;v=14&amp;wp=675&amp;rd=https%3A%2F%2Fwww.vistazo.com&amp;rp=%2Factualidad%2Fnacional%2F2025-05-25-daniel-noboa-confirma-cynthia-gellibert-stalin-andino-cargos-quienes-son-KB9388408#%7B%22ci%22%3A0%2C%22os%22%3A828.2999999523163%2C%22ls%22%3A283.10000002384186%2C%22le%22%3A604.2999999523163%7D\" height=\"1239\" frameborder=\"0\" scrolling=\"no\" allowfullscreen=\"allowfullscreen\" data-instgrm-payload-id=\"instagram-media-payload-0\" data-mce-fragment=\"1\"><\/iframe><\/div>\n<div class=\"paragraph texto\">\n<p class=\"p_3\">Los documentos firmados por el jefe de Estado se\u00f1alan que la permanencia de ambos se debe al<b>\u00a0\u201cprofesionalismo, lealtad y significativa contribuci\u00f3n al fortalecimiento institucional del Gobierno\u201d.<\/b><\/p>\n<div class=\"Center2Display\">\n<div id=\"Center2\" data-google-query-id=\"CPrp4eeIwY0DFd8LigMd9IQTUw\">\n<div id=\"google_ads_iframe_\/21839199781\/Vistazo\/Vistazo_Center2_0__container__\"><strong>\u00bfQui\u00e9n es Cynthia Gellibert?<\/strong><\/div>\n<\/div>\n<\/div>\n<\/div>\n<div class=\"paragraph texto\">\n<p class=\"p_4\">Gellibert es economista graduada por la<b>\u00a0Universidad Laica Vicente Rocafuerte de Guayaquil\u00a0<\/b>y posee una maestr\u00eda en\u00a0<b>Administraci\u00f3n P\u00fablica<\/b>\u00a0por la\u00a0<b>Universidad Estatal de la Pen\u00ednsula de Santa Elena.<\/b><\/p>\n<p class=\"p_5\">Durante la primera gesti\u00f3n de Noboa, se desempe\u00f1\u00f3 como presidenta del directorio de la<b>\u00a0Empresa Coordinadora de Empresas P\u00fablicas (EMCO)<\/b>, cuya liquidaci\u00f3n se concret\u00f3 en 2024. Adem\u00e1s, ocup\u00f3 cargos como coordinadora zonal 5 en el\u00a0<b>Ministerio de Gobierno (2021-2022)\u00a0<\/b>y\u00a0<b>subsecretaria general del Despacho Presidencial (2023-2024)<\/b>.<\/p>\n<\/div>\n<div class=\"html_text\"><iframe id=\"instagram-embed-1\" class=\"instagram-media instagram-media-rendered\" src=\"https:\/\/www.instagram.com\/p\/DKFTOHjRfCM\/embed\/captioned\/?cr=1&amp;v=14&amp;wp=675&amp;rd=https%3A%2F%2Fwww.vistazo.com&amp;rp=%2Factualidad%2Fnacional%2F2025-05-25-daniel-noboa-confirma-cynthia-gellibert-stalin-andino-cargos-quienes-son-KB9388408#%7B%22ci%22%3A1%2C%22os%22%3A830.6000000238419%2C%22ls%22%3A283.10000002384186%2C%22le%22%3A604.2999999523163%7D\" height=\"690\" frameborder=\"0\" scrolling=\"no\" allowfullscreen=\"allowfullscreen\" data-instgrm-payload-id=\"instagram-media-payload-1\" data-mce-fragment=\"1\"><\/iframe><\/div>\n<div class=\"paragraph texto\">\n<p class=\"p_7\">En 2024, fue designada como<b><a href=\"https:\/\/www.vistazo.com\/politica\/nacional\/2023-03-29-daniel-noboa-designa-cynthia-gellibert-vicepresidenta-quedara-firme-sancion-veronica-abad-BD9041535\" target=\"_blank\" rel=\"noopener noreferrer\">\u00a0vicepresidenta encargada de la Rep\u00fablica<\/a><\/b>\u00a0luego de que\u00a0<b><a href=\"https:\/\/www.vistazo.com\/cronologia\/-\/meta\/veronica-abad\" target=\"_blank\" rel=\"noopener noreferrer\">Ver\u00f3nica Abad<\/a><\/b>\u00a0fuera suspendida pol\u00edticamente. Su cercan\u00eda con Noboa se remonta a la \u00e9poca en la que lo asesor\u00f3 durante su paso por la Asamblea Nacional entre 2021 y 2023.<\/p>\n<p class=\"p_8\"><strong>Trayectoria de Stalin Andino<\/strong><\/p>\n<\/div>\n<div class=\"paragraph texto\">\n<p class=\"p_9\"><b>Stalin Andino\u00a0<\/b>ha trabajado como subsecretario en la\u00a0<b>Secretar\u00eda Jur\u00eddica de la Presidencia\u00a0<\/b>durante el primer periodo de Noboa. Tambi\u00e9n representa al Ejecutivo ante el directorio de la\u00a0<b>Agencia de Aseguramiento de la Calidad de los Servicios de Salud y Medicina Prepagada (Acess).<\/b><\/p>\n<\/div>\n<div class=\"html_text\"><iframe class=\"flickr-embed-frame\" width=\"640\" height=\"427\" frameborder=\"0\" allowfullscreen=\"allowfullscreen\" data-natural-width=\"640\" data-natural-height=\"427\" data-loaded=\"true\" data-mce-fragment=\"1\"><\/iframe><\/div>\n<div class=\"paragraph texto\">\n<p class=\"p_10\">Su continuidad al frente del \u00e1rea jur\u00eddica de la Presidencia responde, seg\u00fan el decreto, a su\u00a0<b>\u00abdestacada labor t\u00e9cnica y jur\u00eddica\u00bb<\/b>, que ha contribuido a fortalecer la institucionalidad del Gobierno.<\/p>\n<\/div>\n","protected":false},"excerpt":{"rendered":"<p>Este s\u00e1bado 24 de mayo de 2025, el presidente de Ecuador,\u00a0Daniel Noboa Az\u00edn, oficializ\u00f3 la continuidad de\u00a0Cynthia Gellibert\u00a0y\u00a0Stalin Andino\u00a0en sus respectivos cargos dentro del Ejecutivo, tras asumir su segundo mandato para el periodo 2025-2029. Mediante los decretos ejecutivos\u00a0No. 002 y No. 004, Noboa ratific\u00f3 a Cynthia Gellibert como\u00a0secretaria general de la Administraci\u00f3n P\u00fablica\u00a0y\u00a0Gabinete de la Presidencia, y a Stalin Andino como\u00a0secretario general jur\u00eddico de la Presidencia. Los documentos firmados por el jefe de Estado se\u00f1alan que la permanencia de ambos se debe al\u00a0\u201cprofesionalismo, lealtad y significativa contribuci\u00f3n al fortalecimiento institucional del Gobierno\u201d. \u00bfQui\u00e9n es Cynthia Gellibert? Gellibert es economista graduada por la\u00a0Universidad Laica Vicente Rocafuerte de Guayaquil\u00a0y posee una maestr\u00eda en\u00a0Administraci\u00f3n P\u00fablica\u00a0por la\u00a0Universidad Estatal de la Pen\u00ednsula de Santa Elena. Durante la primera gesti\u00f3n de Noboa, se desempe\u00f1\u00f3 como presidenta del directorio de la\u00a0Empresa Coordinadora de Empresas P\u00fablicas (EMCO), cuya liquidaci\u00f3n se concret\u00f3 en 2024. Adem\u00e1s, ocup\u00f3 cargos como coordinadora zonal 5 en el\u00a0Ministerio de Gobierno (2021-2022)\u00a0y\u00a0subsecretaria general del Despacho Presidencial (2023-2024). En 2024, fue designada como\u00a0vicepresidenta encargada de la Rep\u00fablica\u00a0luego de que\u00a0Ver\u00f3nica Abad\u00a0fuera suspendida pol\u00edticamente. Su cercan\u00eda con Noboa se remonta a la \u00e9poca en la que lo asesor\u00f3 durante su paso por la Asamblea Nacional entre 2021 y 2023. Trayectoria de Stalin Andino Stalin Andino\u00a0ha trabajado como subsecretario en la\u00a0Secretar\u00eda Jur\u00eddica de la Presidencia\u00a0durante el primer periodo de Noboa. Tambi\u00e9n representa al Ejecutivo ante el directorio de la\u00a0Agencia de Aseguramiento de la Calidad de los Servicios de Salud y Medicina Prepagada (Acess). Su continuidad al frente del \u00e1rea jur\u00eddica de la Presidencia responde, seg\u00fan el decreto, a su\u00a0\u00abdestacada labor t\u00e9cnica y jur\u00eddica\u00bb, que ha contribuido a fortalecer la institucionalidad del Gobierno.<\/p>\n","protected":false},"author":1,"featured_media":23708,"comment_status":"open","ping_status":"open","sticky":false,"template":"","format":"standard","meta":{"footnotes":""},"categories":[268],"tags":[],"class_list":["post-23707","post","type-post","status-publish","format-standard","has-post-thumbnail","hentry","category-nacionales"],"_links":{"self":[{"href":"https:\/\/www.elamazonico.com\/portal\/wp-json\/wp\/v2\/posts\/23707","targetHints":{"allow":["GET"]}}],"collection":[{"href":"https:\/\/www.elamazonico.com\/portal\/wp-json\/wp\/v2\/posts"}],"about":[{"href":"https:\/\/www.elamazonico.com\/portal\/wp-json\/wp\/v2\/types\/post"}],"author":[{"embeddable":true,"href":"https:\/\/www.elamazonico.com\/portal\/wp-json\/wp\/v2\/users\/1"}],"replies":[{"embeddable":true,"href":"https:\/\/www.elamazonico.com\/portal\/wp-json\/wp\/v2\/comments?post=23707"}],"version-history":[{"count":1,"href":"https:\/\/www.elamazonico.com\/portal\/wp-json\/wp\/v2\/posts\/23707\/revisions"}],"predecessor-version":[{"id":23709,"href":"https:\/\/www.elamazonico.com\/portal\/wp-json\/wp\/v2\/posts\/23707\/revisions\/23709"}],"wp:featuredmedia":[{"embeddable":true,"href":"https:\/\/www.elamazonico.com\/portal\/wp-json\/wp\/v2\/media\/23708"}],"wp:attachment":[{"href":"https:\/\/www.elamazonico.com\/portal\/wp-json\/wp\/v2\/media?parent=23707"}],"wp:term":[{"taxonomy":"category","embeddable":true,"href":"https:\/\/www.elamazonico.com\/portal\/wp-json\/wp\/v2\/categories?post=23707"},{"taxonomy":"post_tag","embeddable":true,"href":"https:\/\/www.elamazonico.com\/portal\/wp-json\/wp\/v2\/tags?post=23707"}],"curies":[{"name":"wp","href":"https:\/\/api.w.org\/{rel}","templated":true}]}}