{"id":23697,"date":"2025-05-25T14:14:23","date_gmt":"2025-05-25T19:14:23","guid":{"rendered":"https:\/\/www.elamazonico.com\/portal\/?p=23697"},"modified":"2025-05-25T14:14:23","modified_gmt":"2025-05-25T19:14:23","slug":"esta-es-la-version-del-himno-de-ecuador-cantada-por-ninos-policias-y-mas-que-sorprendio-en-la-posesion-de-noboa","status":"publish","type":"post","link":"https:\/\/www.elamazonico.com\/portal\/esta-es-la-version-del-himno-de-ecuador-cantada-por-ninos-policias-y-mas-que-sorprendio-en-la-posesion-de-noboa\/","title":{"rendered":"Esta es la versi\u00f3n del Himno de Ecuador cantada por ni\u00f1os, polic\u00edas y m\u00e1s que sorprendi\u00f3 en la posesi\u00f3n de Noboa"},"content":{"rendered":"<p>En el arranque de la posesi\u00f3n del presidente Daniel Noboa, el 24 de mayo de 2025, el orden del d\u00eda dispon\u00eda la entonaci\u00f3n del Himno Nacional del Ecuador. Sin embargo, no se trat\u00f3 de la versi\u00f3n tradicional de la canci\u00f3n patria.<\/p>\n<p>El Himno fue entonado por varias personas: familias, ni\u00f1os, adultos mayores, militares, polic\u00edas, la cantante Patricia Gonz\u00e1lez Avell\u00e1n, entre otros.<\/p>\n<p>Adem\u00e1s, en la transmisi\u00f3n oficial de la ceremonia se proyectaron im\u00e1genes emblem\u00e1ticas de Ecuador como las Islas Gal\u00e1pagos, el Malec\u00f3n 2000, el Palacio de Carondelet y la Plaza de San Francisco, entre otros sitios.<\/p>\n<p>Tambi\u00e9n, un grupo de amaz\u00f3nicos cantaron en quichua un extracto de la segunda estrofa del Himno. Y en cuanto a la m\u00fasica, detr\u00e1s de las notas tradicionales, se escucharon arreglos con instrumentos andinos y sonidos de la naturaleza.<\/p>\n<p>La nota pol\u00edtica lleg\u00f3 al final. Sobre el cierre del video, apareci\u00f3 la imagen del presidente Daniel Noboa cobijado, como una especie de capa, con una bandera de Ecuador. <strong>Fuente: Primicias<\/strong><\/p>\n","protected":false},"excerpt":{"rendered":"<p>En el arranque de la posesi\u00f3n del presidente Daniel Noboa, el 24 de mayo de 2025, el orden del d\u00eda dispon\u00eda la entonaci\u00f3n del Himno Nacional del Ecuador. Sin embargo, no se trat\u00f3 de la versi\u00f3n tradicional de la canci\u00f3n patria. El Himno fue entonado por varias personas: familias, ni\u00f1os, adultos mayores, militares, polic\u00edas, la cantante Patricia Gonz\u00e1lez Avell\u00e1n, entre otros. Adem\u00e1s, en la transmisi\u00f3n oficial de la ceremonia se proyectaron im\u00e1genes emblem\u00e1ticas de Ecuador como las Islas Gal\u00e1pagos, el Malec\u00f3n 2000, el Palacio de Carondelet y la Plaza de San Francisco, entre otros sitios. Tambi\u00e9n, un grupo de amaz\u00f3nicos cantaron en quichua un extracto de la segunda estrofa del Himno. Y en cuanto a la m\u00fasica, detr\u00e1s de las notas tradicionales, se escucharon arreglos con instrumentos andinos y sonidos de la naturaleza. La nota pol\u00edtica lleg\u00f3 al final. Sobre el cierre del video, apareci\u00f3 la imagen del presidente Daniel Noboa cobijado, como una especie de capa, con una bandera de Ecuador. Fuente: Primicias<\/p>\n","protected":false},"author":1,"featured_media":23698,"comment_status":"open","ping_status":"open","sticky":false,"template":"","format":"standard","meta":{"footnotes":""},"categories":[268],"tags":[],"class_list":["post-23697","post","type-post","status-publish","format-standard","has-post-thumbnail","hentry","category-nacionales"],"_links":{"self":[{"href":"https:\/\/www.elamazonico.com\/portal\/wp-json\/wp\/v2\/posts\/23697","targetHints":{"allow":["GET"]}}],"collection":[{"href":"https:\/\/www.elamazonico.com\/portal\/wp-json\/wp\/v2\/posts"}],"about":[{"href":"https:\/\/www.elamazonico.com\/portal\/wp-json\/wp\/v2\/types\/post"}],"author":[{"embeddable":true,"href":"https:\/\/www.elamazonico.com\/portal\/wp-json\/wp\/v2\/users\/1"}],"replies":[{"embeddable":true,"href":"https:\/\/www.elamazonico.com\/portal\/wp-json\/wp\/v2\/comments?post=23697"}],"version-history":[{"count":1,"href":"https:\/\/www.elamazonico.com\/portal\/wp-json\/wp\/v2\/posts\/23697\/revisions"}],"predecessor-version":[{"id":23699,"href":"https:\/\/www.elamazonico.com\/portal\/wp-json\/wp\/v2\/posts\/23697\/revisions\/23699"}],"wp:featuredmedia":[{"embeddable":true,"href":"https:\/\/www.elamazonico.com\/portal\/wp-json\/wp\/v2\/media\/23698"}],"wp:attachment":[{"href":"https:\/\/www.elamazonico.com\/portal\/wp-json\/wp\/v2\/media?parent=23697"}],"wp:term":[{"taxonomy":"category","embeddable":true,"href":"https:\/\/www.elamazonico.com\/portal\/wp-json\/wp\/v2\/categories?post=23697"},{"taxonomy":"post_tag","embeddable":true,"href":"https:\/\/www.elamazonico.com\/portal\/wp-json\/wp\/v2\/tags?post=23697"}],"curies":[{"name":"wp","href":"https:\/\/api.w.org\/{rel}","templated":true}]}}