{"id":23690,"date":"2025-05-25T13:34:42","date_gmt":"2025-05-25T18:34:42","guid":{"rendered":"https:\/\/www.elamazonico.com\/portal\/?p=23690"},"modified":"2025-05-25T13:35:37","modified_gmt":"2025-05-25T18:35:37","slug":"23690-2","status":"publish","type":"post","link":"https:\/\/www.elamazonico.com\/portal\/23690-2\/","title":{"rendered":"Estas son las figuras del corre\u00edsmo que se cambiaron de bando, para furia de Rafael Correa"},"content":{"rendered":"<p>Los famosos &#8216;camisetazos&#8217; siempre existieron en la pol\u00edtica de Ecuador. No hay partido pol\u00edtico que no los haya sufrido y eso incluye al ultravertical corre\u00edsmo, movimiento que ha perdido figuras y aliados desde que Alianza PAIS irrumpi\u00f3 en 2007 con Rafael Correa como candidato presidencial y l\u00edder supremo.<\/p>\n<p>No todos los partidarios del corre\u00edsmo se mantuvieron en el reba\u00f1o a lo largo de estos a\u00f1os, pero algunos no solamente se marcharon, sino que se convirteron en rivales.<\/p>\n<p>Aqu\u00ed est\u00e1n las principales figuras del corre\u00edsmo (entendido como los grupos que apoyaron al expresidente Correa: Alianza PAIS, Unes y Revoluci\u00f3n Ciudadana) que se cambiaron de bando.<\/p>\n<p><strong>Len\u00edn Moreno<\/strong><br \/>\nEste divorcio, ocurrido en 2017, pero que ya se ven\u00eda manifestando tiempo atr\u00e1s, es el m\u00e1s impactante y sorprendente de este listado. \u00bfQui\u00e9n iba a pensar que el primer vicepresidente de Rafael Correa, que le dio un rostro amable a una agresiva \u00abrevoluci\u00f3n ciudadana\u00bb gracias a sus iniciativas sociales que incluso fueron promocionadas para el Nobel de la Paz, terminar\u00eda rompiendo con el corre\u00edsmo (\u00a1y al corre\u00edsmo!) apenas se puso la banda presidencial?<\/p>\n<p>A\u00fan no se ha contado toda la historia de esta ruptura, aunque Len\u00edn Moreno ya manifest\u00f3 que el movimiento sab\u00eda de antemano que \u00e9l no estaba de acuerdo con la forma de gobierno del corre\u00edsmo, alejado de la libertad de expresi\u00f3n y de la tolerancia, y que pensaba aplicar cambios. Pero, claro, una cosa es acercarse a Estados Unidos y alejarse de Venezuela, y otra deshacerse de figuras del corre\u00edsmo, como el mism\u00edsimo vicepresidente Jorge Glas, quien acab\u00f3 sin funciones, destituido y detenido.<\/p>\n<p>Para Moreno,\u00a0Correa \u00abtraicion\u00f3 al Ecuador al aliarse con las mafias y el narcotr\u00e1fico\u00bb.<\/p>\n<p><img decoding=\"async\" src=\"https:\/\/imagenes.primicias.ec\/files\/image_414_238\/uploads\/2024\/06\/24\/66797842c6108.jpeg\" alt=\"El expresidente Rafael Correa cuando entreg\u00f3 el poder al exmandatario Len\u00edn Moreno, en mayo de 2017.\" \/><br \/>\n<strong>Mar\u00eda Paula Romo<\/strong><br \/>\nFue parte del grupo Ruptura de los 25 que apoy\u00f3 a Rafael Correa desde 2007 e incluso\u00a0integr\u00f3 la Asamblea Constituyente de 2007 que redact\u00f3 la actual Constituci\u00f3n. Pero, en 2011, Mar\u00eda Paula Romo y miembros de Ruptura se alejaron de la coalici\u00f3n de Alianza PAIS por entender que Correa estaba sobrepasando sus funciones como gobernante y que derivaba hacia el autoritarismo.<\/p>\n<p>Romo, en 2018, se convirti\u00f3 en la ministra del Interior de Len\u00edn Moreno (la primera mujer en ocupar ese cargo) y al a\u00f1o siguiente fue nombrada ministra de Gobierno. Su figura fue clave para impedir el golpe de Estado impulsado desde la oposici\u00f3n y que incluy\u00f3 una violenta protesta ind\u00edgena. Fue censurada en la Asamblea Nacional por iniciativa de los legisladores corre\u00edstas, algunos excompa\u00f1eros suyos.<\/p>\n<p><strong>Marcela Holgu\u00edn<\/strong><br \/>\nCuando ocuri\u00f3 el cisma entre Correa y Moreno, Marcela Holgu\u00edn apoy\u00f3 decididamente al primero. En 2017, dej\u00f3 el periodismo para convertirse en legisladora del corre\u00edsmo y fue, desde entonces, una defensora del l\u00edder m\u00e1ximo.<\/p>\n<p>Pero, en 2024, se hizo evidente que se hab\u00eda distanciado de Revoluci\u00f3n Ciudadana, algo expresado en la votaci\u00f3n de abril de 2025 de la Ley de Turismo impulsada por el presidente Daniel Noboa, que para aquella fecha ya estaba enfrentado abietamente con el corre\u00edsmo. Holgu\u00edn mantuvo en adelante un perfil bajo, apag\u00f3 sus redes sociales, no apoy\u00f3 a Luisa Gonz\u00e1lez como candidata presidencial y se retir\u00f3 de la Asamblea en febrero de 2025. Tampoco critic\u00f3 en p\u00fablico a Correa.<\/p>\n<p>Este 26 de mayo asume el puesto de gerenta general de la Empresa de Medios P\u00fablicos por pedido de Daniel Noboa.<\/p>\n<p><strong>M\u00f3nica Salazar<\/strong><br \/>\nMilit\u00f3 en Revoluci\u00f3n Ciudadana hasta el 15 de abril de 2025, cuando anunci\u00f3 que dejaba la bancada del corre\u00edsmo. Tres semanas despu\u00e9s, la legisladora acord\u00f3 integrarse a la mayor\u00eda de ADN y sus aliados en la Asamblea. Esto, pese a que lleg\u00f3 a ese puesto en la papeleta de Revoluci\u00f3n Ciudadana.<\/p>\n<p>\u00bfQu\u00e9 pas\u00f3?\u00a0M\u00f3nica Salazar, una figura pol\u00edtica en Los R\u00edos, expres\u00f3 que no se sinti\u00f3 respaldada por el corre\u00edsmo cuando se eligieron los cuadros para renovar la directiva cantonal. Tampoco tuvo buenas relaciones con la excandidata presidencial Luisa Gonz\u00e1lez, aunque de todos modos no anunci\u00f3 su salida del corre\u00edsmo hasta que termin\u00f3 la segunda vuelta. Y Rafael Correa fue cortante: le dijo que no desea hablar nunca m\u00e1s con ella. Y Salazar se march\u00f3 a la otra orilla.<\/p>\n<p><strong>Ferdinan \u00c1lvarez<\/strong><br \/>\nAunque fue parte del gobierno de Len\u00edn Moreno (ocup\u00f3 la Subsecretar\u00eda de Inclusi\u00f3n Econ\u00f3mica y Movilidad Social y otros dos cargos m\u00e1s), siempre se lo consider\u00f3 un af\u00edn al corre\u00edsmo. De hecho, gan\u00f3 una curul como asamble\u00edsta por Guayas en 2021, fue presidente de la Comisi\u00f3n de Transparencia y luego fue reelecto en los comicios de 2023 tras la muerte cruzada. Todo dentro del corre\u00edsmo, donde ya brillaba como una figura en ascenso. Incluso, iba a ser jefe de bancada.<\/p>\n<p>Pero todo cambi\u00f3 cuando se hizo p\u00fablico el enfrentamiento legal del exvicepresidente Jorge Glas con su exasistente Soledad Padilla. Ella lo acus\u00f3 de violencia psicol\u00f3gica y acoso, en un caso que dej\u00f3 en evidencia el manejo interno del corre\u00edsmo. Ferdinan \u00c1lvarez decidi\u00f3 ponerse del lado de Padilla y desafiliarse de Revoluci\u00f3n Ciudadana.<\/p>\n<p>Pero no solo eso. Luego se adhiri\u00f3 a ADN y gan\u00f3 la curul. Ahora preside la Comisi\u00f3n de Fiscalizaci\u00f3n de la Asamblea Nacional, una de las m\u00e1s importantes del poder legislativo.<\/p>\n<p><img decoding=\"async\" src=\"https:\/\/imagenes.primicias.ec\/files\/image_414_238\/uploads\/2024\/05\/26\/66534d912d07e.jpeg\" alt=\"El legislador Ferdinan \u00c1lvarez en una intervenci\u00f3n en la pasada Asamblea, 25 de enero de 2023.\" \/><br \/>\n<strong>Bonus track: \u00bfFausto Jarr\u00edn?<\/strong><br \/>\nSus funciones no est\u00e1n aclaradas, pero el abogado de Rafael Correa en el caso sobornos estuvo en la posesi\u00f3n de Daniel Noboa del 24 de Mayo, tom\u00e1ndose selfies. Jarr\u00edn fue asamble\u00edsta por Unes, pero renunci\u00f3 luego del intento de destituir al presidente Guillermo Lasso, el 13 de julio de 2022. <strong>Fuente: Primicias<\/strong><\/p>\n<p><img decoding=\"async\" src=\"https:\/\/imagenes.primicias.ec\/files\/image_414_238\/uploads\/2025\/05\/25\/68332acede857.jpeg\" alt=\"Fausto Jarr\u00edn se toma fotos en la posesi\u00f3n presidencial de Daniel Noboa, el 24 de mayo de 2025.\" \/><\/p>\n","protected":false},"excerpt":{"rendered":"<p>Los famosos &#8216;camisetazos&#8217; siempre existieron en la pol\u00edtica de Ecuador. No hay partido pol\u00edtico que no los haya sufrido y eso incluye al ultravertical corre\u00edsmo, movimiento que ha perdido figuras y aliados desde que Alianza PAIS irrumpi\u00f3 en 2007 con Rafael Correa como candidato presidencial y l\u00edder supremo. No todos los partidarios del corre\u00edsmo se mantuvieron en el reba\u00f1o a lo largo de estos a\u00f1os, pero algunos no solamente se marcharon, sino que se convirteron en rivales. Aqu\u00ed est\u00e1n las principales figuras del corre\u00edsmo (entendido como los grupos que apoyaron al expresidente Correa: Alianza PAIS, Unes y Revoluci\u00f3n Ciudadana) que se cambiaron de bando. Len\u00edn Moreno Este divorcio, ocurrido en 2017, pero que ya se ven\u00eda manifestando tiempo atr\u00e1s, es el m\u00e1s impactante y sorprendente de este listado. \u00bfQui\u00e9n iba a pensar que el primer vicepresidente de Rafael Correa, que le dio un rostro amable a una agresiva \u00abrevoluci\u00f3n ciudadana\u00bb gracias a sus iniciativas sociales que incluso fueron promocionadas para el Nobel de la Paz, terminar\u00eda rompiendo con el corre\u00edsmo (\u00a1y al corre\u00edsmo!) apenas se puso la banda presidencial? A\u00fan no se ha contado toda la historia de esta ruptura, aunque Len\u00edn Moreno ya manifest\u00f3 que el movimiento sab\u00eda de antemano que \u00e9l no estaba de acuerdo con la forma de gobierno del corre\u00edsmo, alejado de la libertad de expresi\u00f3n y de la tolerancia, y que pensaba aplicar cambios. Pero, claro, una cosa es acercarse a Estados Unidos y alejarse de Venezuela, y otra deshacerse de figuras del corre\u00edsmo, como el mism\u00edsimo vicepresidente Jorge Glas, quien acab\u00f3 sin funciones, destituido y detenido. Para Moreno,\u00a0Correa \u00abtraicion\u00f3 al Ecuador al aliarse con las mafias y el narcotr\u00e1fico\u00bb. Mar\u00eda Paula Romo Fue parte del grupo Ruptura de los 25 que apoy\u00f3 a Rafael Correa desde 2007 e incluso\u00a0integr\u00f3 la Asamblea Constituyente de 2007 que redact\u00f3 la actual Constituci\u00f3n. Pero, en 2011, Mar\u00eda Paula Romo y miembros de Ruptura se alejaron de la coalici\u00f3n de Alianza PAIS por entender que Correa estaba sobrepasando sus funciones como gobernante y que derivaba hacia el autoritarismo. Romo, en 2018, se convirti\u00f3 en la ministra del Interior de Len\u00edn Moreno (la primera mujer en ocupar ese cargo) y al a\u00f1o siguiente fue nombrada ministra de Gobierno. Su figura fue clave para impedir el golpe de Estado impulsado desde la oposici\u00f3n y que incluy\u00f3 una violenta protesta ind\u00edgena. Fue censurada en la Asamblea Nacional por iniciativa de los legisladores corre\u00edstas, algunos excompa\u00f1eros suyos. Marcela Holgu\u00edn Cuando ocuri\u00f3 el cisma entre Correa y Moreno, Marcela Holgu\u00edn apoy\u00f3 decididamente al primero. En 2017, dej\u00f3 el periodismo para convertirse en legisladora del corre\u00edsmo y fue, desde entonces, una defensora del l\u00edder m\u00e1ximo. Pero, en 2024, se hizo evidente que se hab\u00eda distanciado de Revoluci\u00f3n Ciudadana, algo expresado en la votaci\u00f3n de abril de 2025 de la Ley de Turismo impulsada por el presidente Daniel Noboa, que para aquella fecha ya estaba enfrentado abietamente con el corre\u00edsmo. Holgu\u00edn mantuvo en adelante un perfil bajo, apag\u00f3 sus redes sociales, no apoy\u00f3 a Luisa Gonz\u00e1lez como candidata presidencial y se retir\u00f3 de la Asamblea en febrero de 2025. Tampoco critic\u00f3 en p\u00fablico a Correa. Este 26 de mayo asume el puesto de gerenta general de la Empresa de Medios P\u00fablicos por pedido de Daniel Noboa. M\u00f3nica Salazar Milit\u00f3 en Revoluci\u00f3n Ciudadana hasta el 15 de abril de 2025, cuando anunci\u00f3 que dejaba la bancada del corre\u00edsmo. Tres semanas despu\u00e9s, la legisladora acord\u00f3 integrarse a la mayor\u00eda de ADN y sus aliados en la Asamblea. Esto, pese a que lleg\u00f3 a ese puesto en la papeleta de Revoluci\u00f3n Ciudadana. \u00bfQu\u00e9 pas\u00f3?\u00a0M\u00f3nica Salazar, una figura pol\u00edtica en Los R\u00edos, expres\u00f3 que no se sinti\u00f3 respaldada por el corre\u00edsmo cuando se eligieron los cuadros para renovar la directiva cantonal. Tampoco tuvo buenas relaciones con la excandidata presidencial Luisa Gonz\u00e1lez, aunque de todos modos no anunci\u00f3 su salida del corre\u00edsmo hasta que termin\u00f3 la segunda vuelta. Y Rafael Correa fue cortante: le dijo que no desea hablar nunca m\u00e1s con ella. Y Salazar se march\u00f3 a la otra orilla. Ferdinan \u00c1lvarez Aunque fue parte del gobierno de Len\u00edn Moreno (ocup\u00f3 la Subsecretar\u00eda de Inclusi\u00f3n Econ\u00f3mica y Movilidad Social y otros dos cargos m\u00e1s), siempre se lo consider\u00f3 un af\u00edn al corre\u00edsmo. De hecho, gan\u00f3 una curul como asamble\u00edsta por Guayas en 2021, fue presidente de la Comisi\u00f3n de Transparencia y luego fue reelecto en los comicios de 2023 tras la muerte cruzada. Todo dentro del corre\u00edsmo, donde ya brillaba como una figura en ascenso. Incluso, iba a ser jefe de bancada. Pero todo cambi\u00f3 cuando se hizo p\u00fablico el enfrentamiento legal del exvicepresidente Jorge Glas con su exasistente Soledad Padilla. Ella lo acus\u00f3 de violencia psicol\u00f3gica y acoso, en un caso que dej\u00f3 en evidencia el manejo interno del corre\u00edsmo. Ferdinan \u00c1lvarez decidi\u00f3 ponerse del lado de Padilla y desafiliarse de Revoluci\u00f3n Ciudadana. Pero no solo eso. Luego se adhiri\u00f3 a ADN y gan\u00f3 la curul. Ahora preside la Comisi\u00f3n de Fiscalizaci\u00f3n de la Asamblea Nacional, una de las m\u00e1s importantes del poder legislativo. Bonus track: \u00bfFausto Jarr\u00edn? Sus funciones no est\u00e1n aclaradas, pero el abogado de Rafael Correa en el caso sobornos estuvo en la posesi\u00f3n de Daniel Noboa del 24 de Mayo, tom\u00e1ndose selfies. Jarr\u00edn fue asamble\u00edsta por Unes, pero renunci\u00f3 luego del intento de destituir al presidente Guillermo Lasso, el 13 de julio de 2022. Fuente: Primicias<\/p>\n","protected":false},"author":1,"featured_media":23691,"comment_status":"open","ping_status":"open","sticky":false,"template":"","format":"standard","meta":{"footnotes":""},"categories":[268],"tags":[],"class_list":["post-23690","post","type-post","status-publish","format-standard","has-post-thumbnail","hentry","category-nacionales"],"_links":{"self":[{"href":"https:\/\/www.elamazonico.com\/portal\/wp-json\/wp\/v2\/posts\/23690","targetHints":{"allow":["GET"]}}],"collection":[{"href":"https:\/\/www.elamazonico.com\/portal\/wp-json\/wp\/v2\/posts"}],"about":[{"href":"https:\/\/www.elamazonico.com\/portal\/wp-json\/wp\/v2\/types\/post"}],"author":[{"embeddable":true,"href":"https:\/\/www.elamazonico.com\/portal\/wp-json\/wp\/v2\/users\/1"}],"replies":[{"embeddable":true,"href":"https:\/\/www.elamazonico.com\/portal\/wp-json\/wp\/v2\/comments?post=23690"}],"version-history":[{"count":2,"href":"https:\/\/www.elamazonico.com\/portal\/wp-json\/wp\/v2\/posts\/23690\/revisions"}],"predecessor-version":[{"id":23693,"href":"https:\/\/www.elamazonico.com\/portal\/wp-json\/wp\/v2\/posts\/23690\/revisions\/23693"}],"wp:featuredmedia":[{"embeddable":true,"href":"https:\/\/www.elamazonico.com\/portal\/wp-json\/wp\/v2\/media\/23691"}],"wp:attachment":[{"href":"https:\/\/www.elamazonico.com\/portal\/wp-json\/wp\/v2\/media?parent=23690"}],"wp:term":[{"taxonomy":"category","embeddable":true,"href":"https:\/\/www.elamazonico.com\/portal\/wp-json\/wp\/v2\/categories?post=23690"},{"taxonomy":"post_tag","embeddable":true,"href":"https:\/\/www.elamazonico.com\/portal\/wp-json\/wp\/v2\/tags?post=23690"}],"curies":[{"name":"wp","href":"https:\/\/api.w.org\/{rel}","templated":true}]}}