{"id":23687,"date":"2025-05-25T13:22:44","date_gmt":"2025-05-25T18:22:44","guid":{"rendered":"https:\/\/www.elamazonico.com\/portal\/?p=23687"},"modified":"2025-05-25T13:22:44","modified_gmt":"2025-05-25T18:22:44","slug":"quien-es-marcela-holguin-la-nueva-directora-de-los-medios-publicos-de-ecuador","status":"publish","type":"post","link":"https:\/\/www.elamazonico.com\/portal\/quien-es-marcela-holguin-la-nueva-directora-de-los-medios-publicos-de-ecuador\/","title":{"rendered":"\u00bfQui\u00e9n es Marcela Holgu\u00edn, la nueva directora de los Medios P\u00fablicos de Ecuador?"},"content":{"rendered":"<div class=\"paragraph texto\">\n<p class=\"p_0\">El Directorio de los Medios P\u00fablicos del Ecuador nombr\u00f3 a\u00a0<a href=\"https:\/\/www.vistazo.com\/cronologia\/-\/meta\/marcela-holguin\" target=\"_blank\" rel=\"noopener noreferrer\"><b>Marcela Holgu\u00edn<\/b>\u00a0<\/a>como\u00a0<b>gerente general de la Empresa P\u00fablica de Comunicaci\u00f3n<\/b>\u00a0el pasado\u00a0<b>20 de mayo de 2025<\/b>. Aunque la designaci\u00f3n fue adoptada ese martes, se hizo p\u00fablica el\u00a0<b>jueves 22<\/b>\u00a0del mismo mes.<\/p>\n<p class=\"p_1\">Esta empresa, creada durante el mandato del expresidente\u00a0<b>Rafael Correa<\/b>, gestiona actualmente tres medios estatales:\u00a0<b>Ecuador TV<\/b>,\u00a0<b>P\u00fablica FM<\/b>\u00a0y la versi\u00f3n digital de\u00a0<b>El Tel\u00e9grafo<\/b>.<\/p>\n<\/div>\n<div class=\"multimediaMacroWrapper img lateral\">\n<figure class=\"contentMedia art-img\">\n<div><img fetchpriority=\"high\" decoding=\"async\" class=\" lazyloaded\" title=\"Marcela Holgu\u00edn en un encuentro junto al expresidente, Rafael Correa.\" src=\"https:\/\/www.vistazo.com\/placeholder\/svg\/viewbox\/653x643\" sizes=\"100vw\" srcset=\"\/\/www.vistazo.com\/binrepository\/653x643\/0c0\/0d0\/none\/12727\/SRLX\/2025-05-24-marcela-holguin-correa_2212331_20250525113254.jpg 653w,\/\/www.vistazo.com\/binrepository\/544x536\/0c0\/0d0\/none\/12727\/SRLC\/2025-05-24-marcela-holguin-correa_2212331_20250525113254.jpg 544w,\/\/www.vistazo.com\/binrepository\/435x429\/0c0\/0d0\/none\/12727\/SRLK\/2025-05-24-marcela-holguin-correa_2212331_20250525113254.jpg 435w,\/\/www.vistazo.com\/binrepository\/327x322\/0c0\/0d0\/none\/12727\/SRLC\/2025-05-24-marcela-holguin-correa_2212331_20250525113254.jpg 327w\" alt=\"$!Marcela Holgu\u00edn en un encuentro junto al expresidente, Rafael Correa.\" width=\"653\" height=\"643\" data-srcset=\"\/\/www.vistazo.com\/binrepository\/653x643\/0c0\/0d0\/none\/12727\/SRLX\/2025-05-24-marcela-holguin-correa_2212331_20250525113254.jpg 653w,\/\/www.vistazo.com\/binrepository\/544x536\/0c0\/0d0\/none\/12727\/SRLC\/2025-05-24-marcela-holguin-correa_2212331_20250525113254.jpg 544w,\/\/www.vistazo.com\/binrepository\/435x429\/0c0\/0d0\/none\/12727\/SRLK\/2025-05-24-marcela-holguin-correa_2212331_20250525113254.jpg 435w,\/\/www.vistazo.com\/binrepository\/327x322\/0c0\/0d0\/none\/12727\/SRLC\/2025-05-24-marcela-holguin-correa_2212331_20250525113254.jpg 327w\" \/><\/div>\n<div class=\"cutline-byline\"><span class=\"cutline-text\">Marcela Holgu\u00edn en un encuentro junto al expresidente, Rafael Correa.\u00a0<\/span><span class=\"byline-image\">(Foto: Facebook Marcela Holgu\u00edn.)<\/span><\/div>\n<\/figure>\n<\/div>\n<div class=\"paragraph texto\">\n<p class=\"p_3\">Holgu\u00edn llega al cargo tras su\u00a0<b><a href=\"https:\/\/www.vistazo.com\/politica\/nacional\/2025-02-27-marcela-holguin-renuncia-asambleista-bancada-correista-BY8890993\" target=\"_blank\" rel=\"noopener noreferrer\">renuncia irrevocable al cargo de asamble\u00edsta por la provincia de Pichincha<\/a><\/b>\u00a0el pasado 27 de febrero, marcando as\u00ed un alejamiento pol\u00edtico del movimiento\u00a0<b>Revoluci\u00f3n Ciudadana (RC)<\/b>, del cual fue una figura destacada y coordinadora de bancada.<\/p>\n<div>\n<div class=\"trv-player-container\">\n<div class=\"trv-wrapper\">\n<div id=\"br_video_player_ecea064ba7351002d226f8f821d3965a7a4d6079\" class=\"trvd_video_player trvdinstream\">\n<div class=\"media-player\">\n<div class=\"trv-video\"><\/div>\n<div class=\"trv-poster\"><img decoding=\"async\" src=\"https:\/\/src.trvdp.com\/images\/cc9ef2ad60174d5f5191fb8c8cf9e08bf4994dda_3.jpg\" \/><\/div>\n<\/div>\n<div class=\"trv-autoskip-container\">\n<div class=\"trv-autoskip-background\">\n<div class=\"trv-autoskip-line-top\">\n<div><\/div>\n<\/div>\n<div class=\"trv-autoskip-line-right\">\n<div><strong>De la televisi\u00f3n a la Asamblea Nacional<\/strong><\/div>\n<\/div>\n<\/div>\n<\/div>\n<\/div>\n<\/div>\n<\/div>\n<\/div>\n<\/div>\n<div class=\"paragraph texto\">\n<p class=\"p_4\">Nacida en\u00a0<b>Ambato<\/b>\u00a0en\u00a0<b>1973<\/b>,\u00a0<b>Marcela Priscila Holgu\u00edn Naranjo<\/b>\u00a0es licenciada en Comunicaci\u00f3n Social por la\u00a0<b>Universidad Central del Ecuador<\/b>, con especializaci\u00f3n en televisi\u00f3n, y cuenta con una maestr\u00eda por la\u00a0<b>Universidad Andina Sim\u00f3n Bol\u00edvar<\/b>.<\/p>\n<p class=\"p_5\">Su trayectoria profesional en medios de comunicaci\u00f3n incluye experiencias en\u00a0<b>Ecuavisa<\/b>,\u00a0<b>Teleamazonas<\/b>\u00a0y\u00a0<b>GamaTV<\/b>, centr\u00e1ndose principalmente en\u00a0<b>periodismo pol\u00edtico<\/b>, seg\u00fan consta en su sitio web oficial.<\/p>\n<\/div>\n<div class=\"html_text\"><iframe title=\"YouTube video player\" src=\"https:\/\/www.youtube.com\/embed\/uSO9dIoEzOM?si=8NdyPo7G7tj3XbWd\" width=\"560\" height=\"315\" frameborder=\"0\" allowfullscreen=\"allowfullscreen\" data-mce-fragment=\"1\"><\/iframe><\/div>\n<div class=\"paragraph texto\">\n<p class=\"p_6\">Holgu\u00edn incursion\u00f3 en la pol\u00edtica en\u00a0<b>2017<\/b>, cuando fue elegida legisladora por\u00a0<b>Alianza Pa\u00eds<\/b>. M\u00e1s adelante, entre\u00a0<b>2021 y 2023<\/b>, ocup\u00f3 el cargo de\u00a0<b>Primera Vicepresidenta de la Asamblea Nacional<\/b>\u00a0en representaci\u00f3n del bloque\u00a0<b>Uni\u00f3n por la Esperanza (UNES)<\/b>, hasta la disoluci\u00f3n del Parlamento por parte del entonces presidente\u00a0<a href=\"https:\/\/www.vistazo.com\/cronologia\/-\/meta\/guillermo-lasso\" target=\"_blank\" rel=\"noopener noreferrer\"><b>Guillermo Lasso<\/b>.<\/a><\/p>\n<p class=\"p_7\">Volvi\u00f3 al Legislativo en\u00a0<b>2023<\/b>\u00a0como asamble\u00edsta de\u00a0<b>RC<\/b>, y en 2024 fue convocada por el\u00a0<b>Comit\u00e9 de \u00c9tica<\/b>\u00a0del movimiento para dar explicaciones sobre su apoyo a la\u00a0<b>Ley de Turismo<\/b>, impulsada por el actual presidente\u00a0<b>Daniel Noboa<\/b>.<\/p>\n<p class=\"p_8\">Se espera que <b>el lunes 26 de mayo<\/b>\u00a0Holgu\u00edn sea\u00a0<b>presentada formalmente como gerente general<\/b>\u00a0de la Empresa P\u00fablica de Comunicaci\u00f3n.<\/p>\n<\/div>\n<h2 class=\"h2vistazo\">Sanciones<\/h2>\n<div class=\"paragraph texto\">\n<p class=\"p_10\">En\u00a0<b>2015<\/b>, fue sancionada por la extinta\u00a0<b>Superintendencia de la Informaci\u00f3n y Comunicaci\u00f3n (Supercom)<\/b>\u00a0debido a la publicaci\u00f3n de un contenido period\u00edstico que presuntamente difund\u00eda un rumor sobre un posible\u00a0<b>feriado bancario<\/b>.<\/p>\n<p class=\"p_11\">Adem\u00e1s, junto con las exasamble\u00edstas\u00a0<b>Marcela Agui\u00f1aga<\/b>\u00a0y\u00a0<b>Gabriela Rivadeneira<\/b>, fue investigada por supuesta\u00a0<b>incitaci\u00f3n a la violencia<\/b>\u00a0durante el\u00a0<b>paro nacional de 2019<\/b>. <strong>Fuente: Vistazo<\/strong><\/p>\n<\/div>\n","protected":false},"excerpt":{"rendered":"<p>El Directorio de los Medios P\u00fablicos del Ecuador nombr\u00f3 a\u00a0Marcela Holgu\u00edn\u00a0como\u00a0gerente general de la Empresa P\u00fablica de Comunicaci\u00f3n\u00a0el pasado\u00a020 de mayo de 2025. Aunque la designaci\u00f3n fue adoptada ese martes, se hizo p\u00fablica el\u00a0jueves 22\u00a0del mismo mes. Esta empresa, creada durante el mandato del expresidente\u00a0Rafael Correa, gestiona actualmente tres medios estatales:\u00a0Ecuador TV,\u00a0P\u00fablica FM\u00a0y la versi\u00f3n digital de\u00a0El Tel\u00e9grafo. Marcela Holgu\u00edn en un encuentro junto al expresidente, Rafael Correa.\u00a0(Foto: Facebook Marcela Holgu\u00edn.) Holgu\u00edn llega al cargo tras su\u00a0renuncia irrevocable al cargo de asamble\u00edsta por la provincia de Pichincha\u00a0el pasado 27 de febrero, marcando as\u00ed un alejamiento pol\u00edtico del movimiento\u00a0Revoluci\u00f3n Ciudadana (RC), del cual fue una figura destacada y coordinadora de bancada. De la televisi\u00f3n a la Asamblea Nacional Nacida en\u00a0Ambato\u00a0en\u00a01973,\u00a0Marcela Priscila Holgu\u00edn Naranjo\u00a0es licenciada en Comunicaci\u00f3n Social por la\u00a0Universidad Central del Ecuador, con especializaci\u00f3n en televisi\u00f3n, y cuenta con una maestr\u00eda por la\u00a0Universidad Andina Sim\u00f3n Bol\u00edvar. Su trayectoria profesional en medios de comunicaci\u00f3n incluye experiencias en\u00a0Ecuavisa,\u00a0Teleamazonas\u00a0y\u00a0GamaTV, centr\u00e1ndose principalmente en\u00a0periodismo pol\u00edtico, seg\u00fan consta en su sitio web oficial. Holgu\u00edn incursion\u00f3 en la pol\u00edtica en\u00a02017, cuando fue elegida legisladora por\u00a0Alianza Pa\u00eds. M\u00e1s adelante, entre\u00a02021 y 2023, ocup\u00f3 el cargo de\u00a0Primera Vicepresidenta de la Asamblea Nacional\u00a0en representaci\u00f3n del bloque\u00a0Uni\u00f3n por la Esperanza (UNES), hasta la disoluci\u00f3n del Parlamento por parte del entonces presidente\u00a0Guillermo Lasso. Volvi\u00f3 al Legislativo en\u00a02023\u00a0como asamble\u00edsta de\u00a0RC, y en 2024 fue convocada por el\u00a0Comit\u00e9 de \u00c9tica\u00a0del movimiento para dar explicaciones sobre su apoyo a la\u00a0Ley de Turismo, impulsada por el actual presidente\u00a0Daniel Noboa. Se espera que el lunes 26 de mayo\u00a0Holgu\u00edn sea\u00a0presentada formalmente como gerente general\u00a0de la Empresa P\u00fablica de Comunicaci\u00f3n. Sanciones En\u00a02015, fue sancionada por la extinta\u00a0Superintendencia de la Informaci\u00f3n y Comunicaci\u00f3n (Supercom)\u00a0debido a la publicaci\u00f3n de un contenido period\u00edstico que presuntamente difund\u00eda un rumor sobre un posible\u00a0feriado bancario. Adem\u00e1s, junto con las exasamble\u00edstas\u00a0Marcela Agui\u00f1aga\u00a0y\u00a0Gabriela Rivadeneira, fue investigada por supuesta\u00a0incitaci\u00f3n a la violencia\u00a0durante el\u00a0paro nacional de 2019. Fuente: Vistazo<\/p>\n","protected":false},"author":1,"featured_media":23688,"comment_status":"open","ping_status":"open","sticky":false,"template":"","format":"standard","meta":{"footnotes":""},"categories":[268],"tags":[],"class_list":["post-23687","post","type-post","status-publish","format-standard","has-post-thumbnail","hentry","category-nacionales"],"_links":{"self":[{"href":"https:\/\/www.elamazonico.com\/portal\/wp-json\/wp\/v2\/posts\/23687","targetHints":{"allow":["GET"]}}],"collection":[{"href":"https:\/\/www.elamazonico.com\/portal\/wp-json\/wp\/v2\/posts"}],"about":[{"href":"https:\/\/www.elamazonico.com\/portal\/wp-json\/wp\/v2\/types\/post"}],"author":[{"embeddable":true,"href":"https:\/\/www.elamazonico.com\/portal\/wp-json\/wp\/v2\/users\/1"}],"replies":[{"embeddable":true,"href":"https:\/\/www.elamazonico.com\/portal\/wp-json\/wp\/v2\/comments?post=23687"}],"version-history":[{"count":1,"href":"https:\/\/www.elamazonico.com\/portal\/wp-json\/wp\/v2\/posts\/23687\/revisions"}],"predecessor-version":[{"id":23689,"href":"https:\/\/www.elamazonico.com\/portal\/wp-json\/wp\/v2\/posts\/23687\/revisions\/23689"}],"wp:featuredmedia":[{"embeddable":true,"href":"https:\/\/www.elamazonico.com\/portal\/wp-json\/wp\/v2\/media\/23688"}],"wp:attachment":[{"href":"https:\/\/www.elamazonico.com\/portal\/wp-json\/wp\/v2\/media?parent=23687"}],"wp:term":[{"taxonomy":"category","embeddable":true,"href":"https:\/\/www.elamazonico.com\/portal\/wp-json\/wp\/v2\/categories?post=23687"},{"taxonomy":"post_tag","embeddable":true,"href":"https:\/\/www.elamazonico.com\/portal\/wp-json\/wp\/v2\/tags?post=23687"}],"curies":[{"name":"wp","href":"https:\/\/api.w.org\/{rel}","templated":true}]}}