{"id":23684,"date":"2025-05-25T10:54:32","date_gmt":"2025-05-25T15:54:32","guid":{"rendered":"https:\/\/www.elamazonico.com\/portal\/?p=23684"},"modified":"2025-05-25T10:54:32","modified_gmt":"2025-05-25T15:54:32","slug":"las-promesas-de-obra-publica-que-hizo-daniel-noboa-para-su-nuevo-gobierno","status":"publish","type":"post","link":"https:\/\/www.elamazonico.com\/portal\/las-promesas-de-obra-publica-que-hizo-daniel-noboa-para-su-nuevo-gobierno\/","title":{"rendered":"Las promesas de obra p\u00fablica que hizo Daniel Noboa para su nuevo gobierno"},"content":{"rendered":"<div class=\"paragraph texto\">\n<p class=\"p_0\"><a href=\"https:\/\/www.vistazo.com\/actualidad\/nacional\/2025-23-05-envivo-posesion-daniel-noboa-maria-jose-pinto-asamblea-ecuador-CL9379958\">Daniel Noboa asumi\u00f3 el mando<\/a>\u00a0para gobernar cuatro a\u00f1os m\u00e1s, hasta 2029. La ceremonia estuvo liderada por el presidente de la Asamblea y amigo personal de Noboa<b>, Niels Olsen<\/b>, quien le dese\u00f3 \u00e9xitos. Casi un centenar de delegaciones internacionales asistieron al evento, aunque solo dos mandatarios hicieron presencia:<b>\u00a0<a href=\"https:\/\/www.vistazo.com\/politica\/nacional\/gustavo-petro-pide-a-daniel-noboa-la-liberacion-de-jorge-glas-y-aboga-por-el-dialogo-regional-EL9386071\">Gustavo Petro<\/a><\/b>, de Colombia, y\u00a0<b>Dina Boluarte<\/b>, de Per\u00fa.<\/p>\n<p class=\"p_1\"><b>REVISE TAMBI\u00c9N:\u00a0<a href=\"https:\/\/www.vistazo.com\/politica\/nacional\/2025-24-05-discurso-daniel-noboa-presidente-vicepresidenta-maria-jose-pinto-fueron-perseguidos-DM9385858\">Discurso Daniel Noboa: \u00bfPor qu\u00e9 el presidente dijo que \u00e9l y su vicepresidenta, Mar\u00eda Jos\u00e9 Pinto, fueron perseguidos?<\/a><\/b><\/p>\n<p><iframe width=\"1\" height=\"1\" frameborder=\"0\" scrolling=\"no\" data-mce-fragment=\"1\"><\/iframe><\/p>\n<p class=\"p_2\">En su discurso, Noba dijo que su gobierno es una \u201c<b>nueva forma de liderazgo,<\/b>\u00a0de hacer las cosas diferentes\u201d. \u201c<u>no venimos a heredar moldes viejos ni a maquillar errores. Venimos a romper ciclos<\/u>, a hablar claro, a decir lo que nadie se atrevi\u00f3\u201d, asegur\u00f3. Reafirm\u00f3 su compromiso de\u00a0<b>combatir el crimen organizado<\/b>\u00a0y respaldar a la Polic\u00eda y Fuerzas Armadas, en un contexto de violencia campante.<\/p>\n<p class=\"p_3\">No obstante, uno de los ejes de su discurso el ofrecimiento de obras, algo que de lo que han adolecido los \u00faltimos gobiernos por\u00a0<b>falta de presupuesto y la creciente deuda del Estado.<\/b>\u00a0Habl\u00f3 de vialidad, hospitales, vivienda social, entre otras promesas. \u201cSer\u00e1 tambi\u00e9n la era de las obras\u201d, anunci\u00f3 el presidente.<\/p>\n<div class=\"Center2Display\">\n<div id=\"Center2\" data-google-query-id=\"CLm4mKL9vo0DFd8LigMd9IQTUw\">\n<div id=\"google_ads_iframe_\/21839199781\/Vistazo\/Vistazo_Center2_0__container__\"><\/div>\n<\/div>\n<\/div>\n<\/div>\n<div class=\"multimediaMacroWrapper img lateral\">\n<figure class=\"contentMedia art-img\">\n<div><img fetchpriority=\"high\" decoding=\"async\" class=\" lazyloaded\" title=\"Daniel Noboa junto a la primera dama, Lavinia Valnonesi, en su llegada a Carondelet luego de la posesi\u00f3n presidencial en la Asamblea Nacional.\" src=\"https:\/\/www.vistazo.com\/placeholder\/svg\/viewbox\/768x512\" sizes=\"100vw\" srcset=\"\/\/www.vistazo.com\/binrepository\/768x512\/0c0\/0d0\/none\/12727\/VBIE\/imagen-grvxl69xmae-pzs_2211740_20250524160209.jpg 768w,\/\/www.vistazo.com\/binrepository\/640x427\/0c0\/0d0\/none\/12727\/VBIA\/imagen-grvxl69xmae-pzs_2211740_20250524160209.jpg 640w,\/\/www.vistazo.com\/binrepository\/512x341\/0c0\/0d0\/none\/12727\/VBID\/imagen-grvxl69xmae-pzs_2211740_20250524160209.jpg 512w,\/\/www.vistazo.com\/binrepository\/384x256\/0c0\/0d0\/none\/12727\/VBIF\/imagen-grvxl69xmae-pzs_2211740_20250524160209.jpg 384w,\/\/www.vistazo.com\/binrepository\/300x200\/0c0\/0d0\/none\/12727\/VBIC\/imagen-grvxl69xmae-pzs_2211740_20250524160209.jpg 300w\" alt=\"$!Daniel Noboa junto a la primera dama, Lavinia Valnonesi, en su llegada a Carondelet luego de la posesi\u00f3n presidencial en la Asamblea Nacional.\" width=\"768\" height=\"512\" data-srcset=\"\/\/www.vistazo.com\/binrepository\/768x512\/0c0\/0d0\/none\/12727\/VBIE\/imagen-grvxl69xmae-pzs_2211740_20250524160209.jpg 768w,\/\/www.vistazo.com\/binrepository\/640x427\/0c0\/0d0\/none\/12727\/VBIA\/imagen-grvxl69xmae-pzs_2211740_20250524160209.jpg 640w,\/\/www.vistazo.com\/binrepository\/512x341\/0c0\/0d0\/none\/12727\/VBID\/imagen-grvxl69xmae-pzs_2211740_20250524160209.jpg 512w,\/\/www.vistazo.com\/binrepository\/384x256\/0c0\/0d0\/none\/12727\/VBIF\/imagen-grvxl69xmae-pzs_2211740_20250524160209.jpg 384w,\/\/www.vistazo.com\/binrepository\/300x200\/0c0\/0d0\/none\/12727\/VBIC\/imagen-grvxl69xmae-pzs_2211740_20250524160209.jpg 300w\" \/><\/div>\n<div class=\"cutline-byline\"><span class=\"cutline-text\">Daniel Noboa junto a la primera dama, Lavinia Valnonesi, en su llegada a Carondelet luego de la posesi\u00f3n presidencial en la Asamblea Nacional.<\/span>\u00a0<span class=\"byline-image\">(Presidencia de la Rep\u00fablica)<\/span><\/div>\n<\/figure>\n<\/div>\n<h2 class=\"h2vistazo\">DESDE EL QUINTO PUENTE HASTA ENERG\u00cdA NUCLEAR<\/h2>\n<div class=\"paragraph texto\">\n<p class=\"p_4\">Primero habl\u00f3 del\u00a0<b>Quinto Puente<\/b>, que conectar\u00e1 el sector portuario guayaquile\u00f1o con toda la industria del pa\u00eds. Una obra, seg\u00fan dijo, que reactivar\u00e1 la econom\u00eda y el comercio exterior. Este es un proyecto que\u00a0<b>no se ha podido construir desde hace 15 a\u00f1os<\/b>, por varios problemas, entre ellos la financiaci\u00f3n y las disputas pol\u00edticas. No solo se trata de un puente sobre el r\u00edo Guayas, sino que es una carretera de 44 kil\u00f3metros, m\u00e1s otras infraestructuras.<\/p>\n<p class=\"p_6\">La segunda obra prometida es el\u00a0<b>corredor E25 entre Buena Fe y Jujan<\/b>, que es parte de la<b>\u00a0v\u00eda entre Quito y Guayaquil<\/b>. Noboa dijo que en la v\u00eda ya se hacen trabajos de rehabilitaci\u00f3n y ofreci\u00f3 su\u00a0<b>ampliaci\u00f3n a cuatro carriles.<\/b>\u00a0Junto con la vialidad, anunci\u00f3 la repotenciaci\u00f3n de los puertos mar\u00edtimos para mejorar el comercio internacional.<\/p>\n<p class=\"p_7\">Ofreci\u00f3 tambi\u00e9n\u00a0<b>100 mil soluciones habitacionales,<\/b>\u00a0aunque no detall\u00f3 es qu\u00e9 provincias ni los modos de financiamiento para que la ciudadan\u00eda pueda beneficiarse de este proyecto.<\/p>\n<p class=\"p_8\">En el sector salud dijo que se construir\u00e1 una\u00a0<b>Torre Oncol\u00f3gica\u00a0<\/b>en el\u00a0<b>Hospital Eugenio Espejo,<\/b>\u00a0se repotenciar\u00e1 el\u00a0<b>Hospital B\u00e1sico de La Libertad<\/b>, en Santa Elena, y se har\u00e1n trabajos en otros hospitales.<\/p>\n<p class=\"p_9\">El Museo Nacional que es \u201cuna deuda hist\u00f3rica con el Ecuador, ser\u00e1 saldada\u201d, prometi\u00f3 el presidente.<\/p>\n<p class=\"p_10\">En cuanto a una de las preocupaciones m\u00e1s apremiantes, Noboa dijo que Ecuador va a\u00a0<b>diversificar la matriz energ\u00e9tica<\/b>, para librarnos de los\u00a0<b>apagones en tiempos de estiaje<\/b>.<\/p>\n<p class=\"p_12\">\u201cSe reforzar\u00e1 y ampliar\u00e1 el sistema de transmisi\u00f3n de energ\u00eda y calidad de entrega a los ecuatorianos. Se\u00a0<b>firmar\u00e1n contratos anuales con el sector privado\u00a0<\/b>para generar 300 megavatios de energ\u00edas renovables como solar, e\u00f3lica, y geot\u00e9rmica\u201d, refiri\u00f3.<\/p>\n<p class=\"p_13\">Pero, adem\u00e1s de eso, anunci\u00f3 que presentar\u00e1 a la Asamblea una\u00a0<b>Ley de energ\u00eda nuclear<\/b>\u00a0\u201cabriendo el camino hacia el futuro y garantizando el abastecimiento de la demanda el\u00e9ctrica del pa\u00eds\u201d.<\/p>\n<p class=\"p_14\">Tambi\u00e9n dijo que urge modernizar las refiner\u00edas de petr\u00f3leo y\u00a0<b>renovar las empresas publicas<\/b>\u00a0de los sectores estrat\u00e9gicos: Petroecuador, Celec, CNEL y Enami. Noboa tambi\u00e9n aprovech\u00f3 para ofrecer servicios p\u00fablicos de calidad, aunque no dio detalles.<\/p>\n<p class=\"p_15\">Seg\u00fan su discurso, parte de estas obras ser\u00edan construidas gracias a la inversi\u00f3n y alianzas p\u00fablico-privadas, pues el Estado no cuenta con los recursos necesarios todo esto. <strong>Fuente: Vistazo<\/strong><\/p>\n<\/div>\n","protected":false},"excerpt":{"rendered":"<p>Daniel Noboa asumi\u00f3 el mando\u00a0para gobernar cuatro a\u00f1os m\u00e1s, hasta 2029. La ceremonia estuvo liderada por el presidente de la Asamblea y amigo personal de Noboa, Niels Olsen, quien le dese\u00f3 \u00e9xitos. Casi un centenar de delegaciones internacionales asistieron al evento, aunque solo dos mandatarios hicieron presencia:\u00a0Gustavo Petro, de Colombia, y\u00a0Dina Boluarte, de Per\u00fa. REVISE TAMBI\u00c9N:\u00a0Discurso Daniel Noboa: \u00bfPor qu\u00e9 el presidente dijo que \u00e9l y su vicepresidenta, Mar\u00eda Jos\u00e9 Pinto, fueron perseguidos? En su discurso, Noba dijo que su gobierno es una \u201cnueva forma de liderazgo,\u00a0de hacer las cosas diferentes\u201d. \u201cno venimos a heredar moldes viejos ni a maquillar errores. Venimos a romper ciclos, a hablar claro, a decir lo que nadie se atrevi\u00f3\u201d, asegur\u00f3. Reafirm\u00f3 su compromiso de\u00a0combatir el crimen organizado\u00a0y respaldar a la Polic\u00eda y Fuerzas Armadas, en un contexto de violencia campante. No obstante, uno de los ejes de su discurso el ofrecimiento de obras, algo que de lo que han adolecido los \u00faltimos gobiernos por\u00a0falta de presupuesto y la creciente deuda del Estado.\u00a0Habl\u00f3 de vialidad, hospitales, vivienda social, entre otras promesas. \u201cSer\u00e1 tambi\u00e9n la era de las obras\u201d, anunci\u00f3 el presidente. Daniel Noboa junto a la primera dama, Lavinia Valnonesi, en su llegada a Carondelet luego de la posesi\u00f3n presidencial en la Asamblea Nacional.\u00a0(Presidencia de la Rep\u00fablica) DESDE EL QUINTO PUENTE HASTA ENERG\u00cdA NUCLEAR Primero habl\u00f3 del\u00a0Quinto Puente, que conectar\u00e1 el sector portuario guayaquile\u00f1o con toda la industria del pa\u00eds. Una obra, seg\u00fan dijo, que reactivar\u00e1 la econom\u00eda y el comercio exterior. Este es un proyecto que\u00a0no se ha podido construir desde hace 15 a\u00f1os, por varios problemas, entre ellos la financiaci\u00f3n y las disputas pol\u00edticas. No solo se trata de un puente sobre el r\u00edo Guayas, sino que es una carretera de 44 kil\u00f3metros, m\u00e1s otras infraestructuras. La segunda obra prometida es el\u00a0corredor E25 entre Buena Fe y Jujan, que es parte de la\u00a0v\u00eda entre Quito y Guayaquil. Noboa dijo que en la v\u00eda ya se hacen trabajos de rehabilitaci\u00f3n y ofreci\u00f3 su\u00a0ampliaci\u00f3n a cuatro carriles.\u00a0Junto con la vialidad, anunci\u00f3 la repotenciaci\u00f3n de los puertos mar\u00edtimos para mejorar el comercio internacional. Ofreci\u00f3 tambi\u00e9n\u00a0100 mil soluciones habitacionales,\u00a0aunque no detall\u00f3 es qu\u00e9 provincias ni los modos de financiamiento para que la ciudadan\u00eda pueda beneficiarse de este proyecto. En el sector salud dijo que se construir\u00e1 una\u00a0Torre Oncol\u00f3gica\u00a0en el\u00a0Hospital Eugenio Espejo,\u00a0se repotenciar\u00e1 el\u00a0Hospital B\u00e1sico de La Libertad, en Santa Elena, y se har\u00e1n trabajos en otros hospitales. El Museo Nacional que es \u201cuna deuda hist\u00f3rica con el Ecuador, ser\u00e1 saldada\u201d, prometi\u00f3 el presidente. En cuanto a una de las preocupaciones m\u00e1s apremiantes, Noboa dijo que Ecuador va a\u00a0diversificar la matriz energ\u00e9tica, para librarnos de los\u00a0apagones en tiempos de estiaje. \u201cSe reforzar\u00e1 y ampliar\u00e1 el sistema de transmisi\u00f3n de energ\u00eda y calidad de entrega a los ecuatorianos. Se\u00a0firmar\u00e1n contratos anuales con el sector privado\u00a0para generar 300 megavatios de energ\u00edas renovables como solar, e\u00f3lica, y geot\u00e9rmica\u201d, refiri\u00f3. Pero, adem\u00e1s de eso, anunci\u00f3 que presentar\u00e1 a la Asamblea una\u00a0Ley de energ\u00eda nuclear\u00a0\u201cabriendo el camino hacia el futuro y garantizando el abastecimiento de la demanda el\u00e9ctrica del pa\u00eds\u201d. Tambi\u00e9n dijo que urge modernizar las refiner\u00edas de petr\u00f3leo y\u00a0renovar las empresas publicas\u00a0de los sectores estrat\u00e9gicos: Petroecuador, Celec, CNEL y Enami. Noboa tambi\u00e9n aprovech\u00f3 para ofrecer servicios p\u00fablicos de calidad, aunque no dio detalles. Seg\u00fan su discurso, parte de estas obras ser\u00edan construidas gracias a la inversi\u00f3n y alianzas p\u00fablico-privadas, pues el Estado no cuenta con los recursos necesarios todo esto. Fuente: Vistazo<\/p>\n","protected":false},"author":1,"featured_media":23685,"comment_status":"open","ping_status":"open","sticky":false,"template":"","format":"standard","meta":{"footnotes":""},"categories":[268],"tags":[],"class_list":["post-23684","post","type-post","status-publish","format-standard","has-post-thumbnail","hentry","category-nacionales"],"_links":{"self":[{"href":"https:\/\/www.elamazonico.com\/portal\/wp-json\/wp\/v2\/posts\/23684","targetHints":{"allow":["GET"]}}],"collection":[{"href":"https:\/\/www.elamazonico.com\/portal\/wp-json\/wp\/v2\/posts"}],"about":[{"href":"https:\/\/www.elamazonico.com\/portal\/wp-json\/wp\/v2\/types\/post"}],"author":[{"embeddable":true,"href":"https:\/\/www.elamazonico.com\/portal\/wp-json\/wp\/v2\/users\/1"}],"replies":[{"embeddable":true,"href":"https:\/\/www.elamazonico.com\/portal\/wp-json\/wp\/v2\/comments?post=23684"}],"version-history":[{"count":1,"href":"https:\/\/www.elamazonico.com\/portal\/wp-json\/wp\/v2\/posts\/23684\/revisions"}],"predecessor-version":[{"id":23686,"href":"https:\/\/www.elamazonico.com\/portal\/wp-json\/wp\/v2\/posts\/23684\/revisions\/23686"}],"wp:featuredmedia":[{"embeddable":true,"href":"https:\/\/www.elamazonico.com\/portal\/wp-json\/wp\/v2\/media\/23685"}],"wp:attachment":[{"href":"https:\/\/www.elamazonico.com\/portal\/wp-json\/wp\/v2\/media?parent=23684"}],"wp:term":[{"taxonomy":"category","embeddable":true,"href":"https:\/\/www.elamazonico.com\/portal\/wp-json\/wp\/v2\/categories?post=23684"},{"taxonomy":"post_tag","embeddable":true,"href":"https:\/\/www.elamazonico.com\/portal\/wp-json\/wp\/v2\/tags?post=23684"}],"curies":[{"name":"wp","href":"https:\/\/api.w.org\/{rel}","templated":true}]}}