{"id":23680,"date":"2025-05-25T10:33:11","date_gmt":"2025-05-25T15:33:11","guid":{"rendered":"https:\/\/www.elamazonico.com\/portal\/?p=23680"},"modified":"2025-05-25T10:50:25","modified_gmt":"2025-05-25T15:50:25","slug":"eeuu-considera-a-daniel-noboa-como-clave-para-mantener-las-relaciones-bilaterales","status":"publish","type":"post","link":"https:\/\/www.elamazonico.com\/portal\/eeuu-considera-a-daniel-noboa-como-clave-para-mantener-las-relaciones-bilaterales\/","title":{"rendered":"EEUU considera a Daniel Noboa como clave para mantener las relaciones bilaterales"},"content":{"rendered":"<div class=\"paragraph texto\">\n<p class=\"p_0\">El presidente de Ecuador,\u00a0<b><a href=\"https:\/\/www.vistazo.com\/cronologia\/-\/meta\/daniel-noboa\" target=\"_blank\" rel=\"noopener noreferrer\">Daniel Noboa<\/a><\/b>,<b>\u00a0quien asumi\u00f3 oficialmente su nuevo mandato hasta el a\u00f1o 2029<\/b>, fue calificado como un\u00a0<b>l\u00edder \u201cincorruptible\u201d\u00a0<\/b>por representantes del Gobierno de Estados Unidos, seg\u00fan inform\u00f3 la Presidencia ecuatoriana mediante un comunicado oficial.<\/p>\n<\/div>\n<div class=\"html_text\">\n<div class=\"twitter-tweet twitter-tweet-rendered\"><iframe id=\"twitter-widget-0\" class=\"\" title=\"X Post\" src=\"https:\/\/platform.twitter.com\/embed\/Tweet.html?dnt=false&amp;embedId=twitter-widget-0&amp;features=eyJ0ZndfdGltZWxpbmVfbGlzdCI6eyJidWNrZXQiOltdLCJ2ZXJzaW9uIjpudWxsfSwidGZ3X2ZvbGxvd2VyX2NvdW50X3N1bnNldCI6eyJidWNrZXQiOnRydWUsInZlcnNpb24iOm51bGx9LCJ0ZndfdHdlZXRfZWRpdF9iYWNrZW5kIjp7ImJ1Y2tldCI6Im9uIiwidmVyc2lvbiI6bnVsbH0sInRmd19yZWZzcmNfc2Vzc2lvbiI6eyJidWNrZXQiOiJvbiIsInZlcnNpb24iOm51bGx9LCJ0ZndfZm9zbnJfc29mdF9pbnRlcnZlbnRpb25zX2VuYWJsZWQiOnsiYnVja2V0Ijoib24iLCJ2ZXJzaW9uIjpudWxsfSwidGZ3X21peGVkX21lZGlhXzE1ODk3Ijp7ImJ1Y2tldCI6InRyZWF0bWVudCIsInZlcnNpb24iOm51bGx9LCJ0ZndfZXhwZXJpbWVudHNfY29va2llX2V4cGlyYXRpb24iOnsiYnVja2V0IjoxMjA5NjAwLCJ2ZXJzaW9uIjpudWxsfSwidGZ3X3Nob3dfYmlyZHdhdGNoX3Bpdm90c19lbmFibGVkIjp7ImJ1Y2tldCI6Im9uIiwidmVyc2lvbiI6bnVsbH0sInRmd19kdXBsaWNhdGVfc2NyaWJlc190b19zZXR0aW5ncyI6eyJidWNrZXQiOiJvbiIsInZlcnNpb24iOm51bGx9LCJ0ZndfdXNlX3Byb2ZpbGVfaW1hZ2Vfc2hhcGVfZW5hYmxlZCI6eyJidWNrZXQiOiJvbiIsInZlcnNpb24iOm51bGx9LCJ0ZndfdmlkZW9faGxzX2R5bmFtaWNfbWFuaWZlc3RzXzE1MDgyIjp7ImJ1Y2tldCI6InRydWVfYml0cmF0ZSIsInZlcnNpb24iOm51bGx9LCJ0ZndfbGVnYWN5X3RpbWVsaW5lX3N1bnNldCI6eyJidWNrZXQiOnRydWUsInZlcnNpb24iOm51bGx9LCJ0ZndfdHdlZXRfZWRpdF9mcm9udGVuZCI6eyJidWNrZXQiOiJvbiIsInZlcnNpb24iOm51bGx9fQ%3D%3D&amp;frame=false&amp;hideCard=false&amp;hideThread=false&amp;id=1926466649730818326&amp;lang=es&amp;origin=https%3A%2F%2Fwww.vistazo.com%2Fpolitica%2Fnacional%2F2025-05-24-ee-uu-considera-daniel-noboa-incorruptible-tras-investidura-presidencial-LK9387508&amp;sessionId=41a6db27df5fd86ee5b3604211d9588b7fc54640&amp;theme=light&amp;widgetsVersion=2615f7e52b7e0%3A1702314776716&amp;width=550px\" frameborder=\"0\" scrolling=\"no\" allowfullscreen=\"allowfullscreen\" data-tweet-id=\"1926466649730818326\" data-mce-fragment=\"1\"><\/iframe><\/div>\n<\/div>\n<div class=\"paragraph texto\">\n<p class=\"p_1\">Luego de la ceremonia de posesi\u00f3n realizada en la Asamblea Nacional, Noboa mantuvo encuentros con diversas delegaciones internacionales, entre ellas la de<b>\u00a0Estados Unidos<\/b>, encabezada por el secretario de Salud y Servicios Humanos,\u00a0<b><a href=\"https:\/\/www.vistazo.com\/cronologia\/-\/meta\/robert-f-kennedy-jr\" target=\"_blank\" rel=\"noopener noreferrer\">Robert F. Kennedy Jr.<\/a><\/b><\/p>\n<p><iframe width=\"1\" height=\"1\" frameborder=\"0\" scrolling=\"no\" data-mce-fragment=\"1\"><\/iframe><\/p>\n<p class=\"p_2\">Durante el intercambio, el funcionario estadounidense manifest\u00f3 que, para la administraci\u00f3n de\u00a0<b><a href=\"https:\/\/www.vistazo.com\/cronologia\/-\/meta\/donald-trump\" target=\"_blank\" rel=\"noopener noreferrer\">Donald Trump<\/a><\/b>, este nuevo periodo presidencial representa una etapa estrat\u00e9gica para fortalecer los lazos bilaterales con Ecuador. Asimismo, resalt\u00f3 que<b>\u00a0&#8216;la personalidad \u00edntegra de Noboa&#8217; lo posiciona como una figura clave tanto a nivel nacional como regional.<\/b><\/p>\n<\/div>\n<div class=\"html_text\"><iframe id=\"instagram-embed-0\" class=\"instagram-media instagram-media-rendered\" src=\"https:\/\/www.instagram.com\/p\/DJ-H7g0t1OX\/embed\/captioned\/?cr=1&amp;v=14&amp;wp=675&amp;rd=https%3A%2F%2Fwww.vistazo.com&amp;rp=%2Fpolitica%2Fnacional%2F2025-05-24-ee-uu-considera-daniel-noboa-incorruptible-tras-investidura-presidencial-LK9387508#%7B%22ci%22%3A0%2C%22os%22%3A740.6999999284744%2C%22ls%22%3A283.10000002384186%2C%22le%22%3A473.89999997615814%7D\" height=\"1257\" frameborder=\"0\" scrolling=\"no\" allowfullscreen=\"allowfullscreen\" data-instgrm-payload-id=\"instagram-media-payload-0\" data-mce-fragment=\"1\"><\/iframe><\/div>\n<h2 class=\"h2vistazo\">Compromisos del nuevo gobierno de Daniel Noboa<\/h2>\n<div class=\"paragraph texto\">\n<p class=\"p_3\">En su discurso de investidura, Noboa, hijo del empresario \u00c1lvaro Nobo, afirm\u00f3 que su gobierno priorizar\u00e1 la<b>\u00a0transparencia, el combate a las estructuras criminales y la lucha frontal contra la corrupci\u00f3n<\/b>. Anticip\u00f3 que su gesti\u00f3n \u201cdefraudar\u00e1 a las oligarqu\u00edas que hist\u00f3ricamente se beneficiaban del Estado\u201d.<\/p>\n<div>\n<div class=\"trv-player-container\">\n<div class=\"trv-wrapper\">\n<div id=\"br_video_player_da4f9d64c51cdd02283eb551fc7d255a7a4d6079\" class=\"trvd_video_player trvdfloater trv-right\">\n<div class=\"media-player\">\n<div class=\"trv-video\">\n<div id=\"truvid_ima_container37785\" class=\"truvid_ima_container\">\n<div><\/div>\n<\/div>\n<\/div>\n<div class=\"trv-poster\"><img decoding=\"async\" src=\"https:\/\/src.trvdp.com\/images\/cc9ef2ad60174d5f5191fb8c8cf9e08bf4994dda_3.jpg\" \/><\/div>\n<\/div>\n<\/div>\n<\/div>\n<\/div>\n<\/div>\n<p class=\"p_4\">El mandatario tambi\u00e9n se comprometi\u00f3 a erradicar pr\u00e1cticas corruptas y enfrentar a los grupos mafiosos que, seg\u00fan \u00e9l, han frenado el desarrollo de la juventud y afectado a las familias ecuatorianas.<\/p>\n<\/div>\n<div class=\"paragraph texto\">\n<p class=\"p_5\">Durante las reuniones diplom\u00e1ticas en la sede del Ejecutivo, se fortalecieron los v\u00ednculos de cooperaci\u00f3n y se reafirm\u00f3 el compromiso regional con la defensa de la democracia y la apertura comercial, seg\u00fan lo indic\u00f3 el comunicado de la Presidencia.<\/p>\n<\/div>\n<div class=\"html_text\"><iframe id=\"instagram-embed-1\" class=\"instagram-media instagram-media-rendered\" src=\"https:\/\/www.instagram.com\/p\/DKDJhsZtSuB\/embed\/captioned\/?cr=1&amp;v=14&amp;wp=675&amp;rd=https%3A%2F%2Fwww.vistazo.com&amp;rp=%2Fpolitica%2Fnacional%2F2025-05-24-ee-uu-considera-daniel-noboa-incorruptible-tras-investidura-presidencial-LK9387508#%7B%22ci%22%3A1%2C%22os%22%3A743.6999999284744%2C%22ls%22%3A283.10000002384186%2C%22le%22%3A473.89999997615814%7D\" height=\"1185\" frameborder=\"0\" scrolling=\"no\" allowfullscreen=\"allowfullscreen\" data-instgrm-payload-id=\"instagram-media-payload-1\" data-mce-fragment=\"1\"><\/iframe><\/div>\n<h2 class=\"h2vistazo\">Presencia internacional y nuevos acercamientos comerciales<\/h2>\n<div class=\"multimediaMacroWrapper img lateral\">\n<figure class=\"contentMedia art-img\">\n<div><img fetchpriority=\"high\" decoding=\"async\" class=\" lazyloaded\" title=\"El presidente Daniel Noboa junto a Dina Boluarte en una reuni\u00f3n diplom\u00e1tica en Carondelet.\" src=\"https:\/\/www.vistazo.com\/placeholder\/svg\/viewbox\/768x512\" sizes=\"100vw\" srcset=\"\/\/www.vistazo.com\/binrepository\/768x512\/0c0\/0d0\/none\/12727\/EAPO\/2025-05-24-daniel-noboa-dina-boluarte_2212235_20250525100044.jpg 768w,\/\/www.vistazo.com\/binrepository\/640x427\/0c0\/0d0\/none\/12727\/EAPC\/2025-05-24-daniel-noboa-dina-boluarte_2212235_20250525100044.jpg 640w,\/\/www.vistazo.com\/binrepository\/512x341\/0c0\/0d0\/none\/12727\/EAPB\/2025-05-24-daniel-noboa-dina-boluarte_2212235_20250525100044.jpg 512w,\/\/www.vistazo.com\/binrepository\/384x256\/0c0\/0d0\/none\/12727\/EAPP\/2025-05-24-daniel-noboa-dina-boluarte_2212235_20250525100044.jpg 384w,\/\/www.vistazo.com\/binrepository\/300x200\/0c0\/0d0\/none\/12727\/EAPA\/2025-05-24-daniel-noboa-dina-boluarte_2212235_20250525100044.jpg 300w\" alt=\"$!El presidente Daniel Noboa junto a Dina Boluarte en una reuni\u00f3n diplom\u00e1tica en Carondelet.\" width=\"768\" height=\"512\" data-srcset=\"\/\/www.vistazo.com\/binrepository\/768x512\/0c0\/0d0\/none\/12727\/EAPO\/2025-05-24-daniel-noboa-dina-boluarte_2212235_20250525100044.jpg 768w,\/\/www.vistazo.com\/binrepository\/640x427\/0c0\/0d0\/none\/12727\/EAPC\/2025-05-24-daniel-noboa-dina-boluarte_2212235_20250525100044.jpg 640w,\/\/www.vistazo.com\/binrepository\/512x341\/0c0\/0d0\/none\/12727\/EAPB\/2025-05-24-daniel-noboa-dina-boluarte_2212235_20250525100044.jpg 512w,\/\/www.vistazo.com\/binrepository\/384x256\/0c0\/0d0\/none\/12727\/EAPP\/2025-05-24-daniel-noboa-dina-boluarte_2212235_20250525100044.jpg 384w,\/\/www.vistazo.com\/binrepository\/300x200\/0c0\/0d0\/none\/12727\/EAPA\/2025-05-24-daniel-noboa-dina-boluarte_2212235_20250525100044.jpg 300w\" \/><\/div>\n<div class=\"cutline-byline\"><span class=\"cutline-text\">El presidente Daniel Noboa junto a Dina Boluarte en una reuni\u00f3n diplom\u00e1tica en Carondelet.\u00a0<\/span><span class=\"byline-image\">(Foto: Flickr Presidencia.)<\/span><\/div>\n<\/figure>\n<\/div>\n<div class=\"paragraph texto\">\n<p class=\"p_6\">Entre los asistentes a la ceremonia estuvo la presidenta de Per\u00fa,<b><a href=\"https:\/\/www.vistazo.com\/cronologia\/-\/meta\/dina-boluarte\" target=\"_blank\" rel=\"noopener noreferrer\">\u00a0Dina Boluarte<\/a><\/b>, quien felicit\u00f3 a Noboa por el inicio de su segundo mandato. Su participaci\u00f3n, se\u00f1al\u00f3 el Gobierno ecuatoriano, \u00abconsolida m\u00e1s de 25 a\u00f1os de relaciones amistosas y di\u00e1logo entre ambas naciones\u00bb.<\/p>\n<p class=\"p_7\">Por otro lado, el mandatario ecuatoriano tambi\u00e9n recibi\u00f3 a\u00a0<b>Thani bin Ahmed Al Zeyoudi<\/b>, ministro de Comercio de los Emiratos \u00c1rabes Unidos, con quien convers\u00f3 sobre nuevas oportunidades de inversi\u00f3n en sectores estrat\u00e9gicos para la econom\u00eda ecuatoriana. <strong>Fuente: Vistazo<\/strong><\/p>\n<\/div>\n<div class=\"multimediaMacroWrapper img lateral\">\n<figure class=\"contentMedia art-img\">\n<div><img decoding=\"async\" class=\" lazyloaded\" title=\"El presidente Daniel Noboa junto a Thani bin Ahmed Al Zeyoudi.\" src=\"https:\/\/www.vistazo.com\/placeholder\/svg\/viewbox\/768x512\" sizes=\"100vw\" srcset=\"\/\/www.vistazo.com\/binrepository\/768x512\/0c0\/0d0\/none\/12727\/GCKD\/2025-05-24-daniel-noboa-thani-bin-ahme_2212241_20250525100230.jpg 768w,\/\/www.vistazo.com\/binrepository\/640x427\/0c0\/0d0\/none\/12727\/GCKP\/2025-05-24-daniel-noboa-thani-bin-ahme_2212241_20250525100230.jpg 640w,\/\/www.vistazo.com\/binrepository\/512x341\/0c0\/0d0\/none\/12727\/GCKM\/2025-05-24-daniel-noboa-thani-bin-ahme_2212241_20250525100230.jpg 512w,\/\/www.vistazo.com\/binrepository\/384x256\/0c0\/0d0\/none\/12727\/GCKC\/2025-05-24-daniel-noboa-thani-bin-ahme_2212241_20250525100230.jpg 384w,\/\/www.vistazo.com\/binrepository\/300x200\/0c0\/0d0\/none\/12727\/GCKN\/2025-05-24-daniel-noboa-thani-bin-ahme_2212241_20250525100230.jpg 300w\" alt=\"$!El presidente Daniel Noboa junto a Thani bin Ahmed Al Zeyoudi.\" width=\"768\" height=\"512\" data-srcset=\"\/\/www.vistazo.com\/binrepository\/768x512\/0c0\/0d0\/none\/12727\/GCKD\/2025-05-24-daniel-noboa-thani-bin-ahme_2212241_20250525100230.jpg 768w,\/\/www.vistazo.com\/binrepository\/640x427\/0c0\/0d0\/none\/12727\/GCKP\/2025-05-24-daniel-noboa-thani-bin-ahme_2212241_20250525100230.jpg 640w,\/\/www.vistazo.com\/binrepository\/512x341\/0c0\/0d0\/none\/12727\/GCKM\/2025-05-24-daniel-noboa-thani-bin-ahme_2212241_20250525100230.jpg 512w,\/\/www.vistazo.com\/binrepository\/384x256\/0c0\/0d0\/none\/12727\/GCKC\/2025-05-24-daniel-noboa-thani-bin-ahme_2212241_20250525100230.jpg 384w,\/\/www.vistazo.com\/binrepository\/300x200\/0c0\/0d0\/none\/12727\/GCKN\/2025-05-24-daniel-noboa-thani-bin-ahme_2212241_20250525100230.jpg 300w\" \/><\/div>\n<div class=\"cutline-byline\"><span class=\"cutline-text\">El presidente Daniel Noboa junto a Thani bin Ahmed Al Zeyoudi.<\/span>\u00a0<span class=\"byline-image\">(Foto: Flickr Presidencia)<\/span><\/div>\n<\/figure>\n<\/div>\n<div class=\"paragraph texto\">\n<p class=\"p_8\">Asimismo, se mantuvo una reuni\u00f3n con representantes de\u00a0<b>Rep\u00fablica Dominicana<\/b>, aunque no se revelaron detalles sobre los temas abordados en dicho encuentro.<\/p>\n<\/div>\n","protected":false},"excerpt":{"rendered":"<p>El presidente de Ecuador,\u00a0Daniel Noboa,\u00a0quien asumi\u00f3 oficialmente su nuevo mandato hasta el a\u00f1o 2029, fue calificado como un\u00a0l\u00edder \u201cincorruptible\u201d\u00a0por representantes del Gobierno de Estados Unidos, seg\u00fan inform\u00f3 la Presidencia ecuatoriana mediante un comunicado oficial. Luego de la ceremonia de posesi\u00f3n realizada en la Asamblea Nacional, Noboa mantuvo encuentros con diversas delegaciones internacionales, entre ellas la de\u00a0Estados Unidos, encabezada por el secretario de Salud y Servicios Humanos,\u00a0Robert F. Kennedy Jr. Durante el intercambio, el funcionario estadounidense manifest\u00f3 que, para la administraci\u00f3n de\u00a0Donald Trump, este nuevo periodo presidencial representa una etapa estrat\u00e9gica para fortalecer los lazos bilaterales con Ecuador. Asimismo, resalt\u00f3 que\u00a0&#8216;la personalidad \u00edntegra de Noboa&#8217; lo posiciona como una figura clave tanto a nivel nacional como regional. Compromisos del nuevo gobierno de Daniel Noboa En su discurso de investidura, Noboa, hijo del empresario \u00c1lvaro Nobo, afirm\u00f3 que su gobierno priorizar\u00e1 la\u00a0transparencia, el combate a las estructuras criminales y la lucha frontal contra la corrupci\u00f3n. Anticip\u00f3 que su gesti\u00f3n \u201cdefraudar\u00e1 a las oligarqu\u00edas que hist\u00f3ricamente se beneficiaban del Estado\u201d. El mandatario tambi\u00e9n se comprometi\u00f3 a erradicar pr\u00e1cticas corruptas y enfrentar a los grupos mafiosos que, seg\u00fan \u00e9l, han frenado el desarrollo de la juventud y afectado a las familias ecuatorianas. Durante las reuniones diplom\u00e1ticas en la sede del Ejecutivo, se fortalecieron los v\u00ednculos de cooperaci\u00f3n y se reafirm\u00f3 el compromiso regional con la defensa de la democracia y la apertura comercial, seg\u00fan lo indic\u00f3 el comunicado de la Presidencia. Presencia internacional y nuevos acercamientos comerciales El presidente Daniel Noboa junto a Dina Boluarte en una reuni\u00f3n diplom\u00e1tica en Carondelet.\u00a0(Foto: Flickr Presidencia.) Entre los asistentes a la ceremonia estuvo la presidenta de Per\u00fa,\u00a0Dina Boluarte, quien felicit\u00f3 a Noboa por el inicio de su segundo mandato. Su participaci\u00f3n, se\u00f1al\u00f3 el Gobierno ecuatoriano, \u00abconsolida m\u00e1s de 25 a\u00f1os de relaciones amistosas y di\u00e1logo entre ambas naciones\u00bb. Por otro lado, el mandatario ecuatoriano tambi\u00e9n recibi\u00f3 a\u00a0Thani bin Ahmed Al Zeyoudi, ministro de Comercio de los Emiratos \u00c1rabes Unidos, con quien convers\u00f3 sobre nuevas oportunidades de inversi\u00f3n en sectores estrat\u00e9gicos para la econom\u00eda ecuatoriana. Fuente: Vistazo El presidente Daniel Noboa junto a Thani bin Ahmed Al Zeyoudi.\u00a0(Foto: Flickr Presidencia) Asimismo, se mantuvo una reuni\u00f3n con representantes de\u00a0Rep\u00fablica Dominicana, aunque no se revelaron detalles sobre los temas abordados en dicho encuentro.<\/p>\n","protected":false},"author":1,"featured_media":23681,"comment_status":"open","ping_status":"open","sticky":false,"template":"","format":"standard","meta":{"footnotes":""},"categories":[268],"tags":[],"class_list":["post-23680","post","type-post","status-publish","format-standard","has-post-thumbnail","hentry","category-nacionales"],"_links":{"self":[{"href":"https:\/\/www.elamazonico.com\/portal\/wp-json\/wp\/v2\/posts\/23680","targetHints":{"allow":["GET"]}}],"collection":[{"href":"https:\/\/www.elamazonico.com\/portal\/wp-json\/wp\/v2\/posts"}],"about":[{"href":"https:\/\/www.elamazonico.com\/portal\/wp-json\/wp\/v2\/types\/post"}],"author":[{"embeddable":true,"href":"https:\/\/www.elamazonico.com\/portal\/wp-json\/wp\/v2\/users\/1"}],"replies":[{"embeddable":true,"href":"https:\/\/www.elamazonico.com\/portal\/wp-json\/wp\/v2\/comments?post=23680"}],"version-history":[{"count":2,"href":"https:\/\/www.elamazonico.com\/portal\/wp-json\/wp\/v2\/posts\/23680\/revisions"}],"predecessor-version":[{"id":23683,"href":"https:\/\/www.elamazonico.com\/portal\/wp-json\/wp\/v2\/posts\/23680\/revisions\/23683"}],"wp:featuredmedia":[{"embeddable":true,"href":"https:\/\/www.elamazonico.com\/portal\/wp-json\/wp\/v2\/media\/23681"}],"wp:attachment":[{"href":"https:\/\/www.elamazonico.com\/portal\/wp-json\/wp\/v2\/media?parent=23680"}],"wp:term":[{"taxonomy":"category","embeddable":true,"href":"https:\/\/www.elamazonico.com\/portal\/wp-json\/wp\/v2\/categories?post=23680"},{"taxonomy":"post_tag","embeddable":true,"href":"https:\/\/www.elamazonico.com\/portal\/wp-json\/wp\/v2\/tags?post=23680"}],"curies":[{"name":"wp","href":"https:\/\/api.w.org\/{rel}","templated":true}]}}