{"id":23666,"date":"2025-05-23T11:03:14","date_gmt":"2025-05-23T16:03:14","guid":{"rendered":"https:\/\/www.elamazonico.com\/portal\/?p=23666"},"modified":"2025-05-23T11:03:14","modified_gmt":"2025-05-23T16:03:14","slug":"abogados-exigen-sancion-a-jueces-por-fallo-en-caso-malvinas","status":"publish","type":"post","link":"https:\/\/www.elamazonico.com\/portal\/abogados-exigen-sancion-a-jueces-por-fallo-en-caso-malvinas\/","title":{"rendered":"Abogados exigen sanci\u00f3n a jueces por fallo en caso Malvinas"},"content":{"rendered":"<p>Los abogados de las familias de los cuatro ni\u00f1os desaparecidos y asesinados en el sector Las Malvinas, en diciembre de 2024, anunciaron que presentar\u00e1n una acci\u00f3n extraordinaria de protecci\u00f3n ante la Corte Constitucional. Esto, tras la decisi\u00f3n de la Corte Nacional de Justicia que revoc\u00f3 la sentencia que reconoc\u00eda el delito de desaparici\u00f3n forzada.<\/p>\n<div class=\"google-auto-placed ap_container\"><ins class=\"adsbygoogle adsbygoogle-noablate\" data-ad-format=\"auto\" data-ad-client=\"ca-pub-7837679359314521\" data-adsbygoogle-status=\"done\" data-ad-status=\"filled\"><\/p>\n<div id=\"aswift_1_host\">Abraham Aguirre, representante legal de los familiares, se\u00f1al\u00f3 que el fallo \u201ccarece de fundamentaci\u00f3n y presenta incongruencias jur\u00eddicas\u201d. Por ello, solicitar\u00e1n que los jueces constitucionales revisen la actuaci\u00f3n de los dos magistrados que votaron en contra del fallo inicial, con el fin de que se declare si existi\u00f3 negligencia, dolo o error inexcusable.<\/div>\n<p><\/ins><\/div>\n<p>Adem\u00e1s, Aguirre inform\u00f3 que el pr\u00f3ximo 27 de mayo se desarrollar\u00e1 la audiencia preparatoria de juicio. En dicha diligencia tambi\u00e9n se revisar\u00e1 la medida de prisi\u00f3n preventiva que pesa sobre los 16 militares implicados en el operativo que termin\u00f3 con la detenci\u00f3n de los menores.<\/p>\n<p>El abogado explic\u00f3 que existen suficientes elementos de convicci\u00f3n para mantener la prisi\u00f3n preventiva, entre ellos los testimonios de cuatro miembros de la Fuerza A\u00e9rea Ecuatoriana que se acogieron a la cooperaci\u00f3n eficaz.<\/p>\n<p>Aguirre tambi\u00e9n critic\u00f3 la falta de apoyo estatal hacia los padres de los menores, quienes no han recibido ni siquiera atenci\u00f3n psicol\u00f3gica. \u201cHa sido el tejido social, a trav\u00e9s de organizaciones, el que ha brindado contenci\u00f3n\u201d, indic\u00f3.<\/p>\n<p>Finalmente, rechaz\u00f3 la campa\u00f1a de desprestigio hacia las v\u00edctimas, se\u00f1alando que se intenta vincularlas con el crimen organizado o culpar a sus familias por lo ocurrido. \u201cLos est\u00e1n desgastando\u201d, lament\u00f3.<\/p>\n","protected":false},"excerpt":{"rendered":"<p>Los abogados de las familias de los cuatro ni\u00f1os desaparecidos y asesinados en el sector Las Malvinas, en diciembre de 2024, anunciaron que presentar\u00e1n una acci\u00f3n extraordinaria de protecci\u00f3n ante la Corte Constitucional. Esto, tras la decisi\u00f3n de la Corte Nacional de Justicia que revoc\u00f3 la sentencia que reconoc\u00eda el delito de desaparici\u00f3n forzada. Abraham Aguirre, representante legal de los familiares, se\u00f1al\u00f3 que el fallo \u201ccarece de fundamentaci\u00f3n y presenta incongruencias jur\u00eddicas\u201d. Por ello, solicitar\u00e1n que los jueces constitucionales revisen la actuaci\u00f3n de los dos magistrados que votaron en contra del fallo inicial, con el fin de que se declare si existi\u00f3 negligencia, dolo o error inexcusable. Adem\u00e1s, Aguirre inform\u00f3 que el pr\u00f3ximo 27 de mayo se desarrollar\u00e1 la audiencia preparatoria de juicio. En dicha diligencia tambi\u00e9n se revisar\u00e1 la medida de prisi\u00f3n preventiva que pesa sobre los 16 militares implicados en el operativo que termin\u00f3 con la detenci\u00f3n de los menores. El abogado explic\u00f3 que existen suficientes elementos de convicci\u00f3n para mantener la prisi\u00f3n preventiva, entre ellos los testimonios de cuatro miembros de la Fuerza A\u00e9rea Ecuatoriana que se acogieron a la cooperaci\u00f3n eficaz. Aguirre tambi\u00e9n critic\u00f3 la falta de apoyo estatal hacia los padres de los menores, quienes no han recibido ni siquiera atenci\u00f3n psicol\u00f3gica. \u201cHa sido el tejido social, a trav\u00e9s de organizaciones, el que ha brindado contenci\u00f3n\u201d, indic\u00f3. Finalmente, rechaz\u00f3 la campa\u00f1a de desprestigio hacia las v\u00edctimas, se\u00f1alando que se intenta vincularlas con el crimen organizado o culpar a sus familias por lo ocurrido. \u201cLos est\u00e1n desgastando\u201d, lament\u00f3.<\/p>\n","protected":false},"author":1,"featured_media":23667,"comment_status":"open","ping_status":"open","sticky":false,"template":"","format":"standard","meta":{"footnotes":""},"categories":[268],"tags":[],"class_list":["post-23666","post","type-post","status-publish","format-standard","has-post-thumbnail","hentry","category-nacionales"],"_links":{"self":[{"href":"https:\/\/www.elamazonico.com\/portal\/wp-json\/wp\/v2\/posts\/23666","targetHints":{"allow":["GET"]}}],"collection":[{"href":"https:\/\/www.elamazonico.com\/portal\/wp-json\/wp\/v2\/posts"}],"about":[{"href":"https:\/\/www.elamazonico.com\/portal\/wp-json\/wp\/v2\/types\/post"}],"author":[{"embeddable":true,"href":"https:\/\/www.elamazonico.com\/portal\/wp-json\/wp\/v2\/users\/1"}],"replies":[{"embeddable":true,"href":"https:\/\/www.elamazonico.com\/portal\/wp-json\/wp\/v2\/comments?post=23666"}],"version-history":[{"count":1,"href":"https:\/\/www.elamazonico.com\/portal\/wp-json\/wp\/v2\/posts\/23666\/revisions"}],"predecessor-version":[{"id":23668,"href":"https:\/\/www.elamazonico.com\/portal\/wp-json\/wp\/v2\/posts\/23666\/revisions\/23668"}],"wp:featuredmedia":[{"embeddable":true,"href":"https:\/\/www.elamazonico.com\/portal\/wp-json\/wp\/v2\/media\/23667"}],"wp:attachment":[{"href":"https:\/\/www.elamazonico.com\/portal\/wp-json\/wp\/v2\/media?parent=23666"}],"wp:term":[{"taxonomy":"category","embeddable":true,"href":"https:\/\/www.elamazonico.com\/portal\/wp-json\/wp\/v2\/categories?post=23666"},{"taxonomy":"post_tag","embeddable":true,"href":"https:\/\/www.elamazonico.com\/portal\/wp-json\/wp\/v2\/tags?post=23666"}],"curies":[{"name":"wp","href":"https:\/\/api.w.org\/{rel}","templated":true}]}}