{"id":23663,"date":"2025-05-23T10:54:50","date_gmt":"2025-05-23T15:54:50","guid":{"rendered":"https:\/\/www.elamazonico.com\/portal\/?p=23663"},"modified":"2025-05-23T10:54:50","modified_gmt":"2025-05-23T15:54:50","slug":"lideres-mundiales-confirman-asistencia-a-la-posesion-de-daniel-noboa","status":"publish","type":"post","link":"https:\/\/www.elamazonico.com\/portal\/lideres-mundiales-confirman-asistencia-a-la-posesion-de-daniel-noboa\/","title":{"rendered":"L\u00edderes mundiales confirman asistencia a la posesi\u00f3n de Daniel Noboa"},"content":{"rendered":"<p>La Canciller\u00eda de Ecuador ha anunciado que delegaciones de alto nivel de 57 pa\u00edses y 18 organismos internacionales participar\u00e1n en la ceremonia de posesi\u00f3n del presidente reelecto, Daniel Noboa, y la vicepresidenta Mar\u00eda Jos\u00e9 Pinto, programada para el 24 de mayo de 2025 en el Pleno de la Asamblea Nacional.<\/p>\n<p>Entre los asistentes confirmados se encuentran:<\/p>\n<p>Estados Unidos: Robert F. Kennedy Jr., secretario de Salud y Servicios Humanos, encabezar\u00e1 la delegaci\u00f3n estadounidense.<\/p>\n<p>Per\u00fa: La presidenta Dina Boluarte ha recibido autorizaci\u00f3n del Congreso peruano para asistir a la ceremonia.<\/p>\n<p>Corea del Sur: Bang Ki-sun, jefe de la Oficina de Coordinaci\u00f3n de Pol\u00edticas Gubernamentales, representar\u00e1 a su pa\u00eds.<\/p>\n<p>China: El ministro de Educaci\u00f3n, Huai Jinpeng, ha sido designado como enviado especial del presidente Xi Jinping para la ocasi\u00f3n.<\/p>\n<p>Se espera que esta ceremonia cuente con la mayor presencia de delegaciones internacionales en una posesi\u00f3n presidencial en la historia del pa\u00eds.<\/p>\n","protected":false},"excerpt":{"rendered":"<p>La Canciller\u00eda de Ecuador ha anunciado que delegaciones de alto nivel de 57 pa\u00edses y 18 organismos internacionales participar\u00e1n en la ceremonia de posesi\u00f3n del presidente reelecto, Daniel Noboa, y la vicepresidenta Mar\u00eda Jos\u00e9 Pinto, programada para el 24 de mayo de 2025 en el Pleno de la Asamblea Nacional. Entre los asistentes confirmados se encuentran: Estados Unidos: Robert F. Kennedy Jr., secretario de Salud y Servicios Humanos, encabezar\u00e1 la delegaci\u00f3n estadounidense. Per\u00fa: La presidenta Dina Boluarte ha recibido autorizaci\u00f3n del Congreso peruano para asistir a la ceremonia. Corea del Sur: Bang Ki-sun, jefe de la Oficina de Coordinaci\u00f3n de Pol\u00edticas Gubernamentales, representar\u00e1 a su pa\u00eds. China: El ministro de Educaci\u00f3n, Huai Jinpeng, ha sido designado como enviado especial del presidente Xi Jinping para la ocasi\u00f3n. Se espera que esta ceremonia cuente con la mayor presencia de delegaciones internacionales en una posesi\u00f3n presidencial en la historia del pa\u00eds.<\/p>\n","protected":false},"author":1,"featured_media":23664,"comment_status":"open","ping_status":"open","sticky":false,"template":"","format":"standard","meta":{"footnotes":""},"categories":[268],"tags":[],"class_list":["post-23663","post","type-post","status-publish","format-standard","has-post-thumbnail","hentry","category-nacionales"],"_links":{"self":[{"href":"https:\/\/www.elamazonico.com\/portal\/wp-json\/wp\/v2\/posts\/23663","targetHints":{"allow":["GET"]}}],"collection":[{"href":"https:\/\/www.elamazonico.com\/portal\/wp-json\/wp\/v2\/posts"}],"about":[{"href":"https:\/\/www.elamazonico.com\/portal\/wp-json\/wp\/v2\/types\/post"}],"author":[{"embeddable":true,"href":"https:\/\/www.elamazonico.com\/portal\/wp-json\/wp\/v2\/users\/1"}],"replies":[{"embeddable":true,"href":"https:\/\/www.elamazonico.com\/portal\/wp-json\/wp\/v2\/comments?post=23663"}],"version-history":[{"count":1,"href":"https:\/\/www.elamazonico.com\/portal\/wp-json\/wp\/v2\/posts\/23663\/revisions"}],"predecessor-version":[{"id":23665,"href":"https:\/\/www.elamazonico.com\/portal\/wp-json\/wp\/v2\/posts\/23663\/revisions\/23665"}],"wp:featuredmedia":[{"embeddable":true,"href":"https:\/\/www.elamazonico.com\/portal\/wp-json\/wp\/v2\/media\/23664"}],"wp:attachment":[{"href":"https:\/\/www.elamazonico.com\/portal\/wp-json\/wp\/v2\/media?parent=23663"}],"wp:term":[{"taxonomy":"category","embeddable":true,"href":"https:\/\/www.elamazonico.com\/portal\/wp-json\/wp\/v2\/categories?post=23663"},{"taxonomy":"post_tag","embeddable":true,"href":"https:\/\/www.elamazonico.com\/portal\/wp-json\/wp\/v2\/tags?post=23663"}],"curies":[{"name":"wp","href":"https:\/\/api.w.org\/{rel}","templated":true}]}}