{"id":23457,"date":"2025-05-14T10:54:59","date_gmt":"2025-05-14T15:54:59","guid":{"rendered":"https:\/\/www.elamazonico.com\/portal\/?p=23457"},"modified":"2025-05-14T10:54:59","modified_gmt":"2025-05-14T15:54:59","slug":"asi-era-la-chacra-donde-pepe-mujica-vivio-murio-y-sera-enterrado","status":"publish","type":"post","link":"https:\/\/www.elamazonico.com\/portal\/asi-era-la-chacra-donde-pepe-mujica-vivio-murio-y-sera-enterrado\/","title":{"rendered":"As\u00ed era la chacra donde Pepe Mujica vivi\u00f3, muri\u00f3 y ser\u00e1 enterrado"},"content":{"rendered":"<p>Jos\u00e9 &#8216;Pepe&#8217; Mujica, expresidente de Uruguay, falleci\u00f3 este martes 13 de mayo de 2025 en su amada y entra\u00f1able chacra, una finca ubicada en las periferias de Montevideo, donde viv\u00f3 por d\u00e9cadas y donde ser\u00e1 enterrado. Ese fue su deseo.<\/p>\n<p>Conocido por haber sido un hombre liviano de equipaje, Mujica nunca abandon\u00f3 su casa, rodeada de animales dom\u00e9sticos, sembr\u00edos, flores y espacios verdes.<\/p>\n<p>Cuando fue senador desde 1999 y ministro de Ganader\u00eda del primer mandato de Tabar\u00e9 V\u00e1zquez (2005-2010 y 2015-2020), iba de su chacra al Parlamento en moto con Topolansky.<\/p>\n<p>Y cuando asumi\u00f3 la presidencia entre 2010 y 2015, decidi\u00f3 movilizarse en su Volkswagen modelo Beetle 1987.<\/p>\n<p><img decoding=\"async\" src=\"https:\/\/imagenes.primicias.ec\/files\/image_original\/uploads\/2025\/05\/13\/6823bbad4b40a.jpeg\" alt=\"thumb\" \/><br \/>\n<strong>As\u00ed es la chacra donde descansar\u00e1 Pepe Mujica<\/strong><br \/>\nSu decisi\u00f3n de no desprenderse de su espacio gener\u00f3 curiosidad a nivel mundial y varios reporteros recorrieron los rincones.<\/p>\n<p>Mujica se hab\u00eda comprado esa propiedad en la zona Rinc\u00f3n del Cerro, hace poco m\u00e1s de 35 a\u00f1os. Era uno m\u00e1s de los terrenos m\u00e1s de una zona rural con grandes espacios verdes.<\/p>\n<p><img decoding=\"async\" src=\"https:\/\/imagenes.primicias.ec\/files\/content_image_simple_414_238\/uploads\/2025\/05\/13\/6823bc3798c4d.jpeg\" alt=\"thumb\" \/><br \/>\nEl youtuber Joaco Santos, mostr\u00f3 hace un a\u00f1o parte de esa finca. Ten\u00eda un galp\u00f3n lleno de herramientas, con art\u00edculos vetustos y llenos de polvo porque el piso era de tierra.<\/p>\n<p>En ese galp\u00f3n, de grandes puertas de lata, guardaba su Volkswagen modelo Beetle 1987.<\/p>\n<p>En el interior de su casa ten\u00eda un estrecho espacio lleno de libros, con recuerdos del &#8216;Che&#8217; Guevara, de Fidel Castro.\u00a0Ah\u00ed cada art\u00edculo ten\u00eda una historia, se lo sab\u00eda por completo.<\/p>\n<p>En ese lugar recibi\u00f3 a muchos l\u00edderes pol\u00edticos del mundo.<\/p>\n<p><img decoding=\"async\" src=\"https:\/\/imagenes.primicias.ec\/files\/content_image_simple_414_238\/uploads\/2025\/05\/13\/6823bea33eaf4.jpeg\" alt=\"thumb\" \/><br \/>\nLa casa ten\u00eda una peque\u00f1a cocina con trastes tambi\u00e9n vetustos, una habitaci\u00f3n donde colgaba la bicicleta que usaba cuando era joven. Tambi\u00e9n ten\u00eda un ba\u00f1o.<\/p>\n<p><strong>Rodeado de animales y plantas<\/strong><br \/>\nSu finca estaba rodeada de animales, de gallinas, de perros, de viento fresco.\u00a0Ten\u00eda sembr\u00edos de ma\u00edz para sus gallinas, pero tambi\u00e9n le preparaba sus propios alimentos .<\/p>\n<p>Sembrara plantas ornamentales, otras comestibles y ten\u00eda un apiario.<\/p>\n<p><img decoding=\"async\" src=\"https:\/\/imagenes.primicias.ec\/files\/content_image_simple_414_238\/uploads\/2025\/05\/13\/6823bddb38e7b.jpeg\" alt=\"thumb\" \/><br \/>\nPara los pol\u00edticos o la prensa internacional su forma de vivir era at\u00edpica.<\/p>\n<p>\u00abYo no tengo la culpa de que se enloquezcan y se hagan una vida complicada&#8230; La intimidad de la familia se cobija mucho mejor cuando t\u00fa eres sobrio\u00bb, dec\u00eda hace poco m\u00e1s de 10 a\u00f1os en una entrevista con RT, en un video compartido por la Presidencia de Uruguay.<\/p>\n<p>Al youtuber Joaco Santos le confes\u00f3 que la \u00faltima vez que se hab\u00eda tomado sus \u00faltimas vacaciones hab\u00eda sido para comprarse la chacra, a donde lleg\u00f3 pedaleando en su bicicleta. <strong>Fuente: Primicias<\/strong><\/p>\n<p><img decoding=\"async\" src=\"https:\/\/imagenes.primicias.ec\/files\/content_image_simple_414_238\/uploads\/2025\/05\/13\/6823bf25de335.jpeg\" alt=\"thumb\" \/><\/p>\n","protected":false},"excerpt":{"rendered":"<p>Jos\u00e9 &#8216;Pepe&#8217; Mujica, expresidente de Uruguay, falleci\u00f3 este martes 13 de mayo de 2025 en su amada y entra\u00f1able chacra, una finca ubicada en las periferias de Montevideo, donde viv\u00f3 por d\u00e9cadas y donde ser\u00e1 enterrado. Ese fue su deseo. Conocido por haber sido un hombre liviano de equipaje, Mujica nunca abandon\u00f3 su casa, rodeada de animales dom\u00e9sticos, sembr\u00edos, flores y espacios verdes. Cuando fue senador desde 1999 y ministro de Ganader\u00eda del primer mandato de Tabar\u00e9 V\u00e1zquez (2005-2010 y 2015-2020), iba de su chacra al Parlamento en moto con Topolansky. Y cuando asumi\u00f3 la presidencia entre 2010 y 2015, decidi\u00f3 movilizarse en su Volkswagen modelo Beetle 1987. As\u00ed es la chacra donde descansar\u00e1 Pepe Mujica Su decisi\u00f3n de no desprenderse de su espacio gener\u00f3 curiosidad a nivel mundial y varios reporteros recorrieron los rincones. Mujica se hab\u00eda comprado esa propiedad en la zona Rinc\u00f3n del Cerro, hace poco m\u00e1s de 35 a\u00f1os. Era uno m\u00e1s de los terrenos m\u00e1s de una zona rural con grandes espacios verdes. El youtuber Joaco Santos, mostr\u00f3 hace un a\u00f1o parte de esa finca. Ten\u00eda un galp\u00f3n lleno de herramientas, con art\u00edculos vetustos y llenos de polvo porque el piso era de tierra. En ese galp\u00f3n, de grandes puertas de lata, guardaba su Volkswagen modelo Beetle 1987. En el interior de su casa ten\u00eda un estrecho espacio lleno de libros, con recuerdos del &#8216;Che&#8217; Guevara, de Fidel Castro.\u00a0Ah\u00ed cada art\u00edculo ten\u00eda una historia, se lo sab\u00eda por completo. En ese lugar recibi\u00f3 a muchos l\u00edderes pol\u00edticos del mundo. La casa ten\u00eda una peque\u00f1a cocina con trastes tambi\u00e9n vetustos, una habitaci\u00f3n donde colgaba la bicicleta que usaba cuando era joven. Tambi\u00e9n ten\u00eda un ba\u00f1o. Rodeado de animales y plantas Su finca estaba rodeada de animales, de gallinas, de perros, de viento fresco.\u00a0Ten\u00eda sembr\u00edos de ma\u00edz para sus gallinas, pero tambi\u00e9n le preparaba sus propios alimentos . Sembrara plantas ornamentales, otras comestibles y ten\u00eda un apiario. Para los pol\u00edticos o la prensa internacional su forma de vivir era at\u00edpica. \u00abYo no tengo la culpa de que se enloquezcan y se hagan una vida complicada&#8230; La intimidad de la familia se cobija mucho mejor cuando t\u00fa eres sobrio\u00bb, dec\u00eda hace poco m\u00e1s de 10 a\u00f1os en una entrevista con RT, en un video compartido por la Presidencia de Uruguay. Al youtuber Joaco Santos le confes\u00f3 que la \u00faltima vez que se hab\u00eda tomado sus \u00faltimas vacaciones hab\u00eda sido para comprarse la chacra, a donde lleg\u00f3 pedaleando en su bicicleta. Fuente: Primicias<\/p>\n","protected":false},"author":1,"featured_media":23458,"comment_status":"open","ping_status":"open","sticky":false,"template":"","format":"standard","meta":{"footnotes":""},"categories":[5],"tags":[],"class_list":["post-23457","post","type-post","status-publish","format-standard","has-post-thumbnail","hentry","category-internacionales"],"_links":{"self":[{"href":"https:\/\/www.elamazonico.com\/portal\/wp-json\/wp\/v2\/posts\/23457","targetHints":{"allow":["GET"]}}],"collection":[{"href":"https:\/\/www.elamazonico.com\/portal\/wp-json\/wp\/v2\/posts"}],"about":[{"href":"https:\/\/www.elamazonico.com\/portal\/wp-json\/wp\/v2\/types\/post"}],"author":[{"embeddable":true,"href":"https:\/\/www.elamazonico.com\/portal\/wp-json\/wp\/v2\/users\/1"}],"replies":[{"embeddable":true,"href":"https:\/\/www.elamazonico.com\/portal\/wp-json\/wp\/v2\/comments?post=23457"}],"version-history":[{"count":1,"href":"https:\/\/www.elamazonico.com\/portal\/wp-json\/wp\/v2\/posts\/23457\/revisions"}],"predecessor-version":[{"id":23459,"href":"https:\/\/www.elamazonico.com\/portal\/wp-json\/wp\/v2\/posts\/23457\/revisions\/23459"}],"wp:featuredmedia":[{"embeddable":true,"href":"https:\/\/www.elamazonico.com\/portal\/wp-json\/wp\/v2\/media\/23458"}],"wp:attachment":[{"href":"https:\/\/www.elamazonico.com\/portal\/wp-json\/wp\/v2\/media?parent=23457"}],"wp:term":[{"taxonomy":"category","embeddable":true,"href":"https:\/\/www.elamazonico.com\/portal\/wp-json\/wp\/v2\/categories?post=23457"},{"taxonomy":"post_tag","embeddable":true,"href":"https:\/\/www.elamazonico.com\/portal\/wp-json\/wp\/v2\/tags?post=23457"}],"curies":[{"name":"wp","href":"https:\/\/api.w.org\/{rel}","templated":true}]}}