{"id":23365,"date":"2025-05-10T18:33:58","date_gmt":"2025-05-10T23:33:58","guid":{"rendered":"https:\/\/www.elamazonico.com\/portal\/?p=23365"},"modified":"2025-05-10T18:33:58","modified_gmt":"2025-05-10T23:33:58","slug":"leon-xiv-visita-la-tumba-de-francisco-y-promete-seguir-su-legado-espiritual","status":"publish","type":"post","link":"https:\/\/www.elamazonico.com\/portal\/leon-xiv-visita-la-tumba-de-francisco-y-promete-seguir-su-legado-espiritual\/","title":{"rendered":"Le\u00f3n XIV visita la tumba de Francisco y promete seguir su legado espiritual"},"content":{"rendered":"<div class=\"paragraph texto\">\n<p class=\"p_0\">A solo dos d\u00edas de su elecci\u00f3n como el<b><a href=\"https:\/\/www.vistazo.com\/cronologia\/-\/meta\/habemus-papam\" target=\"_blank\" rel=\"noopener noreferrer\">\u00a0267\u00ba l\u00edder de la Iglesia cat\u00f3lica<\/a><\/b>, el\u00a0<b><a href=\"https:\/\/www.vistazo.com\/cronologia\/-\/meta\/papa-leon-xiv\" target=\"_blank\" rel=\"noopener noreferrer\">Papa Le\u00f3n XIV<\/a><\/b>\u00a0realiz\u00f3 una emotiva visita a la tumba de<b><a href=\"https:\/\/www.vistazo.com\/cronologia\/-\/meta\/papa-francisco\" target=\"_blank\" rel=\"noopener noreferrer\">\u00a0Francisco<\/a><\/b>, su antecesor, quien falleci\u00f3 el pasado\u00a0<b>21 de abril<\/b>\u00a0y afirm\u00f3 querer seguir el camino trazado por el jesuita argentino.<\/p>\n<p class=\"p_1\">El homenaje tuvo lugar en la\u00a0<b>Bas\u00edlica de Santa Mar\u00eda la Mayor<\/b>, en Roma, seg\u00fan confirm\u00f3 una fuente del Vaticano a la agencia AFP.<\/p>\n<div id=\"teads0\" class=\"teads-player native\"><iframe id=\"teads-native-iframe\" title=\"native\" scrolling=\"no\" data-mce-fragment=\"1\"><\/iframe><\/div>\n<\/div>\n<div class=\"html_text\">\n<div class=\"twitter-tweet twitter-tweet-rendered\"><iframe id=\"twitter-widget-0\" class=\"\" title=\"X Post\" src=\"https:\/\/platform.twitter.com\/embed\/Tweet.html?dnt=false&amp;embedId=twitter-widget-0&amp;features=eyJ0ZndfdGltZWxpbmVfbGlzdCI6eyJidWNrZXQiOltdLCJ2ZXJzaW9uIjpudWxsfSwidGZ3X2ZvbGxvd2VyX2NvdW50X3N1bnNldCI6eyJidWNrZXQiOnRydWUsInZlcnNpb24iOm51bGx9LCJ0ZndfdHdlZXRfZWRpdF9iYWNrZW5kIjp7ImJ1Y2tldCI6Im9uIiwidmVyc2lvbiI6bnVsbH0sInRmd19yZWZzcmNfc2Vzc2lvbiI6eyJidWNrZXQiOiJvbiIsInZlcnNpb24iOm51bGx9LCJ0ZndfZm9zbnJfc29mdF9pbnRlcnZlbnRpb25zX2VuYWJsZWQiOnsiYnVja2V0Ijoib24iLCJ2ZXJzaW9uIjpudWxsfSwidGZ3X21peGVkX21lZGlhXzE1ODk3Ijp7ImJ1Y2tldCI6InRyZWF0bWVudCIsInZlcnNpb24iOm51bGx9LCJ0ZndfZXhwZXJpbWVudHNfY29va2llX2V4cGlyYXRpb24iOnsiYnVja2V0IjoxMjA5NjAwLCJ2ZXJzaW9uIjpudWxsfSwidGZ3X3Nob3dfYmlyZHdhdGNoX3Bpdm90c19lbmFibGVkIjp7ImJ1Y2tldCI6Im9uIiwidmVyc2lvbiI6bnVsbH0sInRmd19kdXBsaWNhdGVfc2NyaWJlc190b19zZXR0aW5ncyI6eyJidWNrZXQiOiJvbiIsInZlcnNpb24iOm51bGx9LCJ0ZndfdXNlX3Byb2ZpbGVfaW1hZ2Vfc2hhcGVfZW5hYmxlZCI6eyJidWNrZXQiOiJvbiIsInZlcnNpb24iOm51bGx9LCJ0ZndfdmlkZW9faGxzX2R5bmFtaWNfbWFuaWZlc3RzXzE1MDgyIjp7ImJ1Y2tldCI6InRydWVfYml0cmF0ZSIsInZlcnNpb24iOm51bGx9LCJ0ZndfbGVnYWN5X3RpbWVsaW5lX3N1bnNldCI6eyJidWNrZXQiOnRydWUsInZlcnNpb24iOm51bGx9LCJ0ZndfdHdlZXRfZWRpdF9mcm9udGVuZCI6eyJidWNrZXQiOiJvbiIsInZlcnNpb24iOm51bGx9fQ%3D%3D&amp;frame=false&amp;hideCard=false&amp;hideThread=false&amp;id=1921259721987674243&amp;lang=es&amp;origin=https%3A%2F%2Fwww.vistazo.com%2Factualidad%2Finternacional%2F2025-05-10-leon-xiv-visita-tumba-francisco-promete-seguir-legado-espiritual-XI9318437&amp;sessionId=694333cddabecd58e8016d255346f10f2194e31e&amp;theme=light&amp;widgetsVersion=2615f7e52b7e0%3A1702314776716&amp;width=550px\" frameborder=\"0\" scrolling=\"no\" allowfullscreen=\"allowfullscreen\" data-tweet-id=\"1921259721987674243\" data-mce-fragment=\"1\"><\/iframe><\/div>\n<\/div>\n<div class=\"paragraph texto\">\n<p class=\"p_2\">Durante la jornada, el pont\u00edfice tambi\u00e9n acudi\u00f3 al santuario de\u00a0<b>Nuestra Se\u00f1ora del Buen Consejo, en Genazzano<\/b>, localidad ubicada a unos 50 kil\u00f3metros al sureste de la capital italiana. El papa, nacido en Estados Unidos y con nacionalidad peruana, pertenece a la<b>\u00a0Orden de San Agust\u00edn.<\/b><\/p>\n<p class=\"p_3\">En una reuni\u00f3n con cardenales en la\u00a0<b>Santa Sede<\/b>,\u00a0<b>Le\u00f3n XIV<\/b>\u00a0fue recibido con una ovaci\u00f3n al ingresar con su sotana blanca. All\u00ed expres\u00f3 que\u00a0<b>su papado se inspira en la figura de Le\u00f3n XIII<\/b>, reconocido por su compromiso con la<b>\u00a0justicia social<\/b>. \u201cEscog\u00ed el nombre de<b>\u00a0Le\u00f3n XIV<\/b>\u00a0como homenaje a quien, a trav\u00e9s de la enc\u00edclica\u00a0<i><b>Rerum Novarum<\/b><\/i>, enfrent\u00f3 los desaf\u00edos de la primera revoluci\u00f3n industrial\u201d, explic\u00f3 el pont\u00edfice de 69 a\u00f1os. Fuente: Vistazo<\/p>\n<\/div>\n","protected":false},"excerpt":{"rendered":"<p>A solo dos d\u00edas de su elecci\u00f3n como el\u00a0267\u00ba l\u00edder de la Iglesia cat\u00f3lica, el\u00a0Papa Le\u00f3n XIV\u00a0realiz\u00f3 una emotiva visita a la tumba de\u00a0Francisco, su antecesor, quien falleci\u00f3 el pasado\u00a021 de abril\u00a0y afirm\u00f3 querer seguir el camino trazado por el jesuita argentino. El homenaje tuvo lugar en la\u00a0Bas\u00edlica de Santa Mar\u00eda la Mayor, en Roma, seg\u00fan confirm\u00f3 una fuente del Vaticano a la agencia AFP. Durante la jornada, el pont\u00edfice tambi\u00e9n acudi\u00f3 al santuario de\u00a0Nuestra Se\u00f1ora del Buen Consejo, en Genazzano, localidad ubicada a unos 50 kil\u00f3metros al sureste de la capital italiana. El papa, nacido en Estados Unidos y con nacionalidad peruana, pertenece a la\u00a0Orden de San Agust\u00edn. En una reuni\u00f3n con cardenales en la\u00a0Santa Sede,\u00a0Le\u00f3n XIV\u00a0fue recibido con una ovaci\u00f3n al ingresar con su sotana blanca. All\u00ed expres\u00f3 que\u00a0su papado se inspira en la figura de Le\u00f3n XIII, reconocido por su compromiso con la\u00a0justicia social. \u201cEscog\u00ed el nombre de\u00a0Le\u00f3n XIV\u00a0como homenaje a quien, a trav\u00e9s de la enc\u00edclica\u00a0Rerum Novarum, enfrent\u00f3 los desaf\u00edos de la primera revoluci\u00f3n industrial\u201d, explic\u00f3 el pont\u00edfice de 69 a\u00f1os. Fuente: Vistazo<\/p>\n","protected":false},"author":1,"featured_media":23366,"comment_status":"open","ping_status":"open","sticky":false,"template":"","format":"standard","meta":{"footnotes":""},"categories":[5],"tags":[],"class_list":["post-23365","post","type-post","status-publish","format-standard","has-post-thumbnail","hentry","category-internacionales"],"_links":{"self":[{"href":"https:\/\/www.elamazonico.com\/portal\/wp-json\/wp\/v2\/posts\/23365","targetHints":{"allow":["GET"]}}],"collection":[{"href":"https:\/\/www.elamazonico.com\/portal\/wp-json\/wp\/v2\/posts"}],"about":[{"href":"https:\/\/www.elamazonico.com\/portal\/wp-json\/wp\/v2\/types\/post"}],"author":[{"embeddable":true,"href":"https:\/\/www.elamazonico.com\/portal\/wp-json\/wp\/v2\/users\/1"}],"replies":[{"embeddable":true,"href":"https:\/\/www.elamazonico.com\/portal\/wp-json\/wp\/v2\/comments?post=23365"}],"version-history":[{"count":1,"href":"https:\/\/www.elamazonico.com\/portal\/wp-json\/wp\/v2\/posts\/23365\/revisions"}],"predecessor-version":[{"id":23367,"href":"https:\/\/www.elamazonico.com\/portal\/wp-json\/wp\/v2\/posts\/23365\/revisions\/23367"}],"wp:featuredmedia":[{"embeddable":true,"href":"https:\/\/www.elamazonico.com\/portal\/wp-json\/wp\/v2\/media\/23366"}],"wp:attachment":[{"href":"https:\/\/www.elamazonico.com\/portal\/wp-json\/wp\/v2\/media?parent=23365"}],"wp:term":[{"taxonomy":"category","embeddable":true,"href":"https:\/\/www.elamazonico.com\/portal\/wp-json\/wp\/v2\/categories?post=23365"},{"taxonomy":"post_tag","embeddable":true,"href":"https:\/\/www.elamazonico.com\/portal\/wp-json\/wp\/v2\/tags?post=23365"}],"curies":[{"name":"wp","href":"https:\/\/api.w.org\/{rel}","templated":true}]}}