{"id":2335,"date":"2022-01-18T07:50:20","date_gmt":"2022-01-18T12:50:20","guid":{"rendered":"https:\/\/www.elamazonico.com\/portal\/?p=2335"},"modified":"2022-01-18T07:50:24","modified_gmt":"2022-01-18T12:50:24","slug":"50-personas-dan-positivo-por-covid-19-cada-hora-en-quito","status":"publish","type":"post","link":"https:\/\/www.elamazonico.com\/portal\/50-personas-dan-positivo-por-covid-19-cada-hora-en-quito\/","title":{"rendered":"50 personas dan positivo por covid-19 cada hora en Quito"},"content":{"rendered":"\n<p>Quito no hab\u00eda registrado tal magnitud de contagios durante toda la pandemia. Los datos indican que al menos 8.500 personas dieron positivo para covid-19 esta semana y se estima que, a cada hora, se confirman 50 casos nuevos en la capital. As\u00ed lo indic\u00f3 el presidente del Colegio de M\u00e9dicos de Pichincha, V\u00edctor \u00c1lvarez.<\/p>\n\n\n\n<p>La Federaci\u00f3n M\u00e9dica espera que el COE Metropolitano adopte medidas m\u00e1s severas para as\u00ed contribuir a la disminuci\u00f3n de contagios, que por el momento es preocupante.&nbsp;Algunas medidas son&nbsp;\u201cque no se permita la movilidad nocturna, especialmente los fines de semana porque vemos que ese es uno de los elementos que aumenta el proceso de relajamiento y las fiestas clandestinas\u201d, dijo \u00c1lvarez en una entrevista con Ecuavisa.<\/p>\n\n\n\n<p>Y es que la velocidad de contagio del virus en la ciudad empieza a afectar al sistema hospitalario. El IESS Quito Sur, por ejemplo, report\u00f3 la ma\u00f1ana de este lunes la saturaci\u00f3n de sus unidades cr\u00edticas, adem\u00e1s de largas filas al exterior de la entidad.<\/p>\n\n\n\n<p>Francisco Mora, coordinador de Vigilancia Epidemiol\u00f3gica del IESS dijo: \u201cPara unidades de cuidados intensivos 100%, para hospitalizaci\u00f3n al momento 100%. Por tanto, la ampliaci\u00f3n es totalmente importante en este punto y seguimos ampli\u00e1ndonos\u201d.<\/p>\n\n\n\n<p>Varios m\u00e9dicos han entrado en estado de alerta y temen que el avance acelerado del virus y la ampliaci\u00f3n de \u00e1reas en los hospitales afecte la atenci\u00f3n a otras enfermedades.<\/p>\n\n\n\n<p>Quito se encuentra en una fase cr\u00edtica y entre las acciones para amenorar la ola de contagios se ha tomado la decisi\u00f3n del retorno a clases virtuales por esta semana de trabajo, sin embargo, las autoridades tendr\u00e1n una reuni\u00f3n el viernes, para determinar la extensi\u00f3n de esta medida.<\/p>\n\n\n\n<p>Se recomienda a los ciudadanos mantener las normas de bioseguridad y evitar la exposici\u00f3n innecesaria por el incremento de casos en la ciudad. (I) Fuente: El Telegrafo<\/p>\n\n\n\n<p><\/p>\n","protected":false},"excerpt":{"rendered":"<p>Quito no hab\u00eda registrado tal magnitud de contagios durante toda la pandemia. Los datos indican que al menos 8.500 personas dieron positivo para covid-19 esta semana y se estima que, a cada hora, se confirman 50 casos nuevos en la capital. As\u00ed lo indic\u00f3 el presidente del Colegio de M\u00e9dicos de Pichincha, V\u00edctor \u00c1lvarez. La Federaci\u00f3n M\u00e9dica espera que el COE Metropolitano adopte medidas m\u00e1s severas para as\u00ed contribuir a la disminuci\u00f3n de contagios, que por el momento es preocupante.&nbsp;Algunas medidas son&nbsp;\u201cque no se permita la movilidad nocturna, especialmente los fines de semana porque vemos que ese es uno de los elementos que aumenta el proceso de relajamiento y las fiestas clandestinas\u201d, dijo \u00c1lvarez en una entrevista con Ecuavisa. Y es que la velocidad de contagio del virus en la ciudad empieza a afectar al sistema hospitalario. El IESS Quito Sur, por ejemplo, report\u00f3 la ma\u00f1ana de este lunes la saturaci\u00f3n de sus unidades cr\u00edticas, adem\u00e1s de largas filas al exterior de la entidad. Francisco Mora, coordinador de Vigilancia Epidemiol\u00f3gica del IESS dijo: \u201cPara unidades de cuidados intensivos 100%, para hospitalizaci\u00f3n al momento 100%. Por tanto, la ampliaci\u00f3n es totalmente importante en este punto y seguimos ampli\u00e1ndonos\u201d. Varios m\u00e9dicos han entrado en estado de alerta y temen que el avance acelerado del virus y la ampliaci\u00f3n de \u00e1reas en los hospitales afecte la atenci\u00f3n a otras enfermedades. Quito se encuentra en una fase cr\u00edtica y entre las acciones para amenorar la ola de contagios se ha tomado la decisi\u00f3n del retorno a clases virtuales por esta semana de trabajo, sin embargo, las autoridades tendr\u00e1n una reuni\u00f3n el viernes, para determinar la extensi\u00f3n de esta medida. Se recomienda a los ciudadanos mantener las normas de bioseguridad y evitar la exposici\u00f3n innecesaria por el incremento de casos en la ciudad. (I) Fuente: El Telegrafo<\/p>\n","protected":false},"author":1,"featured_media":2336,"comment_status":"open","ping_status":"open","sticky":false,"template":"","format":"standard","meta":{"footnotes":""},"categories":[268],"tags":[],"class_list":["post-2335","post","type-post","status-publish","format-standard","has-post-thumbnail","hentry","category-nacionales"],"_links":{"self":[{"href":"https:\/\/www.elamazonico.com\/portal\/wp-json\/wp\/v2\/posts\/2335","targetHints":{"allow":["GET"]}}],"collection":[{"href":"https:\/\/www.elamazonico.com\/portal\/wp-json\/wp\/v2\/posts"}],"about":[{"href":"https:\/\/www.elamazonico.com\/portal\/wp-json\/wp\/v2\/types\/post"}],"author":[{"embeddable":true,"href":"https:\/\/www.elamazonico.com\/portal\/wp-json\/wp\/v2\/users\/1"}],"replies":[{"embeddable":true,"href":"https:\/\/www.elamazonico.com\/portal\/wp-json\/wp\/v2\/comments?post=2335"}],"version-history":[{"count":1,"href":"https:\/\/www.elamazonico.com\/portal\/wp-json\/wp\/v2\/posts\/2335\/revisions"}],"predecessor-version":[{"id":2337,"href":"https:\/\/www.elamazonico.com\/portal\/wp-json\/wp\/v2\/posts\/2335\/revisions\/2337"}],"wp:featuredmedia":[{"embeddable":true,"href":"https:\/\/www.elamazonico.com\/portal\/wp-json\/wp\/v2\/media\/2336"}],"wp:attachment":[{"href":"https:\/\/www.elamazonico.com\/portal\/wp-json\/wp\/v2\/media?parent=2335"}],"wp:term":[{"taxonomy":"category","embeddable":true,"href":"https:\/\/www.elamazonico.com\/portal\/wp-json\/wp\/v2\/categories?post=2335"},{"taxonomy":"post_tag","embeddable":true,"href":"https:\/\/www.elamazonico.com\/portal\/wp-json\/wp\/v2\/tags?post=2335"}],"curies":[{"name":"wp","href":"https:\/\/api.w.org\/{rel}","templated":true}]}}