{"id":23325,"date":"2025-05-08T10:54:22","date_gmt":"2025-05-08T15:54:22","guid":{"rendered":"https:\/\/www.elamazonico.com\/portal\/?p=23325"},"modified":"2025-05-08T10:54:22","modified_gmt":"2025-05-08T15:54:22","slug":"familias-del-barrio-el-castillo-recibe-apoyo-ante-emergencia-geologica","status":"publish","type":"post","link":"https:\/\/www.elamazonico.com\/portal\/familias-del-barrio-el-castillo-recibe-apoyo-ante-emergencia-geologica\/","title":{"rendered":"Familias del barrio El Castillo recibe apoyo ante emergencia geol\u00f3gica"},"content":{"rendered":"<p>Ante la grave afectaci\u00f3n geol\u00f3gica que enfrenta el barrio El Castillo, perteneciente a la parroquia Cumbaratza del cant\u00f3n Zamora, la Prefectura de Zamora Chinchipe y el Gobierno Aut\u00f3nomo Descentralizado Parroquial de Cumbaratza han desplegado una acci\u00f3n conjunta para brindar atenci\u00f3n urgente a las familias damnificadas por este fen\u00f3meno natural.<\/p>\n<p>Durante dos jornadas consecutivas, las instituciones antes mencionadas hicieron presencia activa en el sector, aportando con maquinaria, personal t\u00e9cnico y recursos log\u00edsticos para colaborar en el desmontaje y traslado de viviendas comprometidas por la inestabilidad del terreno.<\/p>\n<p>La Prefectura Provincial, liderada por la prefecta Karla Re\u00e1tegui, facilit\u00f3 un volquete, mientras que la Junta Parroquial, bajo la direcci\u00f3n de su presidente Toni Morocho, dispuso de otro volquete, una pala mec\u00e1nica y trabajadores comunitarios para atender esta emergencia.<\/p>\n<p>Esta intervenci\u00f3n se desarroll\u00f3 con el objetivo de apoyar a las familias que, ante la cr\u00edtica situaci\u00f3n estructural de sus hogares, se han visto obligadas a iniciar un proceso de reubicaci\u00f3n. Las acciones ejecutadas han permitido no solo el desmontaje parcial de las viviendas afectadas, sino tambi\u00e9n el traslado seguro de los enseres personales a lugares m\u00e1s seguros.<\/p>\n<p>Los moradores del barrio El Castillo expresaron su profundo agradecimiento a las autoridades provinciales y parroquiales por su respaldo oportuno en estos momentos de angustia e incertidumbre. \u201cPara nosotros es de mucha ayuda lo que ellos est\u00e1n haciendo. Gracias a la prefecta Karla Re\u00e1tegui y al presidente del GAD Parroquial por escuchar nuestros pedidos ante esta situaci\u00f3n\u201d, manifestaron los vecinos afectados.<\/p>\n<p>El trabajo articulado entre los distintos niveles de gobierno evidencia el compromiso institucional con el bienestar de las comunidades rurales y la capacidad de respuesta ante emergencias territoriales.<\/p>\n","protected":false},"excerpt":{"rendered":"<p>Ante la grave afectaci\u00f3n geol\u00f3gica que enfrenta el barrio El Castillo, perteneciente a la parroquia Cumbaratza del cant\u00f3n Zamora, la Prefectura de Zamora Chinchipe y el Gobierno Aut\u00f3nomo Descentralizado Parroquial de Cumbaratza han desplegado una acci\u00f3n conjunta para brindar atenci\u00f3n urgente a las familias damnificadas por este fen\u00f3meno natural. Durante dos jornadas consecutivas, las instituciones antes mencionadas hicieron presencia activa en el sector, aportando con maquinaria, personal t\u00e9cnico y recursos log\u00edsticos para colaborar en el desmontaje y traslado de viviendas comprometidas por la inestabilidad del terreno. La Prefectura Provincial, liderada por la prefecta Karla Re\u00e1tegui, facilit\u00f3 un volquete, mientras que la Junta Parroquial, bajo la direcci\u00f3n de su presidente Toni Morocho, dispuso de otro volquete, una pala mec\u00e1nica y trabajadores comunitarios para atender esta emergencia. Esta intervenci\u00f3n se desarroll\u00f3 con el objetivo de apoyar a las familias que, ante la cr\u00edtica situaci\u00f3n estructural de sus hogares, se han visto obligadas a iniciar un proceso de reubicaci\u00f3n. Las acciones ejecutadas han permitido no solo el desmontaje parcial de las viviendas afectadas, sino tambi\u00e9n el traslado seguro de los enseres personales a lugares m\u00e1s seguros. Los moradores del barrio El Castillo expresaron su profundo agradecimiento a las autoridades provinciales y parroquiales por su respaldo oportuno en estos momentos de angustia e incertidumbre. \u201cPara nosotros es de mucha ayuda lo que ellos est\u00e1n haciendo. Gracias a la prefecta Karla Re\u00e1tegui y al presidente del GAD Parroquial por escuchar nuestros pedidos ante esta situaci\u00f3n\u201d, manifestaron los vecinos afectados. El trabajo articulado entre los distintos niveles de gobierno evidencia el compromiso institucional con el bienestar de las comunidades rurales y la capacidad de respuesta ante emergencias territoriales.<\/p>\n","protected":false},"author":1,"featured_media":23326,"comment_status":"open","ping_status":"open","sticky":false,"template":"","format":"standard","meta":{"footnotes":""},"categories":[243],"tags":[],"class_list":["post-23325","post","type-post","status-publish","format-standard","has-post-thumbnail","hentry","category-noticias-zamora"],"_links":{"self":[{"href":"https:\/\/www.elamazonico.com\/portal\/wp-json\/wp\/v2\/posts\/23325","targetHints":{"allow":["GET"]}}],"collection":[{"href":"https:\/\/www.elamazonico.com\/portal\/wp-json\/wp\/v2\/posts"}],"about":[{"href":"https:\/\/www.elamazonico.com\/portal\/wp-json\/wp\/v2\/types\/post"}],"author":[{"embeddable":true,"href":"https:\/\/www.elamazonico.com\/portal\/wp-json\/wp\/v2\/users\/1"}],"replies":[{"embeddable":true,"href":"https:\/\/www.elamazonico.com\/portal\/wp-json\/wp\/v2\/comments?post=23325"}],"version-history":[{"count":1,"href":"https:\/\/www.elamazonico.com\/portal\/wp-json\/wp\/v2\/posts\/23325\/revisions"}],"predecessor-version":[{"id":23327,"href":"https:\/\/www.elamazonico.com\/portal\/wp-json\/wp\/v2\/posts\/23325\/revisions\/23327"}],"wp:featuredmedia":[{"embeddable":true,"href":"https:\/\/www.elamazonico.com\/portal\/wp-json\/wp\/v2\/media\/23326"}],"wp:attachment":[{"href":"https:\/\/www.elamazonico.com\/portal\/wp-json\/wp\/v2\/media?parent=23325"}],"wp:term":[{"taxonomy":"category","embeddable":true,"href":"https:\/\/www.elamazonico.com\/portal\/wp-json\/wp\/v2\/categories?post=23325"},{"taxonomy":"post_tag","embeddable":true,"href":"https:\/\/www.elamazonico.com\/portal\/wp-json\/wp\/v2\/tags?post=23325"}],"curies":[{"name":"wp","href":"https:\/\/api.w.org\/{rel}","templated":true}]}}