{"id":23297,"date":"2025-05-08T04:03:20","date_gmt":"2025-05-08T09:03:20","guid":{"rendered":"https:\/\/www.elamazonico.com\/portal\/?p=23297"},"modified":"2025-05-07T10:29:28","modified_gmt":"2025-05-07T15:29:28","slug":"msp-intensifica-medidas-preventivas-ante-casos-confirmados-de-fiebre-amarilla-y-tosferina-en-zamora-ch","status":"publish","type":"post","link":"https:\/\/www.elamazonico.com\/portal\/msp-intensifica-medidas-preventivas-ante-casos-confirmados-de-fiebre-amarilla-y-tosferina-en-zamora-ch\/","title":{"rendered":"MSP intensifica medidas preventivas ante casos confirmados de fiebre amarilla y tosferina en Zamora Ch."},"content":{"rendered":"<p>La Directora Distrital 19D01 Zamora-Yacuambi, Salud. Karla Jim\u00e9nez, abord\u00f3 con profundidad el trabajo t\u00e9cnico y preventivo que se ha desplegado en el territorio frente a la presencia confirmada de enfermedades como la fiebre amarilla y la tosferina en la provincia.<\/p>\n<p>Durante la entrevista, la autoridad explic\u00f3 que desde el pasado 24 de abril se notific\u00f3 oficialmente el primer caso de fiebre amarilla, lo que activ\u00f3 de manera inmediata los protocolos de respuesta institucional del Ministerio de Salud P\u00fablica (MSP), contando con el apoyo de epidemi\u00f3logos de la planta central, la Coordinaci\u00f3n Zonal, el Instituto Nacional de Investigaci\u00f3n en Salud P\u00fablica (INSPI), y la Organizaci\u00f3n Panamericana de la Salud (OPS).<\/p>\n<p>A la fecha, el Distrito de Salud 19D01 ha confirmado cuatro casos de fiebre amarilla en la provincia de Zamora Chinchipe, de los cuales uno corresponde espec\u00edficamente a esta jurisdicci\u00f3n. Asimismo, se ha confirmado un caso de tosferina en el distrito Zamora-Yacuambi y otro m\u00e1s en el distrito 19D04 Yanzatza-El Pangui.<\/p>\n<p><strong>Fiebre amarilla: caracter\u00edsticas, s\u00edntomas y prevenci\u00f3n<\/strong><br \/>\nLa fiebre amarilla es una enfermedad viral aguda, transmitida por mosquitos infectados, perteneciente a la familia Flaviviridae, la misma que incluye al dengue y zika. La Dra. Jim\u00e9nez explic\u00f3 que existen tres ciclos epidemiol\u00f3gicos de transmisi\u00f3n: el selv\u00e1tico (o silvestre), el intermedio (sabana) y el urbano. Este \u00faltimo involucra al mosquito Aedes aegypti, lo que refuerza la necesidad de mantener medidas preventivas similares a las que se aplican contra el dengue.<\/p>\n<p>Los s\u00edntomas iniciales son inespec\u00edficos y similares a los de otras enfermedades virales: fiebre alta, dolor muscular (especialmente en espalda y piernas), cefalea intensa, n\u00e1useas, v\u00f3mitos, fotofobia y p\u00e9rdida de apetito. En el 15 al 25 % de los casos, el paciente puede evolucionar a una fase t\u00f3xica con ictericia (color amarillento en piel y ojos), hemorragias, insuficiencia renal y un cuadro de shock que puede derivar en la muerte si no se recibe atenci\u00f3n m\u00e9dica inmediata.<\/p>\n<p>El tratamiento es \u00fanicamente sintom\u00e1tico y de soporte; por ello, la prevenci\u00f3n es la principal herramienta de control. En este contexto, la vacunaci\u00f3n contra la fiebre amarilla es esencial: es segura, gratuita, proporciona inmunidad de por vida y est\u00e1 disponible tanto en puntos fijos como mediante brigadas casa a casa.<\/p>\n<p><strong>Tosferina: vigilancia intensiva y vacunaci\u00f3n infantil<\/strong><br \/>\nRespecto a la tosferina, enfermedad respiratoria causada por la Bordetella pertussis, la Directora Distrital inform\u00f3 que se mantiene una vigilancia activa en los establecimientos de salud, especialmente en poblaci\u00f3n infantil, la m\u00e1s vulnerable frente a esta afecci\u00f3n. La tosferina se caracteriza por fiebre, congesti\u00f3n nasal, tos seca y prolongada que puede desencadenar episodios de apnea o dificultad respiratoria, particularmente en ni\u00f1os peque\u00f1os.<\/p>\n<p>Frente a estos casos, el MSP ha dispuesto el uso obligatorio de mascarillas en centros de salud y espacios cerrados, adem\u00e1s de promover activamente la vacunaci\u00f3n infantil. Aunque la cobertura actual de inmunizaci\u00f3n contra esta enfermedad supera el 85 % en la provincia, se identific\u00f3 como problem\u00e1tica la ausencia del carn\u00e9 de vacunaci\u00f3n en algunos hogares, lo que dificulta la trazabilidad del esquema completo de inmunizaci\u00f3n.<\/p>\n<p><strong>Medidas institucionales y comunitarias implementadas<\/strong><br \/>\nEn respuesta a los casos confirmados y sospechosos, el Ministerio de Salud ha ejecutado una serie de acciones integrales:<br \/>\n\u2022 Vacunaci\u00f3n masiva en barrios priorizados de la parroquia San Carlos de las Minas, donde se registraron los primeros casos.<br \/>\n\u2022 Fumigaci\u00f3n intradomiciliaria, peridomiciliaria y espacial en zonas con presencia del vector.<br \/>\n\u2022 Cercos epidemiol\u00f3gicos para el seguimiento de contactos estrechos y detecci\u00f3n temprana de posibles contagios.<br \/>\n\u2022 Educaci\u00f3n comunitaria para la eliminaci\u00f3n de criaderos de mosquitos: recipientes como botellas, tapas, c\u00e1scaras o envases son potenciales criaderos.<br \/>\n\u2022 Promoci\u00f3n de medidas de bioseguridad, como el uso de repelentes, mosquiteros, indumentaria protectora y lavado frecuente de manos.<\/p>\n<p>Asimismo, se han identificado viviendas cerradas o no efectivas durante las jornadas de control, lo cual representa un riesgo sanitario. Por ello, se realizar\u00e1n nuevas visitas para garantizar la cobertura total, evitando as\u00ed la expansi\u00f3n del virus.<\/p>\n<p>Karla Jim\u00e9nez enfatiz\u00f3 que tanto la fiebre amarilla como la tosferina son prevenibles si se act\u00faa con responsabilidad individual y colectiva.<\/p>\n<p>Inst\u00f3 a las familias a participar en las mingas comunitarias de limpieza, a no automedicarse y a acudir de inmediato a los establecimientos de salud ante la aparici\u00f3n de s\u00edntomas.<\/p>\n<p>\u201cLa salud p\u00fablica se construye desde cada hogar. Eliminemos criaderos, vacun\u00e9monos y trabajemos juntos para evitar la propagaci\u00f3n de estas enfermedades en nuestra provincia\u201d, puntualiz\u00f3.<\/p>\n","protected":false},"excerpt":{"rendered":"<p>La Directora Distrital 19D01 Zamora-Yacuambi, Salud. Karla Jim\u00e9nez, abord\u00f3 con profundidad el trabajo t\u00e9cnico y preventivo que se ha desplegado en el territorio frente a la presencia confirmada de enfermedades como la fiebre amarilla y la tosferina en la provincia. Durante la entrevista, la autoridad explic\u00f3 que desde el pasado 24 de abril se notific\u00f3 oficialmente el primer caso de fiebre amarilla, lo que activ\u00f3 de manera inmediata los protocolos de respuesta institucional del Ministerio de Salud P\u00fablica (MSP), contando con el apoyo de epidemi\u00f3logos de la planta central, la Coordinaci\u00f3n Zonal, el Instituto Nacional de Investigaci\u00f3n en Salud P\u00fablica (INSPI), y la Organizaci\u00f3n Panamericana de la Salud (OPS). A la fecha, el Distrito de Salud 19D01 ha confirmado cuatro casos de fiebre amarilla en la provincia de Zamora Chinchipe, de los cuales uno corresponde espec\u00edficamente a esta jurisdicci\u00f3n. Asimismo, se ha confirmado un caso de tosferina en el distrito Zamora-Yacuambi y otro m\u00e1s en el distrito 19D04 Yanzatza-El Pangui. Fiebre amarilla: caracter\u00edsticas, s\u00edntomas y prevenci\u00f3n La fiebre amarilla es una enfermedad viral aguda, transmitida por mosquitos infectados, perteneciente a la familia Flaviviridae, la misma que incluye al dengue y zika. La Dra. Jim\u00e9nez explic\u00f3 que existen tres ciclos epidemiol\u00f3gicos de transmisi\u00f3n: el selv\u00e1tico (o silvestre), el intermedio (sabana) y el urbano. Este \u00faltimo involucra al mosquito Aedes aegypti, lo que refuerza la necesidad de mantener medidas preventivas similares a las que se aplican contra el dengue. Los s\u00edntomas iniciales son inespec\u00edficos y similares a los de otras enfermedades virales: fiebre alta, dolor muscular (especialmente en espalda y piernas), cefalea intensa, n\u00e1useas, v\u00f3mitos, fotofobia y p\u00e9rdida de apetito. En el 15 al 25 % de los casos, el paciente puede evolucionar a una fase t\u00f3xica con ictericia (color amarillento en piel y ojos), hemorragias, insuficiencia renal y un cuadro de shock que puede derivar en la muerte si no se recibe atenci\u00f3n m\u00e9dica inmediata. El tratamiento es \u00fanicamente sintom\u00e1tico y de soporte; por ello, la prevenci\u00f3n es la principal herramienta de control. En este contexto, la vacunaci\u00f3n contra la fiebre amarilla es esencial: es segura, gratuita, proporciona inmunidad de por vida y est\u00e1 disponible tanto en puntos fijos como mediante brigadas casa a casa. Tosferina: vigilancia intensiva y vacunaci\u00f3n infantil Respecto a la tosferina, enfermedad respiratoria causada por la Bordetella pertussis, la Directora Distrital inform\u00f3 que se mantiene una vigilancia activa en los establecimientos de salud, especialmente en poblaci\u00f3n infantil, la m\u00e1s vulnerable frente a esta afecci\u00f3n. La tosferina se caracteriza por fiebre, congesti\u00f3n nasal, tos seca y prolongada que puede desencadenar episodios de apnea o dificultad respiratoria, particularmente en ni\u00f1os peque\u00f1os. Frente a estos casos, el MSP ha dispuesto el uso obligatorio de mascarillas en centros de salud y espacios cerrados, adem\u00e1s de promover activamente la vacunaci\u00f3n infantil. Aunque la cobertura actual de inmunizaci\u00f3n contra esta enfermedad supera el 85 % en la provincia, se identific\u00f3 como problem\u00e1tica la ausencia del carn\u00e9 de vacunaci\u00f3n en algunos hogares, lo que dificulta la trazabilidad del esquema completo de inmunizaci\u00f3n. Medidas institucionales y comunitarias implementadas En respuesta a los casos confirmados y sospechosos, el Ministerio de Salud ha ejecutado una serie de acciones integrales: \u2022 Vacunaci\u00f3n masiva en barrios priorizados de la parroquia San Carlos de las Minas, donde se registraron los primeros casos. \u2022 Fumigaci\u00f3n intradomiciliaria, peridomiciliaria y espacial en zonas con presencia del vector. \u2022 Cercos epidemiol\u00f3gicos para el seguimiento de contactos estrechos y detecci\u00f3n temprana de posibles contagios. \u2022 Educaci\u00f3n comunitaria para la eliminaci\u00f3n de criaderos de mosquitos: recipientes como botellas, tapas, c\u00e1scaras o envases son potenciales criaderos. \u2022 Promoci\u00f3n de medidas de bioseguridad, como el uso de repelentes, mosquiteros, indumentaria protectora y lavado frecuente de manos. Asimismo, se han identificado viviendas cerradas o no efectivas durante las jornadas de control, lo cual representa un riesgo sanitario. Por ello, se realizar\u00e1n nuevas visitas para garantizar la cobertura total, evitando as\u00ed la expansi\u00f3n del virus. Karla Jim\u00e9nez enfatiz\u00f3 que tanto la fiebre amarilla como la tosferina son prevenibles si se act\u00faa con responsabilidad individual y colectiva. Inst\u00f3 a las familias a participar en las mingas comunitarias de limpieza, a no automedicarse y a acudir de inmediato a los establecimientos de salud ante la aparici\u00f3n de s\u00edntomas. \u201cLa salud p\u00fablica se construye desde cada hogar. Eliminemos criaderos, vacun\u00e9monos y trabajemos juntos para evitar la propagaci\u00f3n de estas enfermedades en nuestra provincia\u201d, puntualiz\u00f3.<\/p>\n","protected":false},"author":1,"featured_media":23298,"comment_status":"open","ping_status":"open","sticky":false,"template":"","format":"standard","meta":{"footnotes":""},"categories":[243],"tags":[],"class_list":["post-23297","post","type-post","status-publish","format-standard","has-post-thumbnail","hentry","category-noticias-zamora"],"_links":{"self":[{"href":"https:\/\/www.elamazonico.com\/portal\/wp-json\/wp\/v2\/posts\/23297","targetHints":{"allow":["GET"]}}],"collection":[{"href":"https:\/\/www.elamazonico.com\/portal\/wp-json\/wp\/v2\/posts"}],"about":[{"href":"https:\/\/www.elamazonico.com\/portal\/wp-json\/wp\/v2\/types\/post"}],"author":[{"embeddable":true,"href":"https:\/\/www.elamazonico.com\/portal\/wp-json\/wp\/v2\/users\/1"}],"replies":[{"embeddable":true,"href":"https:\/\/www.elamazonico.com\/portal\/wp-json\/wp\/v2\/comments?post=23297"}],"version-history":[{"count":1,"href":"https:\/\/www.elamazonico.com\/portal\/wp-json\/wp\/v2\/posts\/23297\/revisions"}],"predecessor-version":[{"id":23299,"href":"https:\/\/www.elamazonico.com\/portal\/wp-json\/wp\/v2\/posts\/23297\/revisions\/23299"}],"wp:featuredmedia":[{"embeddable":true,"href":"https:\/\/www.elamazonico.com\/portal\/wp-json\/wp\/v2\/media\/23298"}],"wp:attachment":[{"href":"https:\/\/www.elamazonico.com\/portal\/wp-json\/wp\/v2\/media?parent=23297"}],"wp:term":[{"taxonomy":"category","embeddable":true,"href":"https:\/\/www.elamazonico.com\/portal\/wp-json\/wp\/v2\/categories?post=23297"},{"taxonomy":"post_tag","embeddable":true,"href":"https:\/\/www.elamazonico.com\/portal\/wp-json\/wp\/v2\/tags?post=23297"}],"curies":[{"name":"wp","href":"https:\/\/api.w.org\/{rel}","templated":true}]}}