{"id":2329,"date":"2022-01-13T16:43:14","date_gmt":"2022-01-13T21:43:14","guid":{"rendered":"https:\/\/www.elamazonico.comportal\/?p=2329"},"modified":"2022-01-13T16:43:17","modified_gmt":"2022-01-13T21:43:17","slug":"ocupacion-en-uci-son-casos-de-la-variante-delta","status":"publish","type":"post","link":"https:\/\/www.elamazonico.com\/portal\/ocupacion-en-uci-son-casos-de-la-variante-delta\/","title":{"rendered":"Ocupaci\u00f3n en UCI son casos de la variante Delta"},"content":{"rendered":"\n<p>La ministra de Salud, Ximena Garz\u00f3n, se refiri\u00f3 este jueves 13 de enero de 2022 al estado epidemiol\u00f3gico del Ecuador por la presencia del covid-19. La funcionaria de Estado recalc\u00f3 que la vacunaci\u00f3n es necesaria para combatir al virus.<\/p>\n\n\n\n<p>\u201cEsta semana ya no veremos caso complicados por covid-19 porque \u00d3micron desplazar\u00e1 a Delta\u201d, manifest\u00f3 la ministra, respecto a las dos variantes m\u00e1s predominantes en el pa\u00eds. Seg\u00fan investigaciones de la cartera de Estado, \u00d3micron solo ha provocado un caso de hospitalizaci\u00f3n.<\/p>\n\n\n\n<p>Seg\u00fan Garz\u00f3n, los pacientes que se encuentran en las Unidades de Cuidados Intensivos (UCI) corresponden a la variante Delta. \u201cSon personas de 50 a\u00f1os en adelante y estos casos se producen por la Delta, porque lastimosante tambi\u00e9n hay contagios de esa variante\u201d, agreg\u00f3.<\/p>\n\n\n\n<p>Esa cepa es la m\u00e1s fuerte del covid-19, pues seg\u00fan los expertos su \u00edndice de afectaciones y letalidad es mayor que \u00d3micron, la m\u00e1s transmisible. En las pr\u00f3ximas semanas esperan que disminuya la ocupaci\u00f3n de UCIs por el descenso de los casos de Delta, acot\u00f3 la Ministra.<\/p>\n\n\n\n<p>Adem\u00e1s, las cifras oficiales que comparti\u00f3 en la rueda de prensa se\u00f1alan que por cada mil casos se reporta 1.2 fallecidos. \u201cEso es gracias a las vacunas\u201d, sentenci\u00f3. Respecto a los decesos en Guayaquil, Garz\u00f3n explic\u00f3 que el n\u00famero de muertes no corresponden a las cifras con las que trabaja el Ministerio de Salud, en el que est\u00e1 confirmado que el fallecimiento se debi\u00f3 al virus.<\/p>\n","protected":false},"excerpt":{"rendered":"<p>La ministra de Salud, Ximena Garz\u00f3n, se refiri\u00f3 este jueves 13 de enero de 2022 al estado epidemiol\u00f3gico del Ecuador por la presencia del covid-19. La funcionaria de Estado recalc\u00f3 que la vacunaci\u00f3n es necesaria para combatir al virus. \u201cEsta semana ya no veremos caso complicados por covid-19 porque \u00d3micron desplazar\u00e1 a Delta\u201d, manifest\u00f3 la ministra, respecto a las dos variantes m\u00e1s predominantes en el pa\u00eds. Seg\u00fan investigaciones de la cartera de Estado, \u00d3micron solo ha provocado un caso de hospitalizaci\u00f3n. Seg\u00fan Garz\u00f3n, los pacientes que se encuentran en las Unidades de Cuidados Intensivos (UCI) corresponden a la variante Delta. \u201cSon personas de 50 a\u00f1os en adelante y estos casos se producen por la Delta, porque lastimosante tambi\u00e9n hay contagios de esa variante\u201d, agreg\u00f3. Esa cepa es la m\u00e1s fuerte del covid-19, pues seg\u00fan los expertos su \u00edndice de afectaciones y letalidad es mayor que \u00d3micron, la m\u00e1s transmisible. En las pr\u00f3ximas semanas esperan que disminuya la ocupaci\u00f3n de UCIs por el descenso de los casos de Delta, acot\u00f3 la Ministra. Adem\u00e1s, las cifras oficiales que comparti\u00f3 en la rueda de prensa se\u00f1alan que por cada mil casos se reporta 1.2 fallecidos. \u201cEso es gracias a las vacunas\u201d, sentenci\u00f3. Respecto a los decesos en Guayaquil, Garz\u00f3n explic\u00f3 que el n\u00famero de muertes no corresponden a las cifras con las que trabaja el Ministerio de Salud, en el que est\u00e1 confirmado que el fallecimiento se debi\u00f3 al virus.<\/p>\n","protected":false},"author":1,"featured_media":2330,"comment_status":"open","ping_status":"open","sticky":false,"template":"","format":"standard","meta":{"footnotes":""},"categories":[268],"tags":[],"class_list":["post-2329","post","type-post","status-publish","format-standard","has-post-thumbnail","hentry","category-nacionales"],"_links":{"self":[{"href":"https:\/\/www.elamazonico.com\/portal\/wp-json\/wp\/v2\/posts\/2329","targetHints":{"allow":["GET"]}}],"collection":[{"href":"https:\/\/www.elamazonico.com\/portal\/wp-json\/wp\/v2\/posts"}],"about":[{"href":"https:\/\/www.elamazonico.com\/portal\/wp-json\/wp\/v2\/types\/post"}],"author":[{"embeddable":true,"href":"https:\/\/www.elamazonico.com\/portal\/wp-json\/wp\/v2\/users\/1"}],"replies":[{"embeddable":true,"href":"https:\/\/www.elamazonico.com\/portal\/wp-json\/wp\/v2\/comments?post=2329"}],"version-history":[{"count":1,"href":"https:\/\/www.elamazonico.com\/portal\/wp-json\/wp\/v2\/posts\/2329\/revisions"}],"predecessor-version":[{"id":2331,"href":"https:\/\/www.elamazonico.com\/portal\/wp-json\/wp\/v2\/posts\/2329\/revisions\/2331"}],"wp:featuredmedia":[{"embeddable":true,"href":"https:\/\/www.elamazonico.com\/portal\/wp-json\/wp\/v2\/media\/2330"}],"wp:attachment":[{"href":"https:\/\/www.elamazonico.com\/portal\/wp-json\/wp\/v2\/media?parent=2329"}],"wp:term":[{"taxonomy":"category","embeddable":true,"href":"https:\/\/www.elamazonico.com\/portal\/wp-json\/wp\/v2\/categories?post=2329"},{"taxonomy":"post_tag","embeddable":true,"href":"https:\/\/www.elamazonico.com\/portal\/wp-json\/wp\/v2\/tags?post=2329"}],"curies":[{"name":"wp","href":"https:\/\/api.w.org\/{rel}","templated":true}]}}