{"id":23284,"date":"2025-05-07T06:12:20","date_gmt":"2025-05-07T11:12:20","guid":{"rendered":"https:\/\/www.elamazonico.com\/portal\/?p=23284"},"modified":"2025-05-07T06:12:20","modified_gmt":"2025-05-07T11:12:20","slug":"de-la-gasca-pachakutik-se-suma-al-respaldo-del-gobierno-nacional","status":"publish","type":"post","link":"https:\/\/www.elamazonico.com\/portal\/de-la-gasca-pachakutik-se-suma-al-respaldo-del-gobierno-nacional\/","title":{"rendered":"De la Gasca: Pachakutik se suma al respaldo del Gobierno Nacional"},"content":{"rendered":"<p>El\u00a0<strong>Gobierno Nacional<\/strong>\u00a0ya tiene mayor\u00eda absoluta en la\u00a0<strong>Asamblea Nacional<\/strong>\u00a0que empezar\u00e1 sus funciones el 14 de mayo de 2025.\u00a0El ministro de Gobierno,\u00a0<strong>Jos\u00e9 de la Gasca,<\/strong>\u00a0inform\u00f3, este martes 6 de mayo de 2025, que los nueve asamble\u00edstas electos por\u00a0<strong>Pachakutik<\/strong>\u00a0se sumaron al proyecto.<\/p>\n<p>\u00abEl camino hacia el\u00a0<strong>Nuevo Ecuador<\/strong>\u00a0se fortalece con la unidad de voluntades y el compromiso por el bien com\u00fan. Hoy los\u00a0<strong>9 asamble\u00edstas<\/strong>\u00a0electos de Pachakutik se suman a este gran acuerdo, reafirmando con el Gobierno Nacional, que cuando se antepone el amor por el pa\u00eds, es posible sumar esfuerzos y trabajar juntos por el progreso de todos los ecuatorianos\u00bb, public\u00f3 De la Gasca en su cuenta de Instragram.<\/p>\n<p>En la publicaci\u00f3n aparece en una fotograf\u00eda con siete de los nueve asamble\u00edstas de\u00a0<strong>Pachakutik<\/strong>.<\/p>\n<p><strong>\u00bfQu\u00e9 significa este acuerdo?<\/strong><\/p>\n<p>El movimiento oficialista,\u00a0<strong>Acci\u00f3n Democr\u00e1tica Nacional<\/strong>\u00a0(ADN), trata de llegar a la primera sesi\u00f3n, del 14 de mayo, con una mayor\u00eda absoluta para contar con el presidente y vicepresidente legislativo.<\/p>\n<p>Para ello necesita\u00a0<strong>77 votos<\/strong>. Con la suma de Pachakutik ya superar\u00eda los 80, por lo que tendr\u00eda asegurado ese objetivo. <strong>Fuente: El Tel\u00e9grafo<\/strong><\/p>\n<p>&nbsp;<\/p>\n","protected":false},"excerpt":{"rendered":"<p>El\u00a0Gobierno Nacional\u00a0ya tiene mayor\u00eda absoluta en la\u00a0Asamblea Nacional\u00a0que empezar\u00e1 sus funciones el 14 de mayo de 2025.\u00a0El ministro de Gobierno,\u00a0Jos\u00e9 de la Gasca,\u00a0inform\u00f3, este martes 6 de mayo de 2025, que los nueve asamble\u00edstas electos por\u00a0Pachakutik\u00a0se sumaron al proyecto. \u00abEl camino hacia el\u00a0Nuevo Ecuador\u00a0se fortalece con la unidad de voluntades y el compromiso por el bien com\u00fan. Hoy los\u00a09 asamble\u00edstas\u00a0electos de Pachakutik se suman a este gran acuerdo, reafirmando con el Gobierno Nacional, que cuando se antepone el amor por el pa\u00eds, es posible sumar esfuerzos y trabajar juntos por el progreso de todos los ecuatorianos\u00bb, public\u00f3 De la Gasca en su cuenta de Instragram. En la publicaci\u00f3n aparece en una fotograf\u00eda con siete de los nueve asamble\u00edstas de\u00a0Pachakutik. \u00bfQu\u00e9 significa este acuerdo? El movimiento oficialista,\u00a0Acci\u00f3n Democr\u00e1tica Nacional\u00a0(ADN), trata de llegar a la primera sesi\u00f3n, del 14 de mayo, con una mayor\u00eda absoluta para contar con el presidente y vicepresidente legislativo. Para ello necesita\u00a077 votos. Con la suma de Pachakutik ya superar\u00eda los 80, por lo que tendr\u00eda asegurado ese objetivo. Fuente: El Tel\u00e9grafo &nbsp;<\/p>\n","protected":false},"author":1,"featured_media":23285,"comment_status":"open","ping_status":"open","sticky":false,"template":"","format":"standard","meta":{"footnotes":""},"categories":[268],"tags":[],"class_list":["post-23284","post","type-post","status-publish","format-standard","has-post-thumbnail","hentry","category-nacionales"],"_links":{"self":[{"href":"https:\/\/www.elamazonico.com\/portal\/wp-json\/wp\/v2\/posts\/23284","targetHints":{"allow":["GET"]}}],"collection":[{"href":"https:\/\/www.elamazonico.com\/portal\/wp-json\/wp\/v2\/posts"}],"about":[{"href":"https:\/\/www.elamazonico.com\/portal\/wp-json\/wp\/v2\/types\/post"}],"author":[{"embeddable":true,"href":"https:\/\/www.elamazonico.com\/portal\/wp-json\/wp\/v2\/users\/1"}],"replies":[{"embeddable":true,"href":"https:\/\/www.elamazonico.com\/portal\/wp-json\/wp\/v2\/comments?post=23284"}],"version-history":[{"count":1,"href":"https:\/\/www.elamazonico.com\/portal\/wp-json\/wp\/v2\/posts\/23284\/revisions"}],"predecessor-version":[{"id":23286,"href":"https:\/\/www.elamazonico.com\/portal\/wp-json\/wp\/v2\/posts\/23284\/revisions\/23286"}],"wp:featuredmedia":[{"embeddable":true,"href":"https:\/\/www.elamazonico.com\/portal\/wp-json\/wp\/v2\/media\/23285"}],"wp:attachment":[{"href":"https:\/\/www.elamazonico.com\/portal\/wp-json\/wp\/v2\/media?parent=23284"}],"wp:term":[{"taxonomy":"category","embeddable":true,"href":"https:\/\/www.elamazonico.com\/portal\/wp-json\/wp\/v2\/categories?post=23284"},{"taxonomy":"post_tag","embeddable":true,"href":"https:\/\/www.elamazonico.com\/portal\/wp-json\/wp\/v2\/tags?post=23284"}],"curies":[{"name":"wp","href":"https:\/\/api.w.org\/{rel}","templated":true}]}}