{"id":23278,"date":"2025-05-06T21:08:09","date_gmt":"2025-05-07T02:08:09","guid":{"rendered":"https:\/\/www.elamazonico.com\/portal\/?p=23278"},"modified":"2025-05-06T21:08:09","modified_gmt":"2025-05-07T02:08:09","slug":"jueza-ordena-prision-preventiva-para-augusto-verduga-y-solicita-notificacion-roja-de-la-interpol","status":"publish","type":"post","link":"https:\/\/www.elamazonico.com\/portal\/jueza-ordena-prision-preventiva-para-augusto-verduga-y-solicita-notificacion-roja-de-la-interpol\/","title":{"rendered":"Jueza ordena prisi\u00f3n preventiva para Augusto Verduga y solicita notificaci\u00f3n roja de la Interpol"},"content":{"rendered":"<div class=\"paragraph texto\">\n<p class=\"p_0\"><b>Un dictamen de prisi\u00f3n preventiva recay\u00f3 este martes sobre el exmiembro del Consejo de Participaci\u00f3n Ciudadana y Control Social (CPCCS),\u00a0<a href=\"https:\/\/www.vistazo.com\/cronologia\/-\/meta\/augusto-verduga\" rel=\"nofollow\">Augusto Verduga<\/a>, quien se encuentra procesado por el Caso \u2018Ligados\u2019.<\/b><\/p>\n<p class=\"p_2\">La Fiscal\u00eda General del Estado anunci\u00f3 a trav\u00e9s de redes sociales que la jueza de la causa, Daniella Camacho, acogi\u00f3 su pedido y orden\u00f3 el\u00a0<b>encarcelamiento provisional del exvocal.\u00a0<\/b>La magistrada tambi\u00e9n ofici\u00f3 a la Organizaci\u00f3n Internacional de Polic\u00eda Criminal (INTERPOL) que emita la<b>\u00a0notificaci\u00f3n roja de localizaci\u00f3n y captura.<\/b><\/p>\n<p class=\"p_3\">Horas antes de la\u00a0<b>audiencia de revisi\u00f3n de medidas cautelares\u00a0<\/b>en la que se alcanz\u00f3 la resoluci\u00f3n, el exconsejero, sobre quien pesan cargos como\u00a0<b>autor directo del delito de asociaci\u00f3n il\u00edcita<\/b>, revel\u00f3 a trav\u00e9s de redes sociales que se encuentra en\u00a0<b>M\u00e9xico.<\/b><\/p>\n<div>\n<div class=\"trv-player-container\">\n<div class=\"trv-wrapper\">\n<div id=\"br_video_player_3e1597a5ff369c4088ffaa3973603c5a7a4d6079\" class=\"trvd_video_player trvdfloater trv-right\">\n<div class=\"media-player\">\n<div class=\"trv-video\">\n<div id=\"truvid_ima_container55056\" class=\"truvid_ima_container\">\n<div><\/div>\n<\/div>\n<\/div>\n<\/div>\n<div class=\"trv-autoskip-container\">\n<div class=\"trv-autoskip-background\">\n<div class=\"trv-autoskip-line-left\">\n<div>Verduga viaj\u00f3 hacia ese pa\u00eds luego de haber permanecido aproximadamente tres meses en <b>Colombia<\/b>, pese a que eso lo llev\u00f3 a\u00a0<b>desacatar una medida cautelar de presentaciones peri\u00f3dicas<\/b>\u00a0<b>ante un juez<\/b>, dictada por su vinculaci\u00f3n al Caso \u2018Ligados\u2019.<\/div>\n<\/div>\n<\/div>\n<\/div>\n<\/div>\n<\/div>\n<\/div>\n<\/div>\n<p class=\"p_5\">La diligencia se instal\u00f3 por v\u00eda telem\u00e1tica y\u00a0<b>cont\u00f3 con la participaci\u00f3n de la Fiscal General del Estado, Diana Salazar<\/b>. La revisi\u00f3n de cumplimiento de las disposiciones preventivas tambi\u00e9n se extendi\u00f3 al exconsejero Eduardo Franco Loor, quien tambi\u00e9n est\u00e1 procesado en el caso por presunta asociaci\u00f3n il\u00edcita.<\/p>\n<p class=\"p_6\">\u201cPara el procesado Eduardo F.\u00a0<b>modifica la medida de presentaci\u00f3n peri\u00f3dica<\/b>\u00a0y acepta que esta se cumpla en la Corte Provincial de Guayas<b>, cada 15 d\u00edas.<\/b>\u00a0Adem\u00e1s, solicita que justifique documentadamente la existencia de la cirug\u00eda a la que se someter\u00e1 en los pr\u00f3ximos d\u00edas\u201d, inform\u00f3 el Ministerio P\u00fablico en la red social X.<\/p>\n<\/div>\n<h2 class=\"h2vistazo\">\u00bfSobre qu\u00e9 trata el caso \u2018Ligados\u2019?<\/h2>\n<div class=\"paragraph texto\">\n<p class=\"p_7\">El\u00a0<b>caso \u2018Ligados\u2019<\/b><i>\u00a0<\/i>es una investigaci\u00f3n en curso de la Fiscal\u00eda contra<b>\u00a0Augusto Verduga, Yadira Saltos y Eduardo Franco Loor<\/b>, exvocales del Consejo de Participaci\u00f3n Ciudadana y Control Social. Tambi\u00e9n es parte del proceso\u00a0<b>Nicole Bonifaz<\/b>, quien a\u00fan sigue en esa instituci\u00f3n.<\/p>\n<p class=\"p_8\">Ellos habr\u00edan incurrido en el delito de asociaci\u00f3n il\u00edcita en el marco de varios hechos. Por ejemplo,<b>\u00a0la designaci\u00f3n irregular de Ra\u00fal Gonz\u00e1lez como Superintendente de Bancos para el per\u00edodo 2022-2027<\/b>, incumpliendo un dictamen de la Corte Constitucional de diciembre de 2024.<\/p>\n<p class=\"p_10\">En el marco de la investigaci\u00f3n,<b>\u00a0el Ministerio P\u00fablico efectu\u00f3 un allanamiento a finales de enero del 2025 e incaut\u00f3 los celulares de Augusto Verduga<\/b>, de los cuales se han extra\u00eddo m\u00faltiples conversaciones que dejar\u00edan en evidencia una serie de estrategias de la denominada Liga Azul, af\u00edn al corre\u00edsmo, de la que Saltos y Loor tambi\u00e9n eran parte, para cooptar organismos de control.<\/p>\n<\/div>\n","protected":false},"excerpt":{"rendered":"<p>Un dictamen de prisi\u00f3n preventiva recay\u00f3 este martes sobre el exmiembro del Consejo de Participaci\u00f3n Ciudadana y Control Social (CPCCS),\u00a0Augusto Verduga, quien se encuentra procesado por el Caso \u2018Ligados\u2019. La Fiscal\u00eda General del Estado anunci\u00f3 a trav\u00e9s de redes sociales que la jueza de la causa, Daniella Camacho, acogi\u00f3 su pedido y orden\u00f3 el\u00a0encarcelamiento provisional del exvocal.\u00a0La magistrada tambi\u00e9n ofici\u00f3 a la Organizaci\u00f3n Internacional de Polic\u00eda Criminal (INTERPOL) que emita la\u00a0notificaci\u00f3n roja de localizaci\u00f3n y captura. Horas antes de la\u00a0audiencia de revisi\u00f3n de medidas cautelares\u00a0en la que se alcanz\u00f3 la resoluci\u00f3n, el exconsejero, sobre quien pesan cargos como\u00a0autor directo del delito de asociaci\u00f3n il\u00edcita, revel\u00f3 a trav\u00e9s de redes sociales que se encuentra en\u00a0M\u00e9xico. Verduga viaj\u00f3 hacia ese pa\u00eds luego de haber permanecido aproximadamente tres meses en Colombia, pese a que eso lo llev\u00f3 a\u00a0desacatar una medida cautelar de presentaciones peri\u00f3dicas\u00a0ante un juez, dictada por su vinculaci\u00f3n al Caso \u2018Ligados\u2019. La diligencia se instal\u00f3 por v\u00eda telem\u00e1tica y\u00a0cont\u00f3 con la participaci\u00f3n de la Fiscal General del Estado, Diana Salazar. La revisi\u00f3n de cumplimiento de las disposiciones preventivas tambi\u00e9n se extendi\u00f3 al exconsejero Eduardo Franco Loor, quien tambi\u00e9n est\u00e1 procesado en el caso por presunta asociaci\u00f3n il\u00edcita. \u201cPara el procesado Eduardo F.\u00a0modifica la medida de presentaci\u00f3n peri\u00f3dica\u00a0y acepta que esta se cumpla en la Corte Provincial de Guayas, cada 15 d\u00edas.\u00a0Adem\u00e1s, solicita que justifique documentadamente la existencia de la cirug\u00eda a la que se someter\u00e1 en los pr\u00f3ximos d\u00edas\u201d, inform\u00f3 el Ministerio P\u00fablico en la red social X. \u00bfSobre qu\u00e9 trata el caso \u2018Ligados\u2019? El\u00a0caso \u2018Ligados\u2019\u00a0es una investigaci\u00f3n en curso de la Fiscal\u00eda contra\u00a0Augusto Verduga, Yadira Saltos y Eduardo Franco Loor, exvocales del Consejo de Participaci\u00f3n Ciudadana y Control Social. Tambi\u00e9n es parte del proceso\u00a0Nicole Bonifaz, quien a\u00fan sigue en esa instituci\u00f3n. Ellos habr\u00edan incurrido en el delito de asociaci\u00f3n il\u00edcita en el marco de varios hechos. Por ejemplo,\u00a0la designaci\u00f3n irregular de Ra\u00fal Gonz\u00e1lez como Superintendente de Bancos para el per\u00edodo 2022-2027, incumpliendo un dictamen de la Corte Constitucional de diciembre de 2024. En el marco de la investigaci\u00f3n,\u00a0el Ministerio P\u00fablico efectu\u00f3 un allanamiento a finales de enero del 2025 e incaut\u00f3 los celulares de Augusto Verduga, de los cuales se han extra\u00eddo m\u00faltiples conversaciones que dejar\u00edan en evidencia una serie de estrategias de la denominada Liga Azul, af\u00edn al corre\u00edsmo, de la que Saltos y Loor tambi\u00e9n eran parte, para cooptar organismos de control.<\/p>\n","protected":false},"author":1,"featured_media":23279,"comment_status":"open","ping_status":"open","sticky":false,"template":"","format":"standard","meta":{"footnotes":""},"categories":[268],"tags":[],"class_list":["post-23278","post","type-post","status-publish","format-standard","has-post-thumbnail","hentry","category-nacionales"],"_links":{"self":[{"href":"https:\/\/www.elamazonico.com\/portal\/wp-json\/wp\/v2\/posts\/23278","targetHints":{"allow":["GET"]}}],"collection":[{"href":"https:\/\/www.elamazonico.com\/portal\/wp-json\/wp\/v2\/posts"}],"about":[{"href":"https:\/\/www.elamazonico.com\/portal\/wp-json\/wp\/v2\/types\/post"}],"author":[{"embeddable":true,"href":"https:\/\/www.elamazonico.com\/portal\/wp-json\/wp\/v2\/users\/1"}],"replies":[{"embeddable":true,"href":"https:\/\/www.elamazonico.com\/portal\/wp-json\/wp\/v2\/comments?post=23278"}],"version-history":[{"count":1,"href":"https:\/\/www.elamazonico.com\/portal\/wp-json\/wp\/v2\/posts\/23278\/revisions"}],"predecessor-version":[{"id":23280,"href":"https:\/\/www.elamazonico.com\/portal\/wp-json\/wp\/v2\/posts\/23278\/revisions\/23280"}],"wp:featuredmedia":[{"embeddable":true,"href":"https:\/\/www.elamazonico.com\/portal\/wp-json\/wp\/v2\/media\/23279"}],"wp:attachment":[{"href":"https:\/\/www.elamazonico.com\/portal\/wp-json\/wp\/v2\/media?parent=23278"}],"wp:term":[{"taxonomy":"category","embeddable":true,"href":"https:\/\/www.elamazonico.com\/portal\/wp-json\/wp\/v2\/categories?post=23278"},{"taxonomy":"post_tag","embeddable":true,"href":"https:\/\/www.elamazonico.com\/portal\/wp-json\/wp\/v2\/tags?post=23278"}],"curies":[{"name":"wp","href":"https:\/\/api.w.org\/{rel}","templated":true}]}}