{"id":23185,"date":"2025-05-01T12:59:16","date_gmt":"2025-05-01T17:59:16","guid":{"rendered":"https:\/\/www.elamazonico.com\/portal\/?p=23185"},"modified":"2025-05-01T12:59:16","modified_gmt":"2025-05-01T17:59:16","slug":"la-policia-nacional-del-ecuador-garantiza-seguridad-total-durante-el-feriado-del-1-de-mayo-en-zamora-chinchipe","status":"publish","type":"post","link":"https:\/\/www.elamazonico.com\/portal\/la-policia-nacional-del-ecuador-garantiza-seguridad-total-durante-el-feriado-del-1-de-mayo-en-zamora-chinchipe\/","title":{"rendered":"La Polic\u00eda Nacional del Ecuador garantiza seguridad total durante el feriado del 1 de mayo en Zamora Chinchipe"},"content":{"rendered":"<p>Con motivo del feriado por el D\u00eda Internacional del Trabajo, la Polic\u00eda Nacional del Ecuador, a trav\u00e9s de la Subzona de Polic\u00eda Zamora Chinchipe N.\u00b0 19, implementa un amplio dispositivo de seguridad denominado \u201cCon acci\u00f3n y compromiso por el 1 de mayo\u201d, con el objetivo de proteger a la ciudadan\u00eda durante este periodo de movilizaci\u00f3n y actividades p\u00fablicas en la provincia.<\/p>\n<p>En rueda de prensa, el Teniente Coronel de Polic\u00eda de Estado Mayor, Jaime Alberto Herrera Abad, comandante de la Subzona N.\u00b0 19, inform\u00f3 sobre la ejecuci\u00f3n de este operativo, que contar\u00e1 con el 100 % del contingente operativo disponible, es decir, 585 servidores policiales desplegados estrat\u00e9gicamente en todo el territorio provincial.<\/p>\n<p>El dispositivo incluye una amplia log\u00edstica de apoyo compuesta por:<br \/>\n\u2022 1 bus institucional<br \/>\n\u2022 38 patrulleros<br \/>\n\u2022 40 motocicletas<br \/>\n\u2022 80 radios port\u00e1tiles de comunicaci\u00f3n<\/p>\n<p>Estas herramientas ser\u00e1n utilizadas para fortalecer las acciones de patrullaje, control y respuesta ante cualquier incidente que se presente durante el feriado, as\u00ed como para la cobertura de actividades p\u00fablicas, marchas, operativos de tr\u00e1nsito, y presencia en puntos tur\u00edsticos y comerciales.<\/p>\n<p><strong>Cobertura de marchas y control ciudadano<\/strong><br \/>\nEn la ciudad de Zamora, cabecera provincial, se realiz\u00f3 una marcha pac\u00edfica convocada por trabajadores y sindicatos, la cual inici\u00f3 a las 10h00 desde el Parque Lineal y culmino en el Parque Central, frente a la Gobernaci\u00f3n. Para garantizar el orden p\u00fablico, se ha dispuso la presencia de 60 efectivos policiales, pertenecientes a los ejes preventivo, investigativo y de inteligencia.<\/p>\n<p>Asimismo, el Comandante Herrera indic\u00f3 que la marcha en Yantzaza realizada el 30 de abril, convocada por las autoridades locales y ciudadanos en rechazo a la miner\u00eda ilegal, present\u00f3 momentos de alteraci\u00f3n del orden, especialmente en el sector de Piedra Liza, donde se bloque\u00f3 temporalmente la Troncal Amaz\u00f3nica. Sin embargo, gracias a la intervenci\u00f3n de la Polic\u00eda Nacional y el di\u00e1logo con las autoridades provinciales, la situaci\u00f3n fue controlada sin novedades mayores en cuanto a personal, log\u00edstica o da\u00f1os a terceros.<\/p>\n<p><strong>Seguridad vial, tur\u00edstica y comunitaria<\/strong><br \/>\nDurante este feriado, la Polic\u00eda Nacional ha activado operativos en los ejes viales y en sitios de alta afluencia tur\u00edstica, como balnearios, terminales terrestres, centros comerciales y otros espacios p\u00fablicos. El personal de tr\u00e1nsito realiza controles preventivos en buses interprovinciales e intercantonales, verificando el estado de neum\u00e1ticos, condiciones de conducci\u00f3n y cumplimiento de normas t\u00e9cnicas.<\/p>\n<p>La instituci\u00f3n tambi\u00e9n recomienda a la ciudadan\u00eda el uso del servicio de \u201cEncargo Domiciliario\u201d mediante la Polic\u00eda Comunitaria, que permite a los ciudadanos dejar encargadas sus viviendas en caso de viajar. Adem\u00e1s, se insta a solicitar acompa\u00f1amiento para el traslado de valores a trav\u00e9s del ECU 911.<\/p>\n<p>Se reitera el llamado a padres de familia para mantener constante supervisi\u00f3n de sus hijos en r\u00edos, piscinas y dem\u00e1s centros recreativos, previniendo cualquier tipo de accidente.<\/p>\n<p><strong>Llamado a la responsabilidad ciudadana<\/strong><br \/>\nEl comandante Herrera destac\u00f3 la cultura de respeto y colaboraci\u00f3n que caracteriza a la ciudadan\u00eda zamorana, exhortando a mantener un comportamiento c\u00edvico durante los d\u00edas de descanso. \u201cRecomendamos designar a una persona sobria para conducir en caso de compartir en familia. Nuestra meta es que todos disfruten del feriado sin que se registren novedades\u201d, afirm\u00f3.<\/p>\n<p>Finalmente, reiter\u00f3 que la Polic\u00eda Nacional del Ecuador trabaja 24\/7 por la seguridad de todos los ciudadanos y que continuar\u00e1 ejecutando operativos de forma permanente, en cumplimiento de las disposiciones del mando institucional y el Gobierno Nacional.<\/p>\n","protected":false},"excerpt":{"rendered":"<p>Con motivo del feriado por el D\u00eda Internacional del Trabajo, la Polic\u00eda Nacional del Ecuador, a trav\u00e9s de la Subzona de Polic\u00eda Zamora Chinchipe N.\u00b0 19, implementa un amplio dispositivo de seguridad denominado \u201cCon acci\u00f3n y compromiso por el 1 de mayo\u201d, con el objetivo de proteger a la ciudadan\u00eda durante este periodo de movilizaci\u00f3n y actividades p\u00fablicas en la provincia. En rueda de prensa, el Teniente Coronel de Polic\u00eda de Estado Mayor, Jaime Alberto Herrera Abad, comandante de la Subzona N.\u00b0 19, inform\u00f3 sobre la ejecuci\u00f3n de este operativo, que contar\u00e1 con el 100 % del contingente operativo disponible, es decir, 585 servidores policiales desplegados estrat\u00e9gicamente en todo el territorio provincial. El dispositivo incluye una amplia log\u00edstica de apoyo compuesta por: \u2022 1 bus institucional \u2022 38 patrulleros \u2022 40 motocicletas \u2022 80 radios port\u00e1tiles de comunicaci\u00f3n Estas herramientas ser\u00e1n utilizadas para fortalecer las acciones de patrullaje, control y respuesta ante cualquier incidente que se presente durante el feriado, as\u00ed como para la cobertura de actividades p\u00fablicas, marchas, operativos de tr\u00e1nsito, y presencia en puntos tur\u00edsticos y comerciales. Cobertura de marchas y control ciudadano En la ciudad de Zamora, cabecera provincial, se realiz\u00f3 una marcha pac\u00edfica convocada por trabajadores y sindicatos, la cual inici\u00f3 a las 10h00 desde el Parque Lineal y culmino en el Parque Central, frente a la Gobernaci\u00f3n. Para garantizar el orden p\u00fablico, se ha dispuso la presencia de 60 efectivos policiales, pertenecientes a los ejes preventivo, investigativo y de inteligencia. Asimismo, el Comandante Herrera indic\u00f3 que la marcha en Yantzaza realizada el 30 de abril, convocada por las autoridades locales y ciudadanos en rechazo a la miner\u00eda ilegal, present\u00f3 momentos de alteraci\u00f3n del orden, especialmente en el sector de Piedra Liza, donde se bloque\u00f3 temporalmente la Troncal Amaz\u00f3nica. Sin embargo, gracias a la intervenci\u00f3n de la Polic\u00eda Nacional y el di\u00e1logo con las autoridades provinciales, la situaci\u00f3n fue controlada sin novedades mayores en cuanto a personal, log\u00edstica o da\u00f1os a terceros. Seguridad vial, tur\u00edstica y comunitaria Durante este feriado, la Polic\u00eda Nacional ha activado operativos en los ejes viales y en sitios de alta afluencia tur\u00edstica, como balnearios, terminales terrestres, centros comerciales y otros espacios p\u00fablicos. El personal de tr\u00e1nsito realiza controles preventivos en buses interprovinciales e intercantonales, verificando el estado de neum\u00e1ticos, condiciones de conducci\u00f3n y cumplimiento de normas t\u00e9cnicas. La instituci\u00f3n tambi\u00e9n recomienda a la ciudadan\u00eda el uso del servicio de \u201cEncargo Domiciliario\u201d mediante la Polic\u00eda Comunitaria, que permite a los ciudadanos dejar encargadas sus viviendas en caso de viajar. Adem\u00e1s, se insta a solicitar acompa\u00f1amiento para el traslado de valores a trav\u00e9s del ECU 911. Se reitera el llamado a padres de familia para mantener constante supervisi\u00f3n de sus hijos en r\u00edos, piscinas y dem\u00e1s centros recreativos, previniendo cualquier tipo de accidente. Llamado a la responsabilidad ciudadana El comandante Herrera destac\u00f3 la cultura de respeto y colaboraci\u00f3n que caracteriza a la ciudadan\u00eda zamorana, exhortando a mantener un comportamiento c\u00edvico durante los d\u00edas de descanso. \u201cRecomendamos designar a una persona sobria para conducir en caso de compartir en familia. Nuestra meta es que todos disfruten del feriado sin que se registren novedades\u201d, afirm\u00f3. Finalmente, reiter\u00f3 que la Polic\u00eda Nacional del Ecuador trabaja 24\/7 por la seguridad de todos los ciudadanos y que continuar\u00e1 ejecutando operativos de forma permanente, en cumplimiento de las disposiciones del mando institucional y el Gobierno Nacional.<\/p>\n","protected":false},"author":1,"featured_media":23186,"comment_status":"open","ping_status":"open","sticky":false,"template":"","format":"standard","meta":{"footnotes":""},"categories":[243],"tags":[],"class_list":["post-23185","post","type-post","status-publish","format-standard","has-post-thumbnail","hentry","category-noticias-zamora"],"_links":{"self":[{"href":"https:\/\/www.elamazonico.com\/portal\/wp-json\/wp\/v2\/posts\/23185","targetHints":{"allow":["GET"]}}],"collection":[{"href":"https:\/\/www.elamazonico.com\/portal\/wp-json\/wp\/v2\/posts"}],"about":[{"href":"https:\/\/www.elamazonico.com\/portal\/wp-json\/wp\/v2\/types\/post"}],"author":[{"embeddable":true,"href":"https:\/\/www.elamazonico.com\/portal\/wp-json\/wp\/v2\/users\/1"}],"replies":[{"embeddable":true,"href":"https:\/\/www.elamazonico.com\/portal\/wp-json\/wp\/v2\/comments?post=23185"}],"version-history":[{"count":1,"href":"https:\/\/www.elamazonico.com\/portal\/wp-json\/wp\/v2\/posts\/23185\/revisions"}],"predecessor-version":[{"id":23187,"href":"https:\/\/www.elamazonico.com\/portal\/wp-json\/wp\/v2\/posts\/23185\/revisions\/23187"}],"wp:featuredmedia":[{"embeddable":true,"href":"https:\/\/www.elamazonico.com\/portal\/wp-json\/wp\/v2\/media\/23186"}],"wp:attachment":[{"href":"https:\/\/www.elamazonico.com\/portal\/wp-json\/wp\/v2\/media?parent=23185"}],"wp:term":[{"taxonomy":"category","embeddable":true,"href":"https:\/\/www.elamazonico.com\/portal\/wp-json\/wp\/v2\/categories?post=23185"},{"taxonomy":"post_tag","embeddable":true,"href":"https:\/\/www.elamazonico.com\/portal\/wp-json\/wp\/v2\/tags?post=23185"}],"curies":[{"name":"wp","href":"https:\/\/api.w.org\/{rel}","templated":true}]}}