{"id":23183,"date":"2025-05-01T12:03:50","date_gmt":"2025-05-01T17:03:50","guid":{"rendered":"https:\/\/www.elamazonico.com\/portal\/?p=23183"},"modified":"2025-05-01T12:03:50","modified_gmt":"2025-05-01T17:03:50","slug":"el-rol-del-trabajo-es-construir-el-desarrollo-del-pais-y-la-familia","status":"publish","type":"post","link":"https:\/\/www.elamazonico.com\/portal\/el-rol-del-trabajo-es-construir-el-desarrollo-del-pais-y-la-familia\/","title":{"rendered":"El rol del trabajo es construir el desarrollo del pa\u00eds y la familia"},"content":{"rendered":"<p><strong>Introducci\u00f3n:<\/strong><\/p>\n<p>El trabajo es como el latido constante de un coraz\u00f3n que mantiene viva a la sociedad. En cada jornada, millones de personas aportan su energ\u00eda, talento y esfuerzo para construir, cuidar, ense\u00f1ar, sanar, alimentar y transformar el mundo que habitamos. El D\u00eda Internacional del Trabajo, no es solo una fecha en el calendario ni un feriado m\u00e1s: es un reconocimiento al valor del esfuerzo humano, a la dignidad de quienes se levantan cada d\u00eda para dar lo mejor de s\u00ed, y a la historia de luchas que hicieron posible derechos que mejoraron la calidad de vida de la clase trabajadora. As\u00ed como el coraz\u00f3n nunca descansa, el trabajo mueve la vida, y por eso merece ser celebrado, honrado y, sobre todo, protegido. El primero de mayo es una invitaci\u00f3n a reflexionar sobre el valor profundo del trabajo en nuestras vidas, nuestras familias y el futuro de nuestro pa\u00eds.<\/p>\n<p><strong>El trabajo como base del desarrollo nacional y local<\/strong><\/p>\n<p>Cuando un pa\u00eds trabaja, avanza. La econom\u00eda se activa, las oportunidades crecen y la justicia social se vuelve posible. El trabajo impulsa la innovaci\u00f3n, fortalece la productividad y sostiene los pilares de cualquier naci\u00f3n: la educaci\u00f3n, la salud, la infraestructura, la seguridad.<\/p>\n<p>Pero no cualquier tipo de trabajo. Lo que verdaderamente transforma una sociedad es el trabajo digno y productivo, aquel que se realiza en condiciones justas, con derecho a la seguridad social, con un salario adecuado, con respeto por los derechos y con oportunidades reales de crecimiento.<\/p>\n<p>En un pa\u00eds donde el empleo digno se vuelve norma y no excepci\u00f3n, la pobreza retrocede, la esperanza crece y el futuro se construye con las manos de todos.<\/p>\n<p><strong>Luchas y conquistas laborales en Ecuador: un camino hacia la dignidad del trabajo: <\/strong><\/p>\n<p>En Ecuador, como en muchos pa\u00edses de Am\u00e9rica Latina, los derechos laborales no fueron una concesi\u00f3n, sino el resultado de d\u00e9cadas de lucha y organizaci\u00f3n obrera. Desde los albores del siglo XX, los trabajadores ecuatorianos han alzado su voz para exigir condiciones dignas, respeto y justicia social. A continuaci\u00f3n, se destacan algunas de las principales conquistas laborales que han marcado la historia del pa\u00eds:<\/p>\n<p><u>La jornada laboral de ocho horas<\/u><strong>: <\/strong>Uno de los hitos m\u00e1s significativos en la historia laboral ecuatoriana fue la huelga general del 15 de noviembre de 1922 en Guayaquil. Esta protesta masiva, encabezada por trabajadores del sector ferroviario, portuario y otros gremios, exig\u00eda, entre otras cosas, la jornada de ocho horas, mejores salarios y condiciones de trabajo humanas. La represi\u00f3n fue brutal, dejando cientos de muertos, pero su legado impuls\u00f3 cambios profundos que, con el tiempo, dieron lugar al reconocimiento de la jornada laboral de 8 horas.<\/p>\n<p><u>El derecho a sindicalizarse y a la huelga:<\/u> Con el avance del movimiento obrero, especialmente en la segunda mitad del siglo XX, se consolidaron los derechos de asociaci\u00f3n sindical y negociaci\u00f3n colectiva. Aunque hist\u00f3ricamente el sindicalismo ha enfrentado obst\u00e1culos pol\u00edticos y econ\u00f3micos, sigue siendo una herramienta clave para la defensa de los trabajadores. El C\u00f3digo del Trabajo ecuatoriano garantiza estos derechos, y permite a los trabajadores organizarse y declarar huelga bajo ciertas condiciones legales.<\/p>\n<p><u>Salario b\u00e1sico unificado y estabilidad laboral:<\/u> El salario b\u00e1sico unificado (SBU), que se actualiza cada a\u00f1o (en este 2025 es de 470 d\u00f3lares), busca asegurar un ingreso m\u00ednimo para todos los trabajadores formales. Este es el resultado de una pol\u00edtica p\u00fablica que, aunque a\u00fan enfrenta cr\u00edticas respecto a su suficiencia, representa un piso de protecci\u00f3n frente a la precarizaci\u00f3n. Adem\u00e1s, existen leyes que regulan la contrataci\u00f3n y despido, promoviendo mayor estabilidad laboral y evitando abusos.<\/p>\n<p><u>Seguridad social y prestaciones:<\/u> La afiliaci\u00f3n al Instituto Ecuatoriano de Seguridad Social (IESS) es un derecho fundamental para los trabajadores formales, garantiz\u00e1ndoles acceso a salud, pensiones, licencias por maternidad\/paternidad, seguros de riesgo laboral, entre otros beneficios. Estas protecciones han sido fruto de una evoluci\u00f3n legal que busca brindar seguridad y bienestar durante toda la vida laboral y posterior a ella.<\/p>\n<p><u>Lucha contra el trabajo infantil y el trabajo informal: <\/u>Ecuador ha firmado convenios internacionales para erradicar el trabajo infantil, y ha implementado pol\u00edticas p\u00fablicas y campa\u00f1as para combatir esta pr\u00e1ctica. Sin embargo, el trabajo informal sigue siendo un gran desaf\u00edo: una parte significativa de la poblaci\u00f3n econ\u00f3micamente activa (PEA) a\u00fan trabaja sin contrato, sin afiliaci\u00f3n al IESS ni derechos garantizados. La lucha contin\u00faa, especialmente en el sector rural y en econom\u00edas populares.<\/p>\n<p><u>Igualdad y derechos emergentes: <\/u>En los \u00faltimos a\u00f1os, se ha intensificado la lucha por la igualdad de g\u00e9nero en el trabajo, la inclusi\u00f3n de personas con discapacidad, y la protecci\u00f3n contra la discriminaci\u00f3n laboral. Tambi\u00e9n se discute con mayor fuerza el derecho al trabajo digno para personas LGBTIQ+ y la necesidad de pol\u00edticas que cierren la brecha salarial y garanticen ambientes laborales libres de violencia y acoso. Estas conquistas han sido posibles gracias al empuje de generaciones de trabajadores y trabajadoras ecuatorianos que han hecho de la lucha su herramienta de cambio. Recordarlas no solo es un acto de memoria hist\u00f3rica, sino un llamado a seguir defendiendo los derechos laborales frente a los nuevos retos del siglo XXI.<\/p>\n<p><strong>El trabajo, dinamizador de la econom\u00eda y coraz\u00f3n del hogar<\/strong><\/p>\n<p>En el \u00e1mbito familiar, el trabajo cumple un rol insustituible. No solo sostiene la econom\u00eda del hogar, sino que tambi\u00e9n: ense\u00f1a valores como el esfuerzo, la responsabilidad y la perseverancia; fortalece la autoestima de quien trabaja; da sentido y prop\u00f3sito a la vida cotidiana y permite so\u00f1ar, planificar y brindar bienestar a las nuevas generaciones.<\/p>\n<p>Un padre, una madre, un hijo que trabaja con dignidad est\u00e1 sembrando estabilidad emocional y material. El trabajo digno es tambi\u00e9n una forma de amor hacia la familia, porque permite proveer y proteger sin perder la dignidad.<\/p>\n<p>La circulaci\u00f3n del dinero en la comunidad es posible cuando compramos los productos y servicios a nuestros emprendedores y productores locales, \u00e9stos a su vez compran en la tienda de su barrio, tienen el dinero para pagarles a sus trabajadores, para pagar la materia prima con la que elabora sus productos, para pagarle al carnicero, al transportista, etc.\u00a0 Los Zamoranos debemos generar conciencia de la importancia del consumo local, comprando los productos de nuestros emprendedores y productores.\u00a0 Apoyemos el consumo local, para dinamizar la econom\u00eda de nuestros barrios y comunidades.<\/p>\n<p><strong>Desaf\u00edos presentes y futuros<\/strong><\/p>\n<p>Hoy, el trabajo enfrenta grandes desaf\u00edos: la informalidad, la desigualdad, el desempleo juvenil, la automatizaci\u00f3n y los nuevos modelos laborales. Por eso, hablar del D\u00eda del Trabajo tambi\u00e9n es hablar de pol\u00edticas p\u00fablicas, de educaci\u00f3n, de innovaci\u00f3n, de derechos humanos. Necesitamos construir una cultura laboral que abrace la equidad, la inclusi\u00f3n, la eficiencia, la capacitaci\u00f3n constante y la conciliaci\u00f3n entre la vida personal y profesional.<\/p>\n<p>Con la automatizaci\u00f3n, la inteligencia artificial y el teletrabajo, el mundo laboral est\u00e1 cambiando. Esto plantea preguntas importantes: \u00bfC\u00f3mo nos preparamos para empleos que a\u00fan no existen? \u00bfC\u00f3mo formamos a los j\u00f3venes para adaptarse a estas nuevas formas de trabajo? \u00bfQu\u00e9 valores debemos preservar en medio del cambio?<\/p>\n<p>En Reino Unido, en el \u00faltimo semestre del 2022 y en todo el 2023, alrededor de 60 organizaciones trabajaron 80% de sus horas habituales (solo trabajaron 4 d\u00edas a la semana) con el mismo salario a cambio de entregar el 100% de su producci\u00f3n habitual. Los resultados evidenciaron mejoras en la productividad laboral, salud f\u00edsica y mental de los empleados y grandes ahorros para las empresas. Lo que cuenta no es la cantidad de horas que dedicamos al trabajo, sino la calidad del trabajo que desempe\u00f1amos en esas horas. Como una experiencia que fortalece esta teor\u00eda, debo decir que mientras constru\u00eda mi casa,\u00a0 los trabajadores me propusieron que les d\u00e9 tarea y acced\u00ed a su pedido y recuerdo que en 4 horas hicieron lo que regularmente hac\u00edan en 8 horas. Sin embargo, en pa\u00edses como el nuestro, gran parte del mercado laboral a\u00fan se resiste al beneficio de este concepto, se piensa m\u00e1s en el n\u00famero de horas que se trabaja, que en la productividad. Es importante trabajar de manera inteligente, donde la empresa pueda cumplir las metas de producci\u00f3n y los trabajadores tengan m\u00e1s tiempo para disfrutar con su familia.<\/p>\n<p><strong>Una celebraci\u00f3n que invita a actuar<\/strong><\/p>\n<p>Este primero de mayo no se trata solo de celebrar. Se trata de reconocer, valorar y actuar. De mirar con gratitud a quienes trabajan cada d\u00eda con esfuerzo silencioso: al que madruga por su familia, a la madre que combina empleo y la crianza de sus hijos; al joven que busca su primer trabajo y a quienes han trabajado toda la vida y siguen aportando. Hay que despertar la conciencia para defender los derechos de quienes a\u00fan no acceden a un empleo digno y seguir construyendo un pa\u00eds donde el trabajo no sea un privilegio, sino una garant\u00eda.<\/p>\n<p>Porque trabajar es mucho m\u00e1s que cumplir una jornada. Trabajar es construir futuro. Y el futuro, lo construimos entre todos.<\/p>\n<p><strong>Saludo a la clase trabajadora<\/strong><\/p>\n<p>Saludo a los trabajadores de esta bella tierra de aves y cascadas y del Ecuador entero; al que trabaja en la empresa p\u00fablica y privada, desde el oficio m\u00e1s humilde, hasta el m\u00e1s elevado; al que trabaja en el campo y en la ciudad, a los que realizan trabajos intelectuales\u00a0 y a los que ponen su esfuerzo f\u00edsico; al que trabaja en el d\u00eda y\u00a0 en la noche y que con el sudor de su frente lleva el dinero para cubrir las necesidades esenciales\u00a0 de su amada familia.<\/p>\n<p>Ll\u00e1mese tambi\u00e9n trabajador al estudiante, que con su esfuerzo concluye sus estudios y cristaliza su proyecto de vida y de manera especial a los emprendedores, que con su propia iniciativa empiezan su negocio y logran mantenerse con tes\u00f3n y creatividad contribuyendo a dinamizar la econom\u00eda de nuestro pa\u00eds.\u00a0 \u00a0Por todos ellos, elevo mi voz para decirles: \u00a1Viva el d\u00eda del trabajo! \u00a1Viva el trabajador!<\/p>\n<p>&nbsp;<\/p>\n","protected":false},"excerpt":{"rendered":"<p>Introducci\u00f3n: El trabajo es como el latido constante de un coraz\u00f3n que mantiene viva a la sociedad. En cada jornada, millones de personas aportan su energ\u00eda, talento y esfuerzo para construir, cuidar, ense\u00f1ar, sanar, alimentar y transformar el mundo que habitamos. El D\u00eda Internacional del Trabajo, no es solo una fecha en el calendario ni un feriado m\u00e1s: es un reconocimiento al valor del esfuerzo humano, a la dignidad de quienes se levantan cada d\u00eda para dar lo mejor de s\u00ed, y a la historia de luchas que hicieron posible derechos que mejoraron la calidad de vida de la clase trabajadora. As\u00ed como el coraz\u00f3n nunca descansa, el trabajo mueve la vida, y por eso merece ser celebrado, honrado y, sobre todo, protegido. El primero de mayo es una invitaci\u00f3n a reflexionar sobre el valor profundo del trabajo en nuestras vidas, nuestras familias y el futuro de nuestro pa\u00eds. El trabajo como base del desarrollo nacional y local Cuando un pa\u00eds trabaja, avanza. La econom\u00eda se activa, las oportunidades crecen y la justicia social se vuelve posible. El trabajo impulsa la innovaci\u00f3n, fortalece la productividad y sostiene los pilares de cualquier naci\u00f3n: la educaci\u00f3n, la salud, la infraestructura, la seguridad. Pero no cualquier tipo de trabajo. Lo que verdaderamente transforma una sociedad es el trabajo digno y productivo, aquel que se realiza en condiciones justas, con derecho a la seguridad social, con un salario adecuado, con respeto por los derechos y con oportunidades reales de crecimiento. En un pa\u00eds donde el empleo digno se vuelve norma y no excepci\u00f3n, la pobreza retrocede, la esperanza crece y el futuro se construye con las manos de todos. Luchas y conquistas laborales en Ecuador: un camino hacia la dignidad del trabajo: En Ecuador, como en muchos pa\u00edses de Am\u00e9rica Latina, los derechos laborales no fueron una concesi\u00f3n, sino el resultado de d\u00e9cadas de lucha y organizaci\u00f3n obrera. Desde los albores del siglo XX, los trabajadores ecuatorianos han alzado su voz para exigir condiciones dignas, respeto y justicia social. A continuaci\u00f3n, se destacan algunas de las principales conquistas laborales que han marcado la historia del pa\u00eds: La jornada laboral de ocho horas: Uno de los hitos m\u00e1s significativos en la historia laboral ecuatoriana fue la huelga general del 15 de noviembre de 1922 en Guayaquil. Esta protesta masiva, encabezada por trabajadores del sector ferroviario, portuario y otros gremios, exig\u00eda, entre otras cosas, la jornada de ocho horas, mejores salarios y condiciones de trabajo humanas. La represi\u00f3n fue brutal, dejando cientos de muertos, pero su legado impuls\u00f3 cambios profundos que, con el tiempo, dieron lugar al reconocimiento de la jornada laboral de 8 horas. El derecho a sindicalizarse y a la huelga: Con el avance del movimiento obrero, especialmente en la segunda mitad del siglo XX, se consolidaron los derechos de asociaci\u00f3n sindical y negociaci\u00f3n colectiva. Aunque hist\u00f3ricamente el sindicalismo ha enfrentado obst\u00e1culos pol\u00edticos y econ\u00f3micos, sigue siendo una herramienta clave para la defensa de los trabajadores. El C\u00f3digo del Trabajo ecuatoriano garantiza estos derechos, y permite a los trabajadores organizarse y declarar huelga bajo ciertas condiciones legales. Salario b\u00e1sico unificado y estabilidad laboral: El salario b\u00e1sico unificado (SBU), que se actualiza cada a\u00f1o (en este 2025 es de 470 d\u00f3lares), busca asegurar un ingreso m\u00ednimo para todos los trabajadores formales. Este es el resultado de una pol\u00edtica p\u00fablica que, aunque a\u00fan enfrenta cr\u00edticas respecto a su suficiencia, representa un piso de protecci\u00f3n frente a la precarizaci\u00f3n. Adem\u00e1s, existen leyes que regulan la contrataci\u00f3n y despido, promoviendo mayor estabilidad laboral y evitando abusos. Seguridad social y prestaciones: La afiliaci\u00f3n al Instituto Ecuatoriano de Seguridad Social (IESS) es un derecho fundamental para los trabajadores formales, garantiz\u00e1ndoles acceso a salud, pensiones, licencias por maternidad\/paternidad, seguros de riesgo laboral, entre otros beneficios. Estas protecciones han sido fruto de una evoluci\u00f3n legal que busca brindar seguridad y bienestar durante toda la vida laboral y posterior a ella. Lucha contra el trabajo infantil y el trabajo informal: Ecuador ha firmado convenios internacionales para erradicar el trabajo infantil, y ha implementado pol\u00edticas p\u00fablicas y campa\u00f1as para combatir esta pr\u00e1ctica. Sin embargo, el trabajo informal sigue siendo un gran desaf\u00edo: una parte significativa de la poblaci\u00f3n econ\u00f3micamente activa (PEA) a\u00fan trabaja sin contrato, sin afiliaci\u00f3n al IESS ni derechos garantizados. La lucha contin\u00faa, especialmente en el sector rural y en econom\u00edas populares. Igualdad y derechos emergentes: En los \u00faltimos a\u00f1os, se ha intensificado la lucha por la igualdad de g\u00e9nero en el trabajo, la inclusi\u00f3n de personas con discapacidad, y la protecci\u00f3n contra la discriminaci\u00f3n laboral. Tambi\u00e9n se discute con mayor fuerza el derecho al trabajo digno para personas LGBTIQ+ y la necesidad de pol\u00edticas que cierren la brecha salarial y garanticen ambientes laborales libres de violencia y acoso. Estas conquistas han sido posibles gracias al empuje de generaciones de trabajadores y trabajadoras ecuatorianos que han hecho de la lucha su herramienta de cambio. Recordarlas no solo es un acto de memoria hist\u00f3rica, sino un llamado a seguir defendiendo los derechos laborales frente a los nuevos retos del siglo XXI. El trabajo, dinamizador de la econom\u00eda y coraz\u00f3n del hogar En el \u00e1mbito familiar, el trabajo cumple un rol insustituible. No solo sostiene la econom\u00eda del hogar, sino que tambi\u00e9n: ense\u00f1a valores como el esfuerzo, la responsabilidad y la perseverancia; fortalece la autoestima de quien trabaja; da sentido y prop\u00f3sito a la vida cotidiana y permite so\u00f1ar, planificar y brindar bienestar a las nuevas generaciones. Un padre, una madre, un hijo que trabaja con dignidad est\u00e1 sembrando estabilidad emocional y material. El trabajo digno es tambi\u00e9n una forma de amor hacia la familia, porque permite proveer y proteger sin perder la dignidad. La circulaci\u00f3n del dinero en la comunidad es posible cuando compramos los productos y servicios a nuestros emprendedores y productores locales, \u00e9stos a su vez compran en la tienda de su barrio, tienen el dinero para pagarles a sus trabajadores, para pagar la materia prima con la que elabora sus productos, para pagarle al carnicero, al transportista, etc.\u00a0 Los<\/p>\n","protected":false},"author":1,"featured_media":22154,"comment_status":"open","ping_status":"open","sticky":false,"template":"","format":"standard","meta":{"footnotes":""},"categories":[243,7],"tags":[],"class_list":["post-23183","post","type-post","status-publish","format-standard","has-post-thumbnail","hentry","category-noticias-zamora","category-opinion"],"_links":{"self":[{"href":"https:\/\/www.elamazonico.com\/portal\/wp-json\/wp\/v2\/posts\/23183","targetHints":{"allow":["GET"]}}],"collection":[{"href":"https:\/\/www.elamazonico.com\/portal\/wp-json\/wp\/v2\/posts"}],"about":[{"href":"https:\/\/www.elamazonico.com\/portal\/wp-json\/wp\/v2\/types\/post"}],"author":[{"embeddable":true,"href":"https:\/\/www.elamazonico.com\/portal\/wp-json\/wp\/v2\/users\/1"}],"replies":[{"embeddable":true,"href":"https:\/\/www.elamazonico.com\/portal\/wp-json\/wp\/v2\/comments?post=23183"}],"version-history":[{"count":1,"href":"https:\/\/www.elamazonico.com\/portal\/wp-json\/wp\/v2\/posts\/23183\/revisions"}],"predecessor-version":[{"id":23184,"href":"https:\/\/www.elamazonico.com\/portal\/wp-json\/wp\/v2\/posts\/23183\/revisions\/23184"}],"wp:featuredmedia":[{"embeddable":true,"href":"https:\/\/www.elamazonico.com\/portal\/wp-json\/wp\/v2\/media\/22154"}],"wp:attachment":[{"href":"https:\/\/www.elamazonico.com\/portal\/wp-json\/wp\/v2\/media?parent=23183"}],"wp:term":[{"taxonomy":"category","embeddable":true,"href":"https:\/\/www.elamazonico.com\/portal\/wp-json\/wp\/v2\/categories?post=23183"},{"taxonomy":"post_tag","embeddable":true,"href":"https:\/\/www.elamazonico.com\/portal\/wp-json\/wp\/v2\/tags?post=23183"}],"curies":[{"name":"wp","href":"https:\/\/api.w.org\/{rel}","templated":true}]}}