{"id":23179,"date":"2025-05-01T09:12:24","date_gmt":"2025-05-01T14:12:24","guid":{"rendered":"https:\/\/www.elamazonico.com\/portal\/?p=23179"},"modified":"2025-05-01T09:12:24","modified_gmt":"2025-05-01T14:12:24","slug":"el-pangui-refuerza-la-seguridad-escolar-con-nuevo-cerramiento-en-la-escuela-cueva-de-los-tayos","status":"publish","type":"post","link":"https:\/\/www.elamazonico.com\/portal\/el-pangui-refuerza-la-seguridad-escolar-con-nuevo-cerramiento-en-la-escuela-cueva-de-los-tayos\/","title":{"rendered":"El Pangui refuerza la seguridad escolar con nuevo cerramiento en la escuela &#8216;Cueva de los Tayos"},"content":{"rendered":"<p>El Municipio de El Pangui contin\u00faa con el fortalecimiento de la educaci\u00f3n y la seguridad de ni\u00f1os y j\u00f3venes, es por ello qu\u00e9, hoy se realiz\u00f3 la entrega del cerramiento en la Escuela de Educaci\u00f3n B\u00e1sica \u201cCueva de los Tayos\u201d, ubicada en el barrio El Para\u00edso, ciudad de El Pangui. El monto de inversi\u00f3n de esta obra bordea los 20 mil d\u00f3lares.<\/p>\n<p>Este proyecto contribuye al desarrollo educativo, cultural, social y formativo de los infantes del sector.<\/p>\n<p>Con esta infraestructura se benefician 20 familias, a m\u00e1s de ello la construcci\u00f3n de este cerramiento brind\u00f3 oportunidades laborales ya que se realiz\u00f3 con mano de obra local.<\/p>\n<p>En el evento participaron: autoridades, estudiantes, docentes y representantes del barrio, donde enfatizaron el compromiso de la presente administraci\u00f3n en el contexto educativo.<\/p>\n<p>Jairo Herrera, alcalde de El Pangui mencion\u00f3 \u201cnosotros como GAD Municipal estamos pensando en el desarrollo de cada uno de los barrios en la parte educativa y siempre con ideas que aporten al bienestar com\u00fan de la ni\u00f1ez\u201d concluy\u00f3 resaltando su apoyo incondicional.<\/p>\n<p>Walter Ram\u00f3n, docente de la escuela manifest\u00f3 \u201cla construcci\u00f3n de este cerramiento ha sido muy indispensable para resguardar la seguridad de nuestros ni\u00f1os\u2026 mi sincero agradecimiento al alcalde y a todo su cuerpo legislativo de concejales, se ha visto que es una administraci\u00f3n maravillosa y que ha llegado con grandes proyectos a cada uno de los rincones de este bello cant\u00f3n\u201d.<\/p>\n<p>Silvia Vera, representante de los padres de familia indic\u00f3 \u201cmuy agradecida de mi parte porque es un beneficio muy bueno para la instituci\u00f3n sino tambi\u00e9n para las familias allegadas que viven aqu\u00ed cerca\u201d.<\/p>\n<p>TOME NOTA:<\/p>\n<p>La presente obra consta de:<\/p>\n<ul>\n<li>Un muro de hormig\u00f3n en la base.<\/li>\n<li>Un cerramiento de 290 metros lineales, con malla galvanizada.<\/li>\n<\/ul>\n","protected":false},"excerpt":{"rendered":"<p>El Municipio de El Pangui contin\u00faa con el fortalecimiento de la educaci\u00f3n y la seguridad de ni\u00f1os y j\u00f3venes, es por ello qu\u00e9, hoy se realiz\u00f3 la entrega del cerramiento en la Escuela de Educaci\u00f3n B\u00e1sica \u201cCueva de los Tayos\u201d, ubicada en el barrio El Para\u00edso, ciudad de El Pangui. El monto de inversi\u00f3n de esta obra bordea los 20 mil d\u00f3lares. Este proyecto contribuye al desarrollo educativo, cultural, social y formativo de los infantes del sector. Con esta infraestructura se benefician 20 familias, a m\u00e1s de ello la construcci\u00f3n de este cerramiento brind\u00f3 oportunidades laborales ya que se realiz\u00f3 con mano de obra local. En el evento participaron: autoridades, estudiantes, docentes y representantes del barrio, donde enfatizaron el compromiso de la presente administraci\u00f3n en el contexto educativo. Jairo Herrera, alcalde de El Pangui mencion\u00f3 \u201cnosotros como GAD Municipal estamos pensando en el desarrollo de cada uno de los barrios en la parte educativa y siempre con ideas que aporten al bienestar com\u00fan de la ni\u00f1ez\u201d concluy\u00f3 resaltando su apoyo incondicional. Walter Ram\u00f3n, docente de la escuela manifest\u00f3 \u201cla construcci\u00f3n de este cerramiento ha sido muy indispensable para resguardar la seguridad de nuestros ni\u00f1os\u2026 mi sincero agradecimiento al alcalde y a todo su cuerpo legislativo de concejales, se ha visto que es una administraci\u00f3n maravillosa y que ha llegado con grandes proyectos a cada uno de los rincones de este bello cant\u00f3n\u201d. Silvia Vera, representante de los padres de familia indic\u00f3 \u201cmuy agradecida de mi parte porque es un beneficio muy bueno para la instituci\u00f3n sino tambi\u00e9n para las familias allegadas que viven aqu\u00ed cerca\u201d. TOME NOTA: La presente obra consta de: Un muro de hormig\u00f3n en la base. Un cerramiento de 290 metros lineales, con malla galvanizada.<\/p>\n","protected":false},"author":1,"featured_media":23180,"comment_status":"open","ping_status":"open","sticky":false,"template":"","format":"standard","meta":{"footnotes":""},"categories":[243],"tags":[],"class_list":["post-23179","post","type-post","status-publish","format-standard","has-post-thumbnail","hentry","category-noticias-zamora"],"_links":{"self":[{"href":"https:\/\/www.elamazonico.com\/portal\/wp-json\/wp\/v2\/posts\/23179","targetHints":{"allow":["GET"]}}],"collection":[{"href":"https:\/\/www.elamazonico.com\/portal\/wp-json\/wp\/v2\/posts"}],"about":[{"href":"https:\/\/www.elamazonico.com\/portal\/wp-json\/wp\/v2\/types\/post"}],"author":[{"embeddable":true,"href":"https:\/\/www.elamazonico.com\/portal\/wp-json\/wp\/v2\/users\/1"}],"replies":[{"embeddable":true,"href":"https:\/\/www.elamazonico.com\/portal\/wp-json\/wp\/v2\/comments?post=23179"}],"version-history":[{"count":1,"href":"https:\/\/www.elamazonico.com\/portal\/wp-json\/wp\/v2\/posts\/23179\/revisions"}],"predecessor-version":[{"id":23181,"href":"https:\/\/www.elamazonico.com\/portal\/wp-json\/wp\/v2\/posts\/23179\/revisions\/23181"}],"wp:featuredmedia":[{"embeddable":true,"href":"https:\/\/www.elamazonico.com\/portal\/wp-json\/wp\/v2\/media\/23180"}],"wp:attachment":[{"href":"https:\/\/www.elamazonico.com\/portal\/wp-json\/wp\/v2\/media?parent=23179"}],"wp:term":[{"taxonomy":"category","embeddable":true,"href":"https:\/\/www.elamazonico.com\/portal\/wp-json\/wp\/v2\/categories?post=23179"},{"taxonomy":"post_tag","embeddable":true,"href":"https:\/\/www.elamazonico.com\/portal\/wp-json\/wp\/v2\/tags?post=23179"}],"curies":[{"name":"wp","href":"https:\/\/api.w.org\/{rel}","templated":true}]}}