{"id":23156,"date":"2025-04-30T12:53:16","date_gmt":"2025-04-30T17:53:16","guid":{"rendered":"https:\/\/www.elamazonico.com\/portal\/?p=23156"},"modified":"2025-04-30T12:53:16","modified_gmt":"2025-04-30T17:53:16","slug":"yantzaza-se-levanta-en-defensa-del-territorio-la-seguridad-y-la-vida","status":"publish","type":"post","link":"https:\/\/www.elamazonico.com\/portal\/yantzaza-se-levanta-en-defensa-del-territorio-la-seguridad-y-la-vida\/","title":{"rendered":"Yantzaza se levanta en defensa del territorio, la seguridad y la vida"},"content":{"rendered":"<p>La ma\u00f1ana de este mi\u00e9rcoles 30 de abril, la ciudadan\u00eda del cant\u00f3n Yantzaza protagoniz\u00f3 una marcha pac\u00edfica y multitudinaria en rechazo a la miner\u00eda ilegal y a la creciente inseguridad que afecta a diversos sectores del cant\u00f3n. Barrios como La Floresta, La Florida, Gran Colombia, Playa Rica, Piedra Liza y otros de la ciudad de Yantzaza se unieron en una sola voz para exigir atenci\u00f3n inmediata por parte de las autoridades del Gobierno Nacional y de los organismos de control, frente a una situaci\u00f3n que consideran cr\u00edtica y desbordada.<\/p>\n<p>La jornada, lleg\u00f3 con el cierre de la v\u00eda troncal amaz\u00f3nica a la altura del sector Piedra Liza, estuvo marcada por testimonios conmovedores de los habitantes cuyas propiedades agr\u00edcolas y formas de vida se han visto gravemente afectadas por la presencia de miner\u00eda ilegal en las riberas del r\u00edo Zamora. \u201cNos est\u00e1n dejando sin tierras para producir. Aqu\u00ed sembramos yuca, pl\u00e1tano, ma\u00edz, frejol, papaya, cacao&#8230; de todo. Ya no tenemos escuela, no tenemos luz ni v\u00eda. Nos est\u00e1n destruyendo\u201d, expres\u00f3 una moradora del sector entre l\u00e1grimas, reflejando la indignaci\u00f3n compartida por cientos de familias.<\/p>\n<p>Durante la manifestaci\u00f3n, se denunci\u00f3 que desde hace m\u00e1s de medio a\u00f1o, las operaciones ilegales se han intensificado de forma alarmante, provocando desplazamiento de tierras, afectaci\u00f3n directa a las riberas del r\u00edo y amenazas al equilibrio ambiental. \u201cLa miner\u00eda irresponsable no solo contamina, sino que desestructura nuestras comunidades. El r\u00edo est\u00e1 cambiando su curso y eso podr\u00eda arrasar barrios enteros como La Florida y La Floresta\u201d, mencion\u00f3 otro de los manifestantes.<\/p>\n<p>Las comunidades presentes, agrupadas bajo el Frente en Defensa de las Riberas del R\u00edo Zamora, sostienen que han presentado reiteradas denuncias ante la Fiscal\u00eda, el Ministerio del Ambiente y la Agencia de Regulaci\u00f3n y Control de Energ\u00eda y Recursos Naturales no Renovables (ARCOM), sin recibir hasta la fecha una respuesta efectiva. De hecho, acusan filtraciones internas que permiten a los operadores ilegales retirar maquinaria antes de los operativos oficiales. \u201cCuando vienen los controles, las m\u00e1quinas ya no est\u00e1n. Alguien les avisa. Hay corresponsabilidad en las instituciones del Estado\u201d, subray\u00f3 el secretario del Frente.<\/p>\n<p>A esto se suma el pronunciamiento del jefe pol\u00edtico del cant\u00f3n Yantzaza, quien reconoci\u00f3 el derecho a la resistencia de los ciudadanos y afirm\u00f3 que se han extendido invitaciones a representantes de ARCOM y del Ministerio del Ambiente para que dialoguen directamente con las comunidades. No obstante, insisti\u00f3 en la necesidad de mantener abiertas las v\u00edas de comunicaci\u00f3n y evitar medidas que afecten la libre movilidad. \u201cNo estamos en contra de la miner\u00eda. Estamos en contra de la miner\u00eda irresponsable que atenta contra el derecho a vivir en un ambiente sano\u201d, afirm\u00f3.<\/p>\n<p>La situaci\u00f3n en Yantzaza evidencia una problem\u00e1tica estructural que combina la permisividad institucional, la falta de regulaci\u00f3n oportuna y el debilitamiento del control estatal sobre actividades extractivas no autorizadas. La ciudadan\u00eda, cansada de esperar respuestas, ha decidido actuar bajo el amparo del art\u00edculo 98 de la Constituci\u00f3n de la Rep\u00fablica del Ecuador, que reconoce el derecho a la resistencia frente a actos u omisiones de autoridades p\u00fablicas que vulneren derechos constitucionales.<\/p>\n<p>La exigencia principal es clara: la presencia urgente de autoridades competentes, entre ellas la gobernadora de Zamora Chinchipe, representantes de ARCOM y del Ministerio de Ambiente y Agua, para establecer un di\u00e1logo directo y soluciones efectivas. Los manifestantes advierten que las medidas adoptadas continuar\u00e1n de manera indefinida hasta recibir una respuesta oficial que garantice el respeto a sus derechos territoriales, ambientales y humanos.<br \/>\nEste hecho representa un momento hist\u00f3rico en la organizaci\u00f3n ciudadana del sur amaz\u00f3nico y una alerta urgente para las autoridades del Estado. El clamor de las comunidades es contundente: no m\u00e1s miner\u00eda ilegal, no m\u00e1s indiferencia institucional, no m\u00e1s abandono.<\/p>\n","protected":false},"excerpt":{"rendered":"<p>La ma\u00f1ana de este mi\u00e9rcoles 30 de abril, la ciudadan\u00eda del cant\u00f3n Yantzaza protagoniz\u00f3 una marcha pac\u00edfica y multitudinaria en rechazo a la miner\u00eda ilegal y a la creciente inseguridad que afecta a diversos sectores del cant\u00f3n. Barrios como La Floresta, La Florida, Gran Colombia, Playa Rica, Piedra Liza y otros de la ciudad de Yantzaza se unieron en una sola voz para exigir atenci\u00f3n inmediata por parte de las autoridades del Gobierno Nacional y de los organismos de control, frente a una situaci\u00f3n que consideran cr\u00edtica y desbordada. La jornada, lleg\u00f3 con el cierre de la v\u00eda troncal amaz\u00f3nica a la altura del sector Piedra Liza, estuvo marcada por testimonios conmovedores de los habitantes cuyas propiedades agr\u00edcolas y formas de vida se han visto gravemente afectadas por la presencia de miner\u00eda ilegal en las riberas del r\u00edo Zamora. \u201cNos est\u00e1n dejando sin tierras para producir. Aqu\u00ed sembramos yuca, pl\u00e1tano, ma\u00edz, frejol, papaya, cacao&#8230; de todo. Ya no tenemos escuela, no tenemos luz ni v\u00eda. Nos est\u00e1n destruyendo\u201d, expres\u00f3 una moradora del sector entre l\u00e1grimas, reflejando la indignaci\u00f3n compartida por cientos de familias. Durante la manifestaci\u00f3n, se denunci\u00f3 que desde hace m\u00e1s de medio a\u00f1o, las operaciones ilegales se han intensificado de forma alarmante, provocando desplazamiento de tierras, afectaci\u00f3n directa a las riberas del r\u00edo y amenazas al equilibrio ambiental. \u201cLa miner\u00eda irresponsable no solo contamina, sino que desestructura nuestras comunidades. El r\u00edo est\u00e1 cambiando su curso y eso podr\u00eda arrasar barrios enteros como La Florida y La Floresta\u201d, mencion\u00f3 otro de los manifestantes. Las comunidades presentes, agrupadas bajo el Frente en Defensa de las Riberas del R\u00edo Zamora, sostienen que han presentado reiteradas denuncias ante la Fiscal\u00eda, el Ministerio del Ambiente y la Agencia de Regulaci\u00f3n y Control de Energ\u00eda y Recursos Naturales no Renovables (ARCOM), sin recibir hasta la fecha una respuesta efectiva. De hecho, acusan filtraciones internas que permiten a los operadores ilegales retirar maquinaria antes de los operativos oficiales. \u201cCuando vienen los controles, las m\u00e1quinas ya no est\u00e1n. Alguien les avisa. Hay corresponsabilidad en las instituciones del Estado\u201d, subray\u00f3 el secretario del Frente. A esto se suma el pronunciamiento del jefe pol\u00edtico del cant\u00f3n Yantzaza, quien reconoci\u00f3 el derecho a la resistencia de los ciudadanos y afirm\u00f3 que se han extendido invitaciones a representantes de ARCOM y del Ministerio del Ambiente para que dialoguen directamente con las comunidades. No obstante, insisti\u00f3 en la necesidad de mantener abiertas las v\u00edas de comunicaci\u00f3n y evitar medidas que afecten la libre movilidad. \u201cNo estamos en contra de la miner\u00eda. Estamos en contra de la miner\u00eda irresponsable que atenta contra el derecho a vivir en un ambiente sano\u201d, afirm\u00f3. La situaci\u00f3n en Yantzaza evidencia una problem\u00e1tica estructural que combina la permisividad institucional, la falta de regulaci\u00f3n oportuna y el debilitamiento del control estatal sobre actividades extractivas no autorizadas. La ciudadan\u00eda, cansada de esperar respuestas, ha decidido actuar bajo el amparo del art\u00edculo 98 de la Constituci\u00f3n de la Rep\u00fablica del Ecuador, que reconoce el derecho a la resistencia frente a actos u omisiones de autoridades p\u00fablicas que vulneren derechos constitucionales. La exigencia principal es clara: la presencia urgente de autoridades competentes, entre ellas la gobernadora de Zamora Chinchipe, representantes de ARCOM y del Ministerio de Ambiente y Agua, para establecer un di\u00e1logo directo y soluciones efectivas. Los manifestantes advierten que las medidas adoptadas continuar\u00e1n de manera indefinida hasta recibir una respuesta oficial que garantice el respeto a sus derechos territoriales, ambientales y humanos. Este hecho representa un momento hist\u00f3rico en la organizaci\u00f3n ciudadana del sur amaz\u00f3nico y una alerta urgente para las autoridades del Estado. El clamor de las comunidades es contundente: no m\u00e1s miner\u00eda ilegal, no m\u00e1s indiferencia institucional, no m\u00e1s abandono.<\/p>\n","protected":false},"author":1,"featured_media":23157,"comment_status":"open","ping_status":"open","sticky":false,"template":"","format":"standard","meta":{"footnotes":""},"categories":[243],"tags":[],"class_list":["post-23156","post","type-post","status-publish","format-standard","has-post-thumbnail","hentry","category-noticias-zamora"],"_links":{"self":[{"href":"https:\/\/www.elamazonico.com\/portal\/wp-json\/wp\/v2\/posts\/23156","targetHints":{"allow":["GET"]}}],"collection":[{"href":"https:\/\/www.elamazonico.com\/portal\/wp-json\/wp\/v2\/posts"}],"about":[{"href":"https:\/\/www.elamazonico.com\/portal\/wp-json\/wp\/v2\/types\/post"}],"author":[{"embeddable":true,"href":"https:\/\/www.elamazonico.com\/portal\/wp-json\/wp\/v2\/users\/1"}],"replies":[{"embeddable":true,"href":"https:\/\/www.elamazonico.com\/portal\/wp-json\/wp\/v2\/comments?post=23156"}],"version-history":[{"count":1,"href":"https:\/\/www.elamazonico.com\/portal\/wp-json\/wp\/v2\/posts\/23156\/revisions"}],"predecessor-version":[{"id":23158,"href":"https:\/\/www.elamazonico.com\/portal\/wp-json\/wp\/v2\/posts\/23156\/revisions\/23158"}],"wp:featuredmedia":[{"embeddable":true,"href":"https:\/\/www.elamazonico.com\/portal\/wp-json\/wp\/v2\/media\/23157"}],"wp:attachment":[{"href":"https:\/\/www.elamazonico.com\/portal\/wp-json\/wp\/v2\/media?parent=23156"}],"wp:term":[{"taxonomy":"category","embeddable":true,"href":"https:\/\/www.elamazonico.com\/portal\/wp-json\/wp\/v2\/categories?post=23156"},{"taxonomy":"post_tag","embeddable":true,"href":"https:\/\/www.elamazonico.com\/portal\/wp-json\/wp\/v2\/tags?post=23156"}],"curies":[{"name":"wp","href":"https:\/\/api.w.org\/{rel}","templated":true}]}}