{"id":23096,"date":"2025-04-28T10:24:37","date_gmt":"2025-04-28T15:24:37","guid":{"rendered":"https:\/\/www.elamazonico.com\/portal\/?p=23096"},"modified":"2025-04-28T10:24:37","modified_gmt":"2025-04-28T15:24:37","slug":"apagon-electrico-masivo-en-espana-y-portugal-colapsa-calles-aeropuertos-escuelas-y-hasta-hospitales","status":"publish","type":"post","link":"https:\/\/www.elamazonico.com\/portal\/apagon-electrico-masivo-en-espana-y-portugal-colapsa-calles-aeropuertos-escuelas-y-hasta-hospitales\/","title":{"rendered":"Apag\u00f3n el\u00e9ctrico masivo en Espa\u00f1a y Portugal colapsa calles, aeropuertos, escuelas y hasta hospitales"},"content":{"rendered":"<p>Un apag\u00f3n el\u00e9ctrico masivo\u00a0se reporta en toda Espa\u00f1a continental este lunes 28 de abril, aproximadamente a las 12:30 locales (05:30 de Ecuador), seg\u00fan reportan los medios de ese pa\u00eds.<\/p>\n<p>El presidente de Ecuador, Daniel Noboa, se encuentra en Espa\u00f1a y ten\u00eda previsto reunirse con el rey Felipe VI y el mandatario espa\u00f1ol Pedro S\u00e1nchez.<\/p>\n<p>Miles de ciudadanos de todo el pa\u00eds ib\u00e9rico han reportado el corte del servicio el\u00e9ctrico con duraci\u00f3n variable, seg\u00fan reporta El Pa\u00eds.\u00a0Las causas del apag\u00f3n el\u00e9ctrico masivo a\u00fan son desconocidas.<\/p>\n<p>Estas fueron las causas del apag\u00f3n masivo en Chile, que provoc\u00f3 hasta un toque de queda<br \/>\nSeg\u00fan datos del operador del sistema, Red El\u00e9ctrica (REE), en torno a esa hora, cuando el consumo rondaba los 25.184 megavatios, se ha desplomado repentinamente hasta los 12.425 megavatios.<\/p>\n<p>El operador se\u00f1ala que se ha producido un \u00abcero\u00bb en el sistema el\u00e9ctrico peninsular, lo que suele indicar un apag\u00f3n generalizado.<\/p>\n<p>Los medios reportan que en otros pa\u00edses de Europa, como Portugal y Francia, tambi\u00e9n hay cortes de luz.<\/p>\n<p>El corte del suministro el\u00e9ctrico afecta las l\u00edneas de telefon\u00eda, el tr\u00e1fico ferroviario, el tr\u00e1fico a\u00e9reo, ha provocado cortes en los transportes p\u00fablicos y en muchas zonas se han apagado los sem\u00e1foros, detalla El Pa\u00eds.<\/p>\n<p>Videos e im\u00e1genes del apag\u00f3n en Espa\u00f1a, Portugal y otras zonas de Europa<br \/>\nLas tiendas de las grandes cadenas, al igual que varias industrias, se encuentran a oscuras.<\/p>\n<p>28\/04\/2025<\/p>\n<p>09:30<\/p>\n<p>Apag\u00f3n es uno de los m\u00e1s importantes de los \u00faltimos a\u00f1os<br \/>\nLa vicepresidenta de la Comisi\u00f3n Europea para la Transici\u00f3n limpia, la espa\u00f1ola Teresa Ribera, dijo este lunes que el apag\u00f3n el\u00e9ctrico en Espa\u00f1a y Portugal \u00abes una de las ca\u00eddas del sistema el\u00e9ctrico m\u00e1s importantes que se han producido en los \u00faltimos a\u00f1os\u00bb en Europa.<\/p>\n<p>28\/04\/2025<\/p>\n<p>09:28<\/p>\n<p>Uni\u00f3n Europea dice que no hay indicios de un ciberataque<br \/>\nLa Uni\u00f3n Europea afirma que por ahora \u00abno hay indicios\u00bb de que el apag\u00f3n en Espa\u00f1a sea un ciberataque. Las autoridades de Espa\u00f1a investigan esa hip\u00f3tesis.<\/p>\n<p>28\/04\/2025<\/p>\n<p>09:26<\/p>\n<p>Centrales nucleares dejan de general electricidad<br \/>\nTras el apag\u00f3n masivo, los reactores de las centrales nucleares que estaban en funcionamiento (Almaraz II, Asc\u00f3 I y II, Vandell\u00f3s II) han parado autom\u00e1ticamente y sus generadores di\u00e9sel de salvaguardias han arrancado y mantienen las centrales en condici\u00f3n segura.<\/p>\n<p>28\/04\/2025<\/p>\n<p>09:21<\/p>\n<p>Gobierno convoca a reuni\u00f3n extraordinaria de seguridad<br \/>\nEl presidente de Espa\u00f1a, Pedro S\u00e1nchez, convoc\u00f3 a una reuni\u00f3n extraordinaria del Consejo de Seguridad Nacional para analizar la situaci\u00f3n provocada por el apag\u00f3n el\u00e9ctrico.<\/p>\n<p>S\u00e1nchez ha conocido de primera mano los detalles del corte de suministro en una visita al centro de control de Red El\u00e9ctrica.<\/p>\n<p>28\/04\/2025<\/p>\n<p>08:02<\/p>\n<p>Entre 6 y 10 horas tardar\u00e1 en repararse el servicio<br \/>\nLa Red El\u00e9ctrica de Espa\u00f1a asegur\u00f3 que el apag\u00f3n es \u201cexcepcional y totalmente extraordinario\u201d y que el servicio tardar\u00e1 entre 6 y 10 horas en repararse.<\/p>\n<p>28\/04\/2025<\/p>\n<p>07:29<\/p>\n<p>Situaci\u00f3n en aeropuertos<br \/>\nLos aeropuertos est\u00e1n operativos, pese al corte masivo de luz, gracias a los sistemas de contingencia. La p\u00e1gina web de seguimiento de vuelos Flight Radar reporta que el aeropuerto de Madrid ha estado inactivo en salidas y llegadas durante al menos media hora, pero ya se ve movimiento de aeronaves en torno al aer\u00f3dromo.<\/p>\n<p>Mientras que el aeropuerto de Barcelona opera con \u00abtoda normalidad\u00bb, seg\u00fan fuentes de Aena, el gestor aeroportuario espa\u00f1ol, gracias a un sistema de suministro alternativo.<\/p>\n<p>28\/04\/2025<\/p>\n<p>07:27<\/p>\n<p>Caos en Madrid y Barcelona<br \/>\nSeg\u00fan testimonios de usuarios recogidos por la agencia EFE, en Madrid no funcionan los sem\u00e1foros,\u00a0tampoco el metro ni los tel\u00e9fonos celulares. Algunas personas quedaron atrapadas en los ascensores de inmuebles.<\/p>\n<p>Algo similar ocurre en la ciudad de Barcelona, donde se ha interrumpido el metro y el ferrocarril y miles de pasajeros quedaron dentro de los trenes, algunos en t\u00faneles, de donde tuvieron que ser evacuados.<\/p>\n<p>28\/04\/2025<\/p>\n<p>07:24<\/p>\n<p>Investigan si el apag\u00f3n es consecuencia de ciberataque<br \/>\nUna unidad del Centro Nacional de Inteligencia investiga si el apag\u00f3n sufrido desde primera hora de la tarde en toda la red el\u00e9ctrica peninsular, es consecuencia de un ciberataque.<\/p>\n<p>28\/04\/2025<\/p>\n<p>08:02<\/p>\n<p>Francia tambi\u00e9n reporta problemas<br \/>\nTambi\u00e9n hay reportes de cortes de luz en Francia, aunque la mayor parte del suministro no ha sido afectado.\u00a0Redes Energ\u00e9ticas Nacionais (REN), la compa\u00f1\u00eda responsable del suministro de electricidad y gas en Portugal, confirm\u00f3 que este lunes se ha producido \u00abun corte masivo en el suministro el\u00e9ctrico en toda la pen\u00ednsula ib\u00e9rica y parte del territorio franc\u00e9s\u00bb&#8216; y que se han activado los planes para el restablecimiento del servicio.<\/p>\n<p>28\/04\/2025<\/p>\n<p>06:56<\/p>\n<p>Cortes de luz en Portugal<br \/>\nUn fallo de electricidad afect\u00f3 tambi\u00e9n a varias zonas de Portugal, cerca de las 11:30 hora local (05:30 Ecuador), a la vez que el ocurrido en Espa\u00f1a, seg\u00fan informa la agencia Lusa.<\/p>\n<p>El problema, cuyas causas se desconocen, a\u00fan se mantiene y la electricidad no se ha recuperado a\u00fan, por lo que la gente ha salido a las calles para tratar de informarse de lo que ocurre, seg\u00fan pudo constatar la agencia EFE en Lisboa.<\/p>\n<p>Los ic\u00f3nicos tranv\u00edas de la capital est\u00e1n parados en la calle, los turistas no pueden acceder a los apartamentos tur\u00edsticos, cuyas puertas se abren con chip electr\u00f3nicos y los famosos restaurantes de marisco fresco muestran su preocupaci\u00f3n porque el producto se eche a perder por la falta de refrigeraci\u00f3n.<\/p>\n<p>28\/04\/2025<\/p>\n<p>06:54<\/p>\n<p>Red El\u00e9ctrica de Espa\u00f1a se pronuncia<br \/>\nLa Red El\u00e9ctrica de Espa\u00f1a, el operador del servicio, inform\u00f3 que est\u00e1n activados los planes de reposici\u00f3n del suministro el\u00e9ctrico, en colaboraci\u00f3n con las empresas del sector.<\/p>\n<p>Pasadas las 13:30 locales, casi una hora despu\u00e9s del apag\u00f3n el\u00e9ctrico masivo, se empez\u00f3 a \u00abrecuperar tensi\u00f3n por el norte y sur peninsular, clave para atender progresivamente el suministro de electricidad\u00bb, detalla la Red El\u00e9ctrica.<\/p>\n<p>28\/04\/2025<\/p>\n<p>06:50<\/p>\n<p>Apag\u00f3n afecta servicios de transporte<br \/>\nLos servicios de transporte de toda Espa\u00f1a se han visto afectados a causa del corte de luz masivo. En Madrid, el metro y las gasolineras est\u00e1n cerradas.<\/p>\n<p>La Direcci\u00f3n General de Tr\u00e1fico (DGT) ha pedido a los ciudadanos que debido al apag\u00f3n que afecta a toda la Pen\u00ednsula eviten circular en la medida de lo posible. <strong>Fuente: Primicias<\/strong><\/p>\n","protected":false},"excerpt":{"rendered":"<p>Un apag\u00f3n el\u00e9ctrico masivo\u00a0se reporta en toda Espa\u00f1a continental este lunes 28 de abril, aproximadamente a las 12:30 locales (05:30 de Ecuador), seg\u00fan reportan los medios de ese pa\u00eds. El presidente de Ecuador, Daniel Noboa, se encuentra en Espa\u00f1a y ten\u00eda previsto reunirse con el rey Felipe VI y el mandatario espa\u00f1ol Pedro S\u00e1nchez. Miles de ciudadanos de todo el pa\u00eds ib\u00e9rico han reportado el corte del servicio el\u00e9ctrico con duraci\u00f3n variable, seg\u00fan reporta El Pa\u00eds.\u00a0Las causas del apag\u00f3n el\u00e9ctrico masivo a\u00fan son desconocidas. Estas fueron las causas del apag\u00f3n masivo en Chile, que provoc\u00f3 hasta un toque de queda Seg\u00fan datos del operador del sistema, Red El\u00e9ctrica (REE), en torno a esa hora, cuando el consumo rondaba los 25.184 megavatios, se ha desplomado repentinamente hasta los 12.425 megavatios. El operador se\u00f1ala que se ha producido un \u00abcero\u00bb en el sistema el\u00e9ctrico peninsular, lo que suele indicar un apag\u00f3n generalizado. Los medios reportan que en otros pa\u00edses de Europa, como Portugal y Francia, tambi\u00e9n hay cortes de luz. El corte del suministro el\u00e9ctrico afecta las l\u00edneas de telefon\u00eda, el tr\u00e1fico ferroviario, el tr\u00e1fico a\u00e9reo, ha provocado cortes en los transportes p\u00fablicos y en muchas zonas se han apagado los sem\u00e1foros, detalla El Pa\u00eds. Videos e im\u00e1genes del apag\u00f3n en Espa\u00f1a, Portugal y otras zonas de Europa Las tiendas de las grandes cadenas, al igual que varias industrias, se encuentran a oscuras. 28\/04\/2025 09:30 Apag\u00f3n es uno de los m\u00e1s importantes de los \u00faltimos a\u00f1os La vicepresidenta de la Comisi\u00f3n Europea para la Transici\u00f3n limpia, la espa\u00f1ola Teresa Ribera, dijo este lunes que el apag\u00f3n el\u00e9ctrico en Espa\u00f1a y Portugal \u00abes una de las ca\u00eddas del sistema el\u00e9ctrico m\u00e1s importantes que se han producido en los \u00faltimos a\u00f1os\u00bb en Europa. 28\/04\/2025 09:28 Uni\u00f3n Europea dice que no hay indicios de un ciberataque La Uni\u00f3n Europea afirma que por ahora \u00abno hay indicios\u00bb de que el apag\u00f3n en Espa\u00f1a sea un ciberataque. Las autoridades de Espa\u00f1a investigan esa hip\u00f3tesis. 28\/04\/2025 09:26 Centrales nucleares dejan de general electricidad Tras el apag\u00f3n masivo, los reactores de las centrales nucleares que estaban en funcionamiento (Almaraz II, Asc\u00f3 I y II, Vandell\u00f3s II) han parado autom\u00e1ticamente y sus generadores di\u00e9sel de salvaguardias han arrancado y mantienen las centrales en condici\u00f3n segura. 28\/04\/2025 09:21 Gobierno convoca a reuni\u00f3n extraordinaria de seguridad El presidente de Espa\u00f1a, Pedro S\u00e1nchez, convoc\u00f3 a una reuni\u00f3n extraordinaria del Consejo de Seguridad Nacional para analizar la situaci\u00f3n provocada por el apag\u00f3n el\u00e9ctrico. S\u00e1nchez ha conocido de primera mano los detalles del corte de suministro en una visita al centro de control de Red El\u00e9ctrica. 28\/04\/2025 08:02 Entre 6 y 10 horas tardar\u00e1 en repararse el servicio La Red El\u00e9ctrica de Espa\u00f1a asegur\u00f3 que el apag\u00f3n es \u201cexcepcional y totalmente extraordinario\u201d y que el servicio tardar\u00e1 entre 6 y 10 horas en repararse. 28\/04\/2025 07:29 Situaci\u00f3n en aeropuertos Los aeropuertos est\u00e1n operativos, pese al corte masivo de luz, gracias a los sistemas de contingencia. La p\u00e1gina web de seguimiento de vuelos Flight Radar reporta que el aeropuerto de Madrid ha estado inactivo en salidas y llegadas durante al menos media hora, pero ya se ve movimiento de aeronaves en torno al aer\u00f3dromo. Mientras que el aeropuerto de Barcelona opera con \u00abtoda normalidad\u00bb, seg\u00fan fuentes de Aena, el gestor aeroportuario espa\u00f1ol, gracias a un sistema de suministro alternativo. 28\/04\/2025 07:27 Caos en Madrid y Barcelona Seg\u00fan testimonios de usuarios recogidos por la agencia EFE, en Madrid no funcionan los sem\u00e1foros,\u00a0tampoco el metro ni los tel\u00e9fonos celulares. Algunas personas quedaron atrapadas en los ascensores de inmuebles. Algo similar ocurre en la ciudad de Barcelona, donde se ha interrumpido el metro y el ferrocarril y miles de pasajeros quedaron dentro de los trenes, algunos en t\u00faneles, de donde tuvieron que ser evacuados. 28\/04\/2025 07:24 Investigan si el apag\u00f3n es consecuencia de ciberataque Una unidad del Centro Nacional de Inteligencia investiga si el apag\u00f3n sufrido desde primera hora de la tarde en toda la red el\u00e9ctrica peninsular, es consecuencia de un ciberataque. 28\/04\/2025 08:02 Francia tambi\u00e9n reporta problemas Tambi\u00e9n hay reportes de cortes de luz en Francia, aunque la mayor parte del suministro no ha sido afectado.\u00a0Redes Energ\u00e9ticas Nacionais (REN), la compa\u00f1\u00eda responsable del suministro de electricidad y gas en Portugal, confirm\u00f3 que este lunes se ha producido \u00abun corte masivo en el suministro el\u00e9ctrico en toda la pen\u00ednsula ib\u00e9rica y parte del territorio franc\u00e9s\u00bb&#8216; y que se han activado los planes para el restablecimiento del servicio. 28\/04\/2025 06:56 Cortes de luz en Portugal Un fallo de electricidad afect\u00f3 tambi\u00e9n a varias zonas de Portugal, cerca de las 11:30 hora local (05:30 Ecuador), a la vez que el ocurrido en Espa\u00f1a, seg\u00fan informa la agencia Lusa. El problema, cuyas causas se desconocen, a\u00fan se mantiene y la electricidad no se ha recuperado a\u00fan, por lo que la gente ha salido a las calles para tratar de informarse de lo que ocurre, seg\u00fan pudo constatar la agencia EFE en Lisboa. Los ic\u00f3nicos tranv\u00edas de la capital est\u00e1n parados en la calle, los turistas no pueden acceder a los apartamentos tur\u00edsticos, cuyas puertas se abren con chip electr\u00f3nicos y los famosos restaurantes de marisco fresco muestran su preocupaci\u00f3n porque el producto se eche a perder por la falta de refrigeraci\u00f3n. 28\/04\/2025 06:54 Red El\u00e9ctrica de Espa\u00f1a se pronuncia La Red El\u00e9ctrica de Espa\u00f1a, el operador del servicio, inform\u00f3 que est\u00e1n activados los planes de reposici\u00f3n del suministro el\u00e9ctrico, en colaboraci\u00f3n con las empresas del sector. Pasadas las 13:30 locales, casi una hora despu\u00e9s del apag\u00f3n el\u00e9ctrico masivo, se empez\u00f3 a \u00abrecuperar tensi\u00f3n por el norte y sur peninsular, clave para atender progresivamente el suministro de electricidad\u00bb, detalla la Red El\u00e9ctrica. 28\/04\/2025 06:50 Apag\u00f3n afecta servicios de transporte Los servicios de transporte de toda Espa\u00f1a se han visto afectados a causa del corte de luz masivo. En Madrid, el metro y las gasolineras est\u00e1n cerradas. La Direcci\u00f3n General de Tr\u00e1fico (DGT) ha pedido a los ciudadanos que debido al apag\u00f3n que afecta a toda la Pen\u00ednsula eviten circular en la<\/p>\n","protected":false},"author":1,"featured_media":23097,"comment_status":"open","ping_status":"open","sticky":false,"template":"","format":"standard","meta":{"footnotes":""},"categories":[5],"tags":[],"class_list":["post-23096","post","type-post","status-publish","format-standard","has-post-thumbnail","hentry","category-internacionales"],"_links":{"self":[{"href":"https:\/\/www.elamazonico.com\/portal\/wp-json\/wp\/v2\/posts\/23096","targetHints":{"allow":["GET"]}}],"collection":[{"href":"https:\/\/www.elamazonico.com\/portal\/wp-json\/wp\/v2\/posts"}],"about":[{"href":"https:\/\/www.elamazonico.com\/portal\/wp-json\/wp\/v2\/types\/post"}],"author":[{"embeddable":true,"href":"https:\/\/www.elamazonico.com\/portal\/wp-json\/wp\/v2\/users\/1"}],"replies":[{"embeddable":true,"href":"https:\/\/www.elamazonico.com\/portal\/wp-json\/wp\/v2\/comments?post=23096"}],"version-history":[{"count":1,"href":"https:\/\/www.elamazonico.com\/portal\/wp-json\/wp\/v2\/posts\/23096\/revisions"}],"predecessor-version":[{"id":23098,"href":"https:\/\/www.elamazonico.com\/portal\/wp-json\/wp\/v2\/posts\/23096\/revisions\/23098"}],"wp:featuredmedia":[{"embeddable":true,"href":"https:\/\/www.elamazonico.com\/portal\/wp-json\/wp\/v2\/media\/23097"}],"wp:attachment":[{"href":"https:\/\/www.elamazonico.com\/portal\/wp-json\/wp\/v2\/media?parent=23096"}],"wp:term":[{"taxonomy":"category","embeddable":true,"href":"https:\/\/www.elamazonico.com\/portal\/wp-json\/wp\/v2\/categories?post=23096"},{"taxonomy":"post_tag","embeddable":true,"href":"https:\/\/www.elamazonico.com\/portal\/wp-json\/wp\/v2\/tags?post=23096"}],"curies":[{"name":"wp","href":"https:\/\/api.w.org\/{rel}","templated":true}]}}