{"id":22968,"date":"2025-04-23T11:11:05","date_gmt":"2025-04-23T16:11:05","guid":{"rendered":"https:\/\/www.elamazonico.com\/portal\/?p=22968"},"modified":"2025-04-23T11:11:05","modified_gmt":"2025-04-23T16:11:05","slug":"excanciller-de-colombia-asegura-que-gustavo-petro-tiene-un-problema-de-drogadiccion","status":"publish","type":"post","link":"https:\/\/www.elamazonico.com\/portal\/excanciller-de-colombia-asegura-que-gustavo-petro-tiene-un-problema-de-drogadiccion\/","title":{"rendered":"Excanciller de Colombia asegura que Gustavo Petro tiene un &#8216;problema de drogadicci\u00f3n&#8217;"},"content":{"rendered":"<div class=\"paragraph texto\">\n<p class=\"p_0\">Esc\u00e1ndalo en Colombia debido a una\u00a0<b>explosiva carta publicada por el excanciller \u00c1lvaro Leyva Dur\u00e1n<\/b>, quien asegura que el presidente\u00a0<b><a href=\"https:\/\/www.vistazo.com\/politica\/elecciones-ecuador-2025\/2-25-04-15-gustavo-petro-no-puede-reconocer-triunfo-daniel-noboa-elecciones-ecuador-FN9168250\">Gustavo Petro<\/a><\/b>\u00a0tiene un problema de\u00a0<u><b>drogadicci\u00f3n<\/b><\/u>.<\/p>\n<p class=\"p_1\">La ma\u00f1ana de este mi\u00e9rcoles 23 de abril, Leyva expuso en la red social X un documento que le envi\u00f3 a Petro el pasado martes 22 de abril, en ella relata c\u00f3mo fue su experiencia al trabajar con el jefe de Estado.<\/p>\n<p class=\"p_3\">Primero, confes\u00f3 que\u00a0<u><b>era dif\u00edcil tener contacto directo con el mandatario colombiano<\/b><\/u>. De hecho, dice que no pudieron sentarse en ning\u00fan momento para trazar la pol\u00edtica exterior del Estado.<\/p>\n<div>\n<div class=\"trv-player-container\">\n<div class=\"trv-wrapper\">\n<div id=\"br_video_player_3c967bbbfb7c3aa96fdef8f821d3965a7a4d6079\" class=\"trvd_video_player trvdfloater trv-right\">\n<div class=\"media-player\">\n<div class=\"trv-video\">\n<div id=\"truvid_ima_container4006\" class=\"truvid_ima_container\">\n<div><img decoding=\"async\" src=\"https:\/\/src.trvdp.com\/images\/9c3373fc1bea3a2be9026f71d6be65491803dadd_3.jpg\" \/><\/div>\n<\/div>\n<\/div>\n<\/div>\n<\/div>\n<\/div>\n<\/div>\n<\/div>\n<div class=\"powered-main\">\n<div class=\"powered-by\">\u201cCuando iba a buscarlo la se\u00f1ora Sarabia (actual canciller de Colombia y exjefa de gabinete) conocida de autos me hac\u00eda esperar por horas con la excusa de que usted eventualmente me recibir\u00eda. Tantas veces ocurri\u00f3 lo mismo que finalmente comprend\u00ed que <u><b>ella era la due\u00f1a de su tiempo, de algunos quehaceres suyos y que, adem\u00e1s, le satisfac\u00eda algunas necesidades personales<\/b><\/u>\u201d, asegura Leyva.<\/div>\n<\/div>\n<p class=\"p_5\">Agrega que desde esas primeras interacciones se dio cuenta que Petro no hablaba frecuentemente con sus ministros.<\/p>\n<\/div>\n<div class=\"multimediaMacroWrapper img lateral\">\n<figure class=\"contentMedia art-img\">\n<div><img fetchpriority=\"high\" decoding=\"async\" class=\" lazyloaded\" title=\"Carta de \u00c1lvaro Leyva.\" src=\"https:\/\/www.vistazo.com\/placeholder\/svg\/viewbox\/582x575\" sizes=\"100vw\" srcset=\"\/\/www.vistazo.com\/binrepository\/582x575\/0c0\/0d0\/none\/12727\/RCNJ\/captura-de-pantalla-2025-04-23-a-la-s_2151594_20250423104245.png 582w,\/\/www.vistazo.com\/binrepository\/485x479\/0c0\/0d0\/none\/12727\/RCNC\/captura-de-pantalla-2025-04-23-a-la-s_2151594_20250423104245.png 485w,\/\/www.vistazo.com\/binrepository\/388x383\/0c0\/0d0\/none\/12727\/RCNK\/captura-de-pantalla-2025-04-23-a-la-s_2151594_20250423104245.png 388w,\/\/www.vistazo.com\/binrepository\/300x296\/0c0\/0d0\/none\/12727\/RCNP\/captura-de-pantalla-2025-04-23-a-la-s_2151594_20250423104245.png 300w\" alt=\"$!Carta de \u00c1lvaro Leyva.\" width=\"582\" height=\"575\" data-srcset=\"\/\/www.vistazo.com\/binrepository\/582x575\/0c0\/0d0\/none\/12727\/RCNJ\/captura-de-pantalla-2025-04-23-a-la-s_2151594_20250423104245.png 582w,\/\/www.vistazo.com\/binrepository\/485x479\/0c0\/0d0\/none\/12727\/RCNC\/captura-de-pantalla-2025-04-23-a-la-s_2151594_20250423104245.png 485w,\/\/www.vistazo.com\/binrepository\/388x383\/0c0\/0d0\/none\/12727\/RCNK\/captura-de-pantalla-2025-04-23-a-la-s_2151594_20250423104245.png 388w,\/\/www.vistazo.com\/binrepository\/300x296\/0c0\/0d0\/none\/12727\/RCNP\/captura-de-pantalla-2025-04-23-a-la-s_2151594_20250423104245.png 300w\" \/><\/div>\n<div class=\"cutline-byline\"><span class=\"cutline-text\">Carta de \u00c1lvaro Leyva.<\/span>\u00a0<span class=\"byline-image\">(Foto: captura )<\/span><\/div>\n<\/figure>\n<\/div>\n<h2 class=\"h2vistazo\">ADICCI\u00d3N A LAS DROGAS<\/h2>\n<div class=\"paragraph texto\">\n<p class=\"p_7\">Luego Leyva recuerda un episodio que le produce\u00a0<b>\u201cdesaz\u00f3n y desconcierto\u201d<\/b>. Narra que en un viaje oficial a Par\u00eds, Petro se desapareci\u00f3 dos d\u00edas.<\/p>\n<p class=\"p_8\">\u201cComo si inteligencia francesa fuera incompetente como para no haber conocido su paradero.\u00a0<b>Momentos embarazosos para mi como persona y como su Canciller.<\/b>\u00a0Y mucho m\u00e1s cuando supe en d\u00f3nde hab\u00eda estado\u201d.<\/p>\n<p class=\"p_9\">El excanciller argumenta que ya le hab\u00edan comentado sobre los problemas que ten\u00eda Petro, pero que en ese viaje pudo comprobarlo.<\/p>\n<\/div>\n<div class=\"Citavistazo\">\u201cFue en Par\u00eds donde pude confirmar que usted ten\u00eda el problema de la drogadicci\u00f3n. \u00bfPero qu\u00e9 pod\u00eda yo hacer? Seguro fui inferior. Lo he debido aproximar, ayudar, asistir oportunamente. Guardo en mi interior la pena de no haber intentado extenderle la mano. Lo cierto es que nunca se repuso usted. Es as\u00ed. Su recuperaci\u00f3n lastimosamente no ha tenido lugar\u201d, revela Leyva.<\/div>\n<div class=\"paragraph texto\">\n<p class=\"p_10\">Tambi\u00e9n menciona que Petro ha ca\u00eddo con frecuencia en \u201ctiempos de soledad, ansiedad, depresi\u00f3n y<u><b>\u00a0otras manifestaciones de dif\u00edcil superaci\u00f3n, algunas de alto riesgo<\/b><\/u>\u201d.<\/p>\n<p class=\"p_11\"><strong>POL\u00c9MICAS DECLARACIONES DE PETRO<\/strong><\/p>\n<\/div>\n<div class=\"paragraph texto\">\n<p class=\"p_12\">El presidente Gustavo Petro ha emitido pol\u00e9micas declaraciones en las \u00faltimas semanas. Por ejemplo, tras las elecciones presidenciales en Ecuador, el mandatario del pa\u00eds vecino escribi\u00f3 una serie de mensajes en la red social X con base en\u00a0<b>informaci\u00f3n falsa<\/b>.<\/p>\n<p class=\"p_13\">Incluso, public\u00f3 un video de una protesta de Argentina como si fuese en Ecuador. Adem\u00e1s, pidi\u00f3 al Gobierno ecuatoriano que entregue actas de las elecciones, cuando es el\u00a0<b>Consejo Nacional Electoral (CNE)<\/b>\u00a0quien organiza las elecciones.<\/p>\n<p class=\"p_14\">Y ayer, en cambio, se declar\u00f3\u00a0<u><b>\u201cpresidente de latinoam\u00e9rica\u201d<\/b><\/u>\u00a0haciendo referencia a su mandato en la Comunidad de Estados Latinoamericanos y Caribe\u00f1os (Celac). De hecho, ese discurso se hizo en una reuni\u00f3n con su gabinete donde tambi\u00e9n se evidenci\u00f3 que Petro se habr\u00eda hecho una\u00a0<u><b>cirug\u00eda en el rostro. <\/b><strong>Fuente: Vistazo<\/strong><\/u><\/p>\n<\/div>\n","protected":false},"excerpt":{"rendered":"<p>Esc\u00e1ndalo en Colombia debido a una\u00a0explosiva carta publicada por el excanciller \u00c1lvaro Leyva Dur\u00e1n, quien asegura que el presidente\u00a0Gustavo Petro\u00a0tiene un problema de\u00a0drogadicci\u00f3n. La ma\u00f1ana de este mi\u00e9rcoles 23 de abril, Leyva expuso en la red social X un documento que le envi\u00f3 a Petro el pasado martes 22 de abril, en ella relata c\u00f3mo fue su experiencia al trabajar con el jefe de Estado. Primero, confes\u00f3 que\u00a0era dif\u00edcil tener contacto directo con el mandatario colombiano. De hecho, dice que no pudieron sentarse en ning\u00fan momento para trazar la pol\u00edtica exterior del Estado. \u201cCuando iba a buscarlo la se\u00f1ora Sarabia (actual canciller de Colombia y exjefa de gabinete) conocida de autos me hac\u00eda esperar por horas con la excusa de que usted eventualmente me recibir\u00eda. Tantas veces ocurri\u00f3 lo mismo que finalmente comprend\u00ed que ella era la due\u00f1a de su tiempo, de algunos quehaceres suyos y que, adem\u00e1s, le satisfac\u00eda algunas necesidades personales\u201d, asegura Leyva. Agrega que desde esas primeras interacciones se dio cuenta que Petro no hablaba frecuentemente con sus ministros. Carta de \u00c1lvaro Leyva.\u00a0(Foto: captura ) ADICCI\u00d3N A LAS DROGAS Luego Leyva recuerda un episodio que le produce\u00a0\u201cdesaz\u00f3n y desconcierto\u201d. Narra que en un viaje oficial a Par\u00eds, Petro se desapareci\u00f3 dos d\u00edas. \u201cComo si inteligencia francesa fuera incompetente como para no haber conocido su paradero.\u00a0Momentos embarazosos para mi como persona y como su Canciller.\u00a0Y mucho m\u00e1s cuando supe en d\u00f3nde hab\u00eda estado\u201d. El excanciller argumenta que ya le hab\u00edan comentado sobre los problemas que ten\u00eda Petro, pero que en ese viaje pudo comprobarlo. \u201cFue en Par\u00eds donde pude confirmar que usted ten\u00eda el problema de la drogadicci\u00f3n. \u00bfPero qu\u00e9 pod\u00eda yo hacer? Seguro fui inferior. Lo he debido aproximar, ayudar, asistir oportunamente. Guardo en mi interior la pena de no haber intentado extenderle la mano. Lo cierto es que nunca se repuso usted. Es as\u00ed. Su recuperaci\u00f3n lastimosamente no ha tenido lugar\u201d, revela Leyva. Tambi\u00e9n menciona que Petro ha ca\u00eddo con frecuencia en \u201ctiempos de soledad, ansiedad, depresi\u00f3n y\u00a0otras manifestaciones de dif\u00edcil superaci\u00f3n, algunas de alto riesgo\u201d. POL\u00c9MICAS DECLARACIONES DE PETRO El presidente Gustavo Petro ha emitido pol\u00e9micas declaraciones en las \u00faltimas semanas. Por ejemplo, tras las elecciones presidenciales en Ecuador, el mandatario del pa\u00eds vecino escribi\u00f3 una serie de mensajes en la red social X con base en\u00a0informaci\u00f3n falsa. Incluso, public\u00f3 un video de una protesta de Argentina como si fuese en Ecuador. Adem\u00e1s, pidi\u00f3 al Gobierno ecuatoriano que entregue actas de las elecciones, cuando es el\u00a0Consejo Nacional Electoral (CNE)\u00a0quien organiza las elecciones. Y ayer, en cambio, se declar\u00f3\u00a0\u201cpresidente de latinoam\u00e9rica\u201d\u00a0haciendo referencia a su mandato en la Comunidad de Estados Latinoamericanos y Caribe\u00f1os (Celac). De hecho, ese discurso se hizo en una reuni\u00f3n con su gabinete donde tambi\u00e9n se evidenci\u00f3 que Petro se habr\u00eda hecho una\u00a0cirug\u00eda en el rostro. Fuente: Vistazo<\/p>\n","protected":false},"author":1,"featured_media":22969,"comment_status":"open","ping_status":"open","sticky":false,"template":"","format":"standard","meta":{"footnotes":""},"categories":[5],"tags":[],"class_list":["post-22968","post","type-post","status-publish","format-standard","has-post-thumbnail","hentry","category-internacionales"],"_links":{"self":[{"href":"https:\/\/www.elamazonico.com\/portal\/wp-json\/wp\/v2\/posts\/22968","targetHints":{"allow":["GET"]}}],"collection":[{"href":"https:\/\/www.elamazonico.com\/portal\/wp-json\/wp\/v2\/posts"}],"about":[{"href":"https:\/\/www.elamazonico.com\/portal\/wp-json\/wp\/v2\/types\/post"}],"author":[{"embeddable":true,"href":"https:\/\/www.elamazonico.com\/portal\/wp-json\/wp\/v2\/users\/1"}],"replies":[{"embeddable":true,"href":"https:\/\/www.elamazonico.com\/portal\/wp-json\/wp\/v2\/comments?post=22968"}],"version-history":[{"count":1,"href":"https:\/\/www.elamazonico.com\/portal\/wp-json\/wp\/v2\/posts\/22968\/revisions"}],"predecessor-version":[{"id":22970,"href":"https:\/\/www.elamazonico.com\/portal\/wp-json\/wp\/v2\/posts\/22968\/revisions\/22970"}],"wp:featuredmedia":[{"embeddable":true,"href":"https:\/\/www.elamazonico.com\/portal\/wp-json\/wp\/v2\/media\/22969"}],"wp:attachment":[{"href":"https:\/\/www.elamazonico.com\/portal\/wp-json\/wp\/v2\/media?parent=22968"}],"wp:term":[{"taxonomy":"category","embeddable":true,"href":"https:\/\/www.elamazonico.com\/portal\/wp-json\/wp\/v2\/categories?post=22968"},{"taxonomy":"post_tag","embeddable":true,"href":"https:\/\/www.elamazonico.com\/portal\/wp-json\/wp\/v2\/tags?post=22968"}],"curies":[{"name":"wp","href":"https:\/\/api.w.org\/{rel}","templated":true}]}}