{"id":22875,"date":"2025-04-21T06:05:59","date_gmt":"2025-04-21T11:05:59","guid":{"rendered":"https:\/\/www.elamazonico.com\/portal\/?p=22875"},"modified":"2025-04-21T06:05:59","modified_gmt":"2025-04-21T11:05:59","slug":"luto-en-el-mundo-el-papa-francisco-ha-fallecido-este-21-de-abril-de-2025","status":"publish","type":"post","link":"https:\/\/www.elamazonico.com\/portal\/luto-en-el-mundo-el-papa-francisco-ha-fallecido-este-21-de-abril-de-2025\/","title":{"rendered":"\u00a1Luto en el mundo! El papa Francisco ha fallecido este 21 de abril de 2025"},"content":{"rendered":"<p><strong>El papa Francisco<\/strong>, l\u00edder de la\u00a0<a href=\"https:\/\/www.teleamazonas.com\/papa-neumonia-bilateral-salud\/\">Iglesia Cat\u00f3lica<\/a>\u00a0y\u00a0<strong>primer pont\u00edfice latinoamericano<\/strong>,\u00a0<strong>falleci\u00f3\u00a0<\/strong>a las 07:35 (5.35 GMT) de este lunes 21 de abril de 2025 en el\u00a0<strong>Vaticano<\/strong>, a los\u00a0<strong>88 a\u00f1os<\/strong>\u00a0de edad, en su residencia de la\u00a0<strong>Casa Santa Mart<\/strong>a, anunci\u00f3 en un v\u00eddeo mensaje el camarlengo, el cardenal Kevin\u00a0<strong>Joseph Farrel.<\/strong><\/p>\n<div class=\"code-block code-block-9\">\n<div id=\"box1_ad\" data-google-query-id=\"CNmdipH96IwDFZ-eWgUd3rcYEQ\">\n<div id=\"google_ads_iframe_\/21696216014\/teleamazonas\/box1_0__container__\">\u00abQueridos hermanos y hermanas, con <strong>profundo dolor<\/strong>\u00a0debo anunciarles el\u00a0<strong>fallecimiento<\/strong>\u00a0de\u00a0<strong>nuestro Santo<\/strong>. A las 7,35 de esta ma\u00f1ana, el obispo de Roma, Francisco,\u00a0<strong>regres\u00f3 a la casa de su padre<\/strong>\u00ab, empez\u00f3 su pronunciamiento oficial el camarlengo.<\/div>\n<\/div>\n<\/div>\n<p>Y continu\u00f3: \u00abToda su\u00a0<strong>vida<\/strong>\u00a0estuvo\u00a0<strong>dedicada<\/strong>\u00a0al servicio del\u00a0<strong>Se\u00f1or<\/strong>\u00a0y de su Iglesia. Nos ense\u00f1\u00f3 a\u00a0<strong>vivir\u00a0<\/strong>los valores del\u00a0<strong>Evangelio\u00a0<\/strong>con\u00a0<strong>fidelidad, valent\u00eda y amor<\/strong>\u00a0universal, especialmente en favor de los m\u00e1s pobres y marginados\u00bb.<\/p>\n<p>\u00abCon\u00a0<strong>inmensa gratitud\u00a0<\/strong>por su ejemplo de verdadero disc\u00edpulo del Se\u00f1or Jes\u00fas,\u00a0<strong>encomendamos el alma\u00a0<\/strong>del Papa Francisco al\u00a0<strong>infinito amor misericordioso<\/strong>\u00a0del Dios uno y trino. Gracias\u00bb, concluy\u00f3.<\/p>\n<div class=\"twitter-tweet twitter-tweet-rendered\"><iframe id=\"twitter-widget-0\" class=\"\" title=\"X Post\" src=\"https:\/\/platform.twitter.com\/embed\/Tweet.html?creatorScreenName=teleamazonasec&amp;dnt=false&amp;embedId=twitter-widget-0&amp;features=eyJ0ZndfdGltZWxpbmVfbGlzdCI6eyJidWNrZXQiOltdLCJ2ZXJzaW9uIjpudWxsfSwidGZ3X2ZvbGxvd2VyX2NvdW50X3N1bnNldCI6eyJidWNrZXQiOnRydWUsInZlcnNpb24iOm51bGx9LCJ0ZndfdHdlZXRfZWRpdF9iYWNrZW5kIjp7ImJ1Y2tldCI6Im9uIiwidmVyc2lvbiI6bnVsbH0sInRmd19yZWZzcmNfc2Vzc2lvbiI6eyJidWNrZXQiOiJvbiIsInZlcnNpb24iOm51bGx9LCJ0ZndfZm9zbnJfc29mdF9pbnRlcnZlbnRpb25zX2VuYWJsZWQiOnsiYnVja2V0Ijoib24iLCJ2ZXJzaW9uIjpudWxsfSwidGZ3X21peGVkX21lZGlhXzE1ODk3Ijp7ImJ1Y2tldCI6InRyZWF0bWVudCIsInZlcnNpb24iOm51bGx9LCJ0ZndfZXhwZXJpbWVudHNfY29va2llX2V4cGlyYXRpb24iOnsiYnVja2V0IjoxMjA5NjAwLCJ2ZXJzaW9uIjpudWxsfSwidGZ3X3Nob3dfYmlyZHdhdGNoX3Bpdm90c19lbmFibGVkIjp7ImJ1Y2tldCI6Im9uIiwidmVyc2lvbiI6bnVsbH0sInRmd19kdXBsaWNhdGVfc2NyaWJlc190b19zZXR0aW5ncyI6eyJidWNrZXQiOiJvbiIsInZlcnNpb24iOm51bGx9LCJ0ZndfdXNlX3Byb2ZpbGVfaW1hZ2Vfc2hhcGVfZW5hYmxlZCI6eyJidWNrZXQiOiJvbiIsInZlcnNpb24iOm51bGx9LCJ0ZndfdmlkZW9faGxzX2R5bmFtaWNfbWFuaWZlc3RzXzE1MDgyIjp7ImJ1Y2tldCI6InRydWVfYml0cmF0ZSIsInZlcnNpb24iOm51bGx9LCJ0ZndfbGVnYWN5X3RpbWVsaW5lX3N1bnNldCI6eyJidWNrZXQiOnRydWUsInZlcnNpb24iOm51bGx9LCJ0ZndfdHdlZXRfZWRpdF9mcm9udGVuZCI6eyJidWNrZXQiOiJvbiIsInZlcnNpb24iOm51bGx9fQ%3D%3D&amp;frame=false&amp;hideCard=false&amp;hideThread=false&amp;id=1914238899339087892&amp;lang=es&amp;origin=https%3A%2F%2Fwww.teleamazonas.com%2Fpapa-francisco-fallece-vaticano-88-anos%2F&amp;sessionId=975a6ec8afff1a9241b4548b864180019d785759&amp;siteScreenName=teleamazonasec&amp;theme=light&amp;widgetsVersion=2615f7e52b7e0%3A1702314776716&amp;width=550px\" frameborder=\"0\" scrolling=\"no\" allowfullscreen=\"allowfullscreen\" data-tweet-id=\"1914238899339087892\" data-mce-fragment=\"1\"><\/iframe><\/div>\n<p>El viernes 14 de febrero de 2025,\u00a0<strong>Francisco<\/strong>\u00a0ingres\u00f3 en el hospital\u00a0<strong>Gemelli de Roma<\/strong>\u00a0aquejado de una bronquitis que le provocaba graves dificultades respiratorias. Le diagnosticaron una neumon\u00eda en ambos pulmones que requiri\u00f3\u00a0<strong>intenso tratamiento m\u00e9dico<\/strong>, haciendo temer por su estado. Finalmente\u00a0<strong>sali\u00f3 el 23 de marzo.<\/strong><\/p>\n<p>El domingo, todav\u00eda convaleciente, apareci\u00f3 en el\u00a0<strong>balc\u00f3n<\/strong>\u00a0de la\u00a0<strong>bas\u00edlica<\/strong>\u00a0de<strong>\u00a0San Pedro<\/strong>\u00a0del Vaticano y con una d\u00e9bil voz le dese\u00f3 una \u00abfeliz Pascua\u00bb a los miles de fieles congregados all\u00ed por la Pascua.<\/p>\n<p><strong>Jorge Mario Bergoglio, nacido en Buenos Aires<\/strong>, Argentina, en 1936, fue elegido como el 266\u00b0 papa de la Iglesia Cat\u00f3lica el 13 de marzo de 2013,\u00a0<strong>tras la renuncia de Benedicto XVI<\/strong>. Su elecci\u00f3n marc\u00f3 un hito en la historia del Vaticano, pues fue el primer papa jesuita y el primero proveniente de Am\u00e9rica Latina.<\/p>\n<p>los fieles, con un\u00a0<strong>fuerte \u00e9nfasis en la justicia social, la inclusi\u00f3n y la protecci\u00f3n del medio ambiente<\/strong>. Su liderazgo estuvo marcado por llamados a la paz y la reconciliaci\u00f3n, as\u00ed como esfuerzos por acercar la Iglesia a los sectores m\u00e1s vulnerables.<\/p>\n<h2 class=\"wp-block-heading\">Problemas de salud que enfrent\u00f3<\/h2>\n<p>En los \u00faltimos a\u00f1os, el papa Francisco\u00a0<strong>enfrent\u00f3 diversos problemas de salud<\/strong>. El 29 de marzo de 2023, el Sumo Pont\u00edfice fue\u00a0<strong>hospitalizado por dificultades respiratorias<\/strong>\u00a0producto de una infecci\u00f3n.\u00a0El cuadro fue superado con tratamiento m\u00e9dico.<\/p>\n<p>Sin embargo, en diciembre del mismo a\u00f1o cancel\u00f3 su viaje a los Emiratos \u00c1rabes Unidos por una\u00a0<strong>bronquitis infecciosa aguda<\/strong>. En marzo de 2024, el Papa\u00a0<strong>no pudo subir a su papam\u00f3vil por problemas respiratorios y de movilidad<\/strong>.<\/p>\n<p>El fallecimiento del\u00a0<strong>Papa<\/strong>\u00a0dar\u00e1 inicio a una serie de actos protocolarios, dictados por la tradici\u00f3n y regidos por normas muy precisas.<\/p>\n<p>Se prev\u00e9n\u00a0<strong>nueve d\u00edas\u00a0<\/strong>de<strong>\u00a0exequias\u00a0<\/strong>y un plazo de entre 15 y 20 d\u00edas para organizar un\u00a0<strong>c\u00f3nclave\u00a0<\/strong>con cerca de\u00a0<strong>130 cardenales electores,<\/strong>\u00a0para elegir a un sucesor. M\u00e1s de dos tercios de ellos fueron nombrados por\u00a0<strong>Francisco<\/strong>.<\/p>\n<p>Mientras tanto, es el\u00a0<strong>cardenal camarlengo<\/strong>, el irland\u00e9s\u00a0<strong>Kevin Farell<\/strong>, quien ocupar\u00e1 el cargo interinamente. <strong>Fuente: Teleamazonas<\/strong><\/p>\n","protected":false},"excerpt":{"rendered":"<p>El papa Francisco, l\u00edder de la\u00a0Iglesia Cat\u00f3lica\u00a0y\u00a0primer pont\u00edfice latinoamericano,\u00a0falleci\u00f3\u00a0a las 07:35 (5.35 GMT) de este lunes 21 de abril de 2025 en el\u00a0Vaticano, a los\u00a088 a\u00f1os\u00a0de edad, en su residencia de la\u00a0Casa Santa Marta, anunci\u00f3 en un v\u00eddeo mensaje el camarlengo, el cardenal Kevin\u00a0Joseph Farrel. \u00abQueridos hermanos y hermanas, con profundo dolor\u00a0debo anunciarles el\u00a0fallecimiento\u00a0de\u00a0nuestro Santo. A las 7,35 de esta ma\u00f1ana, el obispo de Roma, Francisco,\u00a0regres\u00f3 a la casa de su padre\u00ab, empez\u00f3 su pronunciamiento oficial el camarlengo. Y continu\u00f3: \u00abToda su\u00a0vida\u00a0estuvo\u00a0dedicada\u00a0al servicio del\u00a0Se\u00f1or\u00a0y de su Iglesia. Nos ense\u00f1\u00f3 a\u00a0vivir\u00a0los valores del\u00a0Evangelio\u00a0con\u00a0fidelidad, valent\u00eda y amor\u00a0universal, especialmente en favor de los m\u00e1s pobres y marginados\u00bb. \u00abCon\u00a0inmensa gratitud\u00a0por su ejemplo de verdadero disc\u00edpulo del Se\u00f1or Jes\u00fas,\u00a0encomendamos el alma\u00a0del Papa Francisco al\u00a0infinito amor misericordioso\u00a0del Dios uno y trino. Gracias\u00bb, concluy\u00f3. El viernes 14 de febrero de 2025,\u00a0Francisco\u00a0ingres\u00f3 en el hospital\u00a0Gemelli de Roma\u00a0aquejado de una bronquitis que le provocaba graves dificultades respiratorias. Le diagnosticaron una neumon\u00eda en ambos pulmones que requiri\u00f3\u00a0intenso tratamiento m\u00e9dico, haciendo temer por su estado. Finalmente\u00a0sali\u00f3 el 23 de marzo. El domingo, todav\u00eda convaleciente, apareci\u00f3 en el\u00a0balc\u00f3n\u00a0de la\u00a0bas\u00edlica\u00a0de\u00a0San Pedro\u00a0del Vaticano y con una d\u00e9bil voz le dese\u00f3 una \u00abfeliz Pascua\u00bb a los miles de fieles congregados all\u00ed por la Pascua. Jorge Mario Bergoglio, nacido en Buenos Aires, Argentina, en 1936, fue elegido como el 266\u00b0 papa de la Iglesia Cat\u00f3lica el 13 de marzo de 2013,\u00a0tras la renuncia de Benedicto XVI. Su elecci\u00f3n marc\u00f3 un hito en la historia del Vaticano, pues fue el primer papa jesuita y el primero proveniente de Am\u00e9rica Latina. los fieles, con un\u00a0fuerte \u00e9nfasis en la justicia social, la inclusi\u00f3n y la protecci\u00f3n del medio ambiente. Su liderazgo estuvo marcado por llamados a la paz y la reconciliaci\u00f3n, as\u00ed como esfuerzos por acercar la Iglesia a los sectores m\u00e1s vulnerables. Problemas de salud que enfrent\u00f3 En los \u00faltimos a\u00f1os, el papa Francisco\u00a0enfrent\u00f3 diversos problemas de salud. El 29 de marzo de 2023, el Sumo Pont\u00edfice fue\u00a0hospitalizado por dificultades respiratorias\u00a0producto de una infecci\u00f3n.\u00a0El cuadro fue superado con tratamiento m\u00e9dico. Sin embargo, en diciembre del mismo a\u00f1o cancel\u00f3 su viaje a los Emiratos \u00c1rabes Unidos por una\u00a0bronquitis infecciosa aguda. En marzo de 2024, el Papa\u00a0no pudo subir a su papam\u00f3vil por problemas respiratorios y de movilidad. El fallecimiento del\u00a0Papa\u00a0dar\u00e1 inicio a una serie de actos protocolarios, dictados por la tradici\u00f3n y regidos por normas muy precisas. Se prev\u00e9n\u00a0nueve d\u00edas\u00a0de\u00a0exequias\u00a0y un plazo de entre 15 y 20 d\u00edas para organizar un\u00a0c\u00f3nclave\u00a0con cerca de\u00a0130 cardenales electores,\u00a0para elegir a un sucesor. M\u00e1s de dos tercios de ellos fueron nombrados por\u00a0Francisco. Mientras tanto, es el\u00a0cardenal camarlengo, el irland\u00e9s\u00a0Kevin Farell, quien ocupar\u00e1 el cargo interinamente. Fuente: Teleamazonas<\/p>\n","protected":false},"author":1,"featured_media":22876,"comment_status":"open","ping_status":"open","sticky":false,"template":"","format":"standard","meta":{"footnotes":""},"categories":[5],"tags":[],"class_list":["post-22875","post","type-post","status-publish","format-standard","has-post-thumbnail","hentry","category-internacionales"],"_links":{"self":[{"href":"https:\/\/www.elamazonico.com\/portal\/wp-json\/wp\/v2\/posts\/22875","targetHints":{"allow":["GET"]}}],"collection":[{"href":"https:\/\/www.elamazonico.com\/portal\/wp-json\/wp\/v2\/posts"}],"about":[{"href":"https:\/\/www.elamazonico.com\/portal\/wp-json\/wp\/v2\/types\/post"}],"author":[{"embeddable":true,"href":"https:\/\/www.elamazonico.com\/portal\/wp-json\/wp\/v2\/users\/1"}],"replies":[{"embeddable":true,"href":"https:\/\/www.elamazonico.com\/portal\/wp-json\/wp\/v2\/comments?post=22875"}],"version-history":[{"count":1,"href":"https:\/\/www.elamazonico.com\/portal\/wp-json\/wp\/v2\/posts\/22875\/revisions"}],"predecessor-version":[{"id":22877,"href":"https:\/\/www.elamazonico.com\/portal\/wp-json\/wp\/v2\/posts\/22875\/revisions\/22877"}],"wp:featuredmedia":[{"embeddable":true,"href":"https:\/\/www.elamazonico.com\/portal\/wp-json\/wp\/v2\/media\/22876"}],"wp:attachment":[{"href":"https:\/\/www.elamazonico.com\/portal\/wp-json\/wp\/v2\/media?parent=22875"}],"wp:term":[{"taxonomy":"category","embeddable":true,"href":"https:\/\/www.elamazonico.com\/portal\/wp-json\/wp\/v2\/categories?post=22875"},{"taxonomy":"post_tag","embeddable":true,"href":"https:\/\/www.elamazonico.com\/portal\/wp-json\/wp\/v2\/tags?post=22875"}],"curies":[{"name":"wp","href":"https:\/\/api.w.org\/{rel}","templated":true}]}}