{"id":22872,"date":"2025-04-21T05:55:00","date_gmt":"2025-04-21T10:55:00","guid":{"rendered":"https:\/\/www.elamazonico.com\/portal\/?p=22872"},"modified":"2025-04-21T05:55:00","modified_gmt":"2025-04-21T10:55:00","slug":"bukele-le-propone-a-maduro-liberar-a-presos-politicos-a-cambio-de-migrantes-venezolanos-y-esto-le-responden","status":"publish","type":"post","link":"https:\/\/www.elamazonico.com\/portal\/bukele-le-propone-a-maduro-liberar-a-presos-politicos-a-cambio-de-migrantes-venezolanos-y-esto-le-responden\/","title":{"rendered":"Bukele le propone a Maduro liberar a \u00abpresos pol\u00edticos\u00bb a cambio de migrantes venezolanos y esto le responden"},"content":{"rendered":"<p>El presidente de El Salvador, Nayib Bukele, le propuso a su hom\u00f3logo venezolano, Nicol\u00e1s Maduro, un \u00abacuerdo humanitario\u00bb para repatriar a migrantes venezolanos expulsados desde Estados Unidos y detenidos en una c\u00e1rcel de m\u00e1xima seguridad del pa\u00eds centroamericano, acusados de pertenecer a la banda criminal transnacional Tren de Aragua, a cambio de la liberaci\u00f3n de \u00abpresos pol\u00edticos\u00bb.<\/p>\n<p>\u00abQuiero proponerle un acuerdo humanitario que contemple la repatriaci\u00f3n del 100% de los 252 venezolanos que fueron deportados, a cambio de la liberaci\u00f3n y entrega de un n\u00famero id\u00e9ntico (252) de los miles de presos pol\u00edticos que usted mantiene\u00bb, public\u00f3 Bukele en un mensaje en X.<\/p>\n<p>El mandatario salvadore\u00f1o comenz\u00f3 su mensaje dirigi\u00e9ndose a Maduro y dici\u00e9ndole que \u00abusted ha dicho en numerosas ocasiones que quiere a los venezolanos de regreso y en libertad\u00bb.<\/p>\n<p>Bukele a\u00f1adi\u00f3 que \u00aba diferencia de usted, que tiene presos pol\u00edticos, nosotros no tenemos presos pol\u00edticos\u00bb y asegur\u00f3 que \u201ctodos los venezolanos que tenemos bajo custodia fueron detenidos en el marco de una operaci\u00f3n contra pandillas como el Tren de Aragua en Estados Unidos\u201d.<\/p>\n<p>\u00abA diferencia de nuestros detenidos, muchos de los cuales han asesinado, otros han cometido violaciones, y algunos incluso hab\u00edan sido arrestados en m\u00faltiples ocasiones antes de ser deportados, sus presos pol\u00edticos no han cometido ning\u00fan delito. La \u00fanica raz\u00f3n por la que est\u00e1n encarcelados es por haberse opuesto a usted y a sus fraudes electorales\u00bb, se\u00f1al\u00f3 el presidente centroamericano.<\/p>\n<p>Bukele indic\u00f3 que entre los \u00abpresos pol\u00edticos\u00bb en Venezuela est\u00e1 \u00abRafael Tudares, yerno de Edmundo Gonz\u00e1lez; el periodista Roland Carre\u00f1o; la abogada y activista Roc\u00edo San Miguel; la se\u00f1ora Corina Parisca de Machado, madre de Mar\u00eda Corina Machado, a quien amedrentan a diario y le sabotean el acceso a servicios b\u00e1sicos como la luz y el agua; as\u00ed como los cuatro dirigentes pol\u00edticos asilados en la embajada de Argentina y otros venezolanos presos pol\u00edticos\u00bb.<\/p>\n<p>El mandatario salvadore\u00f1o agreg\u00f3 que en el canje, \u00abse incluir\u00edan los casi 50 ciudadanos detenidos de otras nacionalidades: estadounidense, alemana, dominicana, argentina, boliviana, israel\u00ed, chilena, colombiana, ecuatoriana, espa\u00f1ola, francesa, guyanesa, neerlandesa, iran\u00ed, italiana, libanesa, mexicana, peruana, puertorrique\u00f1a, ucraniana, uruguaya, portuguesa y checa\u00bb.<\/p>\n<p>Bukele dijo que la Canciller\u00eda salvadore\u00f1a \u00abenviar\u00e1 la correspondencia formal\u00bb y finaliz\u00f3 diciendo que \u00abDios bendiga al pueblo de Venezuela\u00bb.<\/p>\n<p>El Gobierno de Estados Unidos lleg\u00f3 a un acuerdo con el presidente de El Salvador, Nayib Bukele, para poder enviar a migrantes detenidos hacia el Centro de Confinamiento del Terrorismo (Cecot), una prisi\u00f3n de m\u00e1xima seguridad sobre la que recaen denuncias de abusos a los derechos humanos.<\/p>\n<p>En total, Estados Unidos ha enviado a m\u00e1s de 200 migrantes, en su mayor\u00eda venezolanos, a la c\u00e1rcel Cecot, acus\u00e1ndolos de pertenecer al Tren de Aragua.<\/p>\n<p>Sin embargo, seg\u00fan un an\u00e1lisis publicado la semana pasada por el portal Bloomberg, un 90% de los m\u00e1s de 200 hombres que Washington tiene encarcelados en El Salvador no tienen antecedentes penales en territorio estadounidense.<\/p>\n<p><strong>La respuesta de Venezuela<\/strong><br \/>\nLa propuesta de Bukele no fue del agrado del gobierno de Venezuela. El fiscal general de Venezuela, Tarek William Saab, la calific\u00f3 de \u00abc\u00ednica\u00bb.<\/p>\n<p>A juicio de Saab, la propuesta \u00abdemuestra que estos ciudadanos est\u00e1n secuestrados a disposici\u00f3n unilateral de un sujeto al margen de la ley que, p\u00fablica y comunicacionalmente, le expresa al planeta que \u00e9l, de forma tir\u00e1nica, decide qui\u00e9n puede gozar o no de vida y libertad en El Salvador\u00bb.<\/p>\n<p>\u00abEl tratamiento que est\u00e1n recibiendo los venezolanos en Estados Unidos y El Salvador constituye una grave violaci\u00f3n del derecho internacional de los derechos humanos y constituye un crimen de lesa humanidad que imita las repugnantes pr\u00e1cticas nazis de mitad del siglo XX\u00bb, expres\u00f3.<\/p>\n<p>Por este motivo, anunci\u00f3 el env\u00edo de comunicaciones tanto a la Fiscal\u00eda General como a la Corte Suprema de Justicia (CSJ) salvadore\u00f1as en las que solicita informaci\u00f3n sobre \u00abqu\u00e9 delitos han cometido estos ciudadanos\u00bb en el pa\u00eds centroamericano, en \u00abqu\u00e9 momento se les present\u00f3 ante un juez, si han tenido acceso a un abogado y si se les ha permitido comunicarse con alguien desde el momento de su detenci\u00f3n\u00bb. <strong>Fuente: Primicias<\/strong><\/p>\n","protected":false},"excerpt":{"rendered":"<p>El presidente de El Salvador, Nayib Bukele, le propuso a su hom\u00f3logo venezolano, Nicol\u00e1s Maduro, un \u00abacuerdo humanitario\u00bb para repatriar a migrantes venezolanos expulsados desde Estados Unidos y detenidos en una c\u00e1rcel de m\u00e1xima seguridad del pa\u00eds centroamericano, acusados de pertenecer a la banda criminal transnacional Tren de Aragua, a cambio de la liberaci\u00f3n de \u00abpresos pol\u00edticos\u00bb. \u00abQuiero proponerle un acuerdo humanitario que contemple la repatriaci\u00f3n del 100% de los 252 venezolanos que fueron deportados, a cambio de la liberaci\u00f3n y entrega de un n\u00famero id\u00e9ntico (252) de los miles de presos pol\u00edticos que usted mantiene\u00bb, public\u00f3 Bukele en un mensaje en X. El mandatario salvadore\u00f1o comenz\u00f3 su mensaje dirigi\u00e9ndose a Maduro y dici\u00e9ndole que \u00abusted ha dicho en numerosas ocasiones que quiere a los venezolanos de regreso y en libertad\u00bb. Bukele a\u00f1adi\u00f3 que \u00aba diferencia de usted, que tiene presos pol\u00edticos, nosotros no tenemos presos pol\u00edticos\u00bb y asegur\u00f3 que \u201ctodos los venezolanos que tenemos bajo custodia fueron detenidos en el marco de una operaci\u00f3n contra pandillas como el Tren de Aragua en Estados Unidos\u201d. \u00abA diferencia de nuestros detenidos, muchos de los cuales han asesinado, otros han cometido violaciones, y algunos incluso hab\u00edan sido arrestados en m\u00faltiples ocasiones antes de ser deportados, sus presos pol\u00edticos no han cometido ning\u00fan delito. La \u00fanica raz\u00f3n por la que est\u00e1n encarcelados es por haberse opuesto a usted y a sus fraudes electorales\u00bb, se\u00f1al\u00f3 el presidente centroamericano. Bukele indic\u00f3 que entre los \u00abpresos pol\u00edticos\u00bb en Venezuela est\u00e1 \u00abRafael Tudares, yerno de Edmundo Gonz\u00e1lez; el periodista Roland Carre\u00f1o; la abogada y activista Roc\u00edo San Miguel; la se\u00f1ora Corina Parisca de Machado, madre de Mar\u00eda Corina Machado, a quien amedrentan a diario y le sabotean el acceso a servicios b\u00e1sicos como la luz y el agua; as\u00ed como los cuatro dirigentes pol\u00edticos asilados en la embajada de Argentina y otros venezolanos presos pol\u00edticos\u00bb. El mandatario salvadore\u00f1o agreg\u00f3 que en el canje, \u00abse incluir\u00edan los casi 50 ciudadanos detenidos de otras nacionalidades: estadounidense, alemana, dominicana, argentina, boliviana, israel\u00ed, chilena, colombiana, ecuatoriana, espa\u00f1ola, francesa, guyanesa, neerlandesa, iran\u00ed, italiana, libanesa, mexicana, peruana, puertorrique\u00f1a, ucraniana, uruguaya, portuguesa y checa\u00bb. Bukele dijo que la Canciller\u00eda salvadore\u00f1a \u00abenviar\u00e1 la correspondencia formal\u00bb y finaliz\u00f3 diciendo que \u00abDios bendiga al pueblo de Venezuela\u00bb. El Gobierno de Estados Unidos lleg\u00f3 a un acuerdo con el presidente de El Salvador, Nayib Bukele, para poder enviar a migrantes detenidos hacia el Centro de Confinamiento del Terrorismo (Cecot), una prisi\u00f3n de m\u00e1xima seguridad sobre la que recaen denuncias de abusos a los derechos humanos. En total, Estados Unidos ha enviado a m\u00e1s de 200 migrantes, en su mayor\u00eda venezolanos, a la c\u00e1rcel Cecot, acus\u00e1ndolos de pertenecer al Tren de Aragua. Sin embargo, seg\u00fan un an\u00e1lisis publicado la semana pasada por el portal Bloomberg, un 90% de los m\u00e1s de 200 hombres que Washington tiene encarcelados en El Salvador no tienen antecedentes penales en territorio estadounidense. La respuesta de Venezuela La propuesta de Bukele no fue del agrado del gobierno de Venezuela. El fiscal general de Venezuela, Tarek William Saab, la calific\u00f3 de \u00abc\u00ednica\u00bb. A juicio de Saab, la propuesta \u00abdemuestra que estos ciudadanos est\u00e1n secuestrados a disposici\u00f3n unilateral de un sujeto al margen de la ley que, p\u00fablica y comunicacionalmente, le expresa al planeta que \u00e9l, de forma tir\u00e1nica, decide qui\u00e9n puede gozar o no de vida y libertad en El Salvador\u00bb. \u00abEl tratamiento que est\u00e1n recibiendo los venezolanos en Estados Unidos y El Salvador constituye una grave violaci\u00f3n del derecho internacional de los derechos humanos y constituye un crimen de lesa humanidad que imita las repugnantes pr\u00e1cticas nazis de mitad del siglo XX\u00bb, expres\u00f3. Por este motivo, anunci\u00f3 el env\u00edo de comunicaciones tanto a la Fiscal\u00eda General como a la Corte Suprema de Justicia (CSJ) salvadore\u00f1as en las que solicita informaci\u00f3n sobre \u00abqu\u00e9 delitos han cometido estos ciudadanos\u00bb en el pa\u00eds centroamericano, en \u00abqu\u00e9 momento se les present\u00f3 ante un juez, si han tenido acceso a un abogado y si se les ha permitido comunicarse con alguien desde el momento de su detenci\u00f3n\u00bb. Fuente: Primicias<\/p>\n","protected":false},"author":1,"featured_media":22873,"comment_status":"open","ping_status":"open","sticky":false,"template":"","format":"standard","meta":{"footnotes":""},"categories":[5],"tags":[],"class_list":["post-22872","post","type-post","status-publish","format-standard","has-post-thumbnail","hentry","category-internacionales"],"_links":{"self":[{"href":"https:\/\/www.elamazonico.com\/portal\/wp-json\/wp\/v2\/posts\/22872","targetHints":{"allow":["GET"]}}],"collection":[{"href":"https:\/\/www.elamazonico.com\/portal\/wp-json\/wp\/v2\/posts"}],"about":[{"href":"https:\/\/www.elamazonico.com\/portal\/wp-json\/wp\/v2\/types\/post"}],"author":[{"embeddable":true,"href":"https:\/\/www.elamazonico.com\/portal\/wp-json\/wp\/v2\/users\/1"}],"replies":[{"embeddable":true,"href":"https:\/\/www.elamazonico.com\/portal\/wp-json\/wp\/v2\/comments?post=22872"}],"version-history":[{"count":1,"href":"https:\/\/www.elamazonico.com\/portal\/wp-json\/wp\/v2\/posts\/22872\/revisions"}],"predecessor-version":[{"id":22874,"href":"https:\/\/www.elamazonico.com\/portal\/wp-json\/wp\/v2\/posts\/22872\/revisions\/22874"}],"wp:featuredmedia":[{"embeddable":true,"href":"https:\/\/www.elamazonico.com\/portal\/wp-json\/wp\/v2\/media\/22873"}],"wp:attachment":[{"href":"https:\/\/www.elamazonico.com\/portal\/wp-json\/wp\/v2\/media?parent=22872"}],"wp:term":[{"taxonomy":"category","embeddable":true,"href":"https:\/\/www.elamazonico.com\/portal\/wp-json\/wp\/v2\/categories?post=22872"},{"taxonomy":"post_tag","embeddable":true,"href":"https:\/\/www.elamazonico.com\/portal\/wp-json\/wp\/v2\/tags?post=22872"}],"curies":[{"name":"wp","href":"https:\/\/api.w.org\/{rel}","templated":true}]}}