{"id":22708,"date":"2025-04-10T12:22:02","date_gmt":"2025-04-10T17:22:02","guid":{"rendered":"https:\/\/www.elamazonico.com\/portal\/?p=22708"},"modified":"2025-04-10T12:22:02","modified_gmt":"2025-04-10T17:22:02","slug":"paulo-ortega-exhorta-a-una-decision-consciente-y-comprometida-con-la-estabilidad-del-pais","status":"publish","type":"post","link":"https:\/\/www.elamazonico.com\/portal\/paulo-ortega-exhorta-a-una-decision-consciente-y-comprometida-con-la-estabilidad-del-pais\/","title":{"rendered":"Paulo Ortega exhorta a una decisi\u00f3n consciente y comprometida con la estabilidad del pa\u00eds"},"content":{"rendered":"<p>En el espacio de entrevistas del Diario El Amaz\u00f3nico, se cont\u00f3 con la participaci\u00f3n de Paulo Ortega, reconocido l\u00edder pol\u00edtico de la provincia de Zamora Chinchipe, quien se refiri\u00f3 con firmeza y claridad a la coyuntura pol\u00edtica actual del Ecuador, haciendo un llamado al electorado a ejercer su voto con responsabilidad, an\u00e1lisis y compromiso con el futuro del pa\u00eds.<\/p>\n<p>Durante la entrevista, Ortega inici\u00f3 con un efusivo saludo a su querida provincia, y recalc\u00f3 que este es un momento determinante para la historia democr\u00e1tica del pa\u00eds, en el que los ciudadanos deben optar por la opci\u00f3n que represente no solo los intereses de una localidad o de un grupo pol\u00edtico, sino el bienestar colectivo del Ecuador. \u201cEs una \u00e9poca dif\u00edcil para tomar una decisi\u00f3n adecuada, pero debemos ser elocuentes y justos con la realidad del pa\u00eds\u201d, expres\u00f3.<\/p>\n<p>El entrevistado analiz\u00f3 el escenario electoral actual, se\u00f1alando que la indecisi\u00f3n ciudadana es evidente en distintos sectores, especialmente entre quienes optaron por el voto nulo o se abstuvieron en la primera vuelta electoral. Ortega recalc\u00f3 que estos d\u00edas previa a las elecciones son cruciales para que dichos votantes definan su postura en base a la b\u00fasqueda de estabilidad y soluciones reales.<\/p>\n<p>Asimismo, el l\u00edder pol\u00edtico fue enf\u00e1tico al expresar su posici\u00f3n ideol\u00f3gica, declarando su afinidad con los principios de la izquierda ecuatoriana. En este marco, salud\u00f3 la definici\u00f3n pol\u00edtica clara por parte de l\u00edderes como Leonidas Iza, dirigente del movimiento ind\u00edgena, y expres\u00f3 que \u201clos actores pol\u00edticos que nos identificamos con la izquierda debemos ser frontales y coherentes. No vamos a apoyar a la derecha\u201d. Agreg\u00f3 que \u201cla soluci\u00f3n, bien llevada, ha estado hist\u00f3ricamente en los gobiernos progresistas, que dejaron obras, servicios y respuestas a los sectores hist\u00f3ricamente excluidos\u201d.<\/p>\n<p>Uno de los puntos centrales de su intervenci\u00f3n fue la referencia al Cuarto Eje Vial, obra emblem\u00e1tica para el desarrollo del sur de la provincia. Ortega rememor\u00f3 las dificultades vividas por los habitantes del sur de Zamora Chinchipe antes de su construcci\u00f3n, cuando las v\u00edas eran intransitables durante la \u00e9poca lluviosa, dificultando la movilidad, la educaci\u00f3n y el comercio. Destac\u00f3 que esta megaobra fue posible gracias a una decisi\u00f3n pol\u00edtica firme durante el gobierno de Rafael Correa, y lament\u00f3 que su continuidad haya sido postergada por decisiones burocr\u00e1ticas, criterios discriminatorios por parte de funcionarios de niveles medios, y la falta de voluntad en gobiernos posteriores.<\/p>\n<p>\u201cLos que caminamos esa v\u00eda, los que vivimos la historia, sabemos lo que signific\u00f3 poder avanzar en el Cuarto Eje Vial. Antes, llegar a Zumba era una traves\u00eda de d\u00edas. Hoy, aunque falte por completar, tenemos una realidad diferente\u201d, relat\u00f3 Ortega, visiblemente conmovido por las experiencias vividas en su juventud y como emprendedor.<\/p>\n<p>En la parte final de su intervenci\u00f3n, el pol\u00edtico expres\u00f3 su escepticismo respecto a nuevos anuncios sobre la continuaci\u00f3n de esta obra, se\u00f1alando que, sin contratos firmados ni respaldo presupuestario real, los ofrecimientos no dejan de ser promesas vac\u00edas. Record\u00f3 que ya en gobiernos anteriores, como el de Lucio Guti\u00e9rrez, se desviaron fondos destinados a esta obra, pese a existir financiamiento del Fondo Binacional.<\/p>\n<p>Finalmente, Ortega hizo un llamado a los ciudadanos a ejercer su derecho al voto de manera informada y coherente, alejados de la indiferencia o la manipulaci\u00f3n. \u201cNo podemos ser invisibles ante la realidad. Es momento de actuar con conciencia hist\u00f3rica y pol\u00edtica\u201d, concluy\u00f3.<\/p>\n","protected":false},"excerpt":{"rendered":"<p>En el espacio de entrevistas del Diario El Amaz\u00f3nico, se cont\u00f3 con la participaci\u00f3n de Paulo Ortega, reconocido l\u00edder pol\u00edtico de la provincia de Zamora Chinchipe, quien se refiri\u00f3 con firmeza y claridad a la coyuntura pol\u00edtica actual del Ecuador, haciendo un llamado al electorado a ejercer su voto con responsabilidad, an\u00e1lisis y compromiso con el futuro del pa\u00eds. Durante la entrevista, Ortega inici\u00f3 con un efusivo saludo a su querida provincia, y recalc\u00f3 que este es un momento determinante para la historia democr\u00e1tica del pa\u00eds, en el que los ciudadanos deben optar por la opci\u00f3n que represente no solo los intereses de una localidad o de un grupo pol\u00edtico, sino el bienestar colectivo del Ecuador. \u201cEs una \u00e9poca dif\u00edcil para tomar una decisi\u00f3n adecuada, pero debemos ser elocuentes y justos con la realidad del pa\u00eds\u201d, expres\u00f3. El entrevistado analiz\u00f3 el escenario electoral actual, se\u00f1alando que la indecisi\u00f3n ciudadana es evidente en distintos sectores, especialmente entre quienes optaron por el voto nulo o se abstuvieron en la primera vuelta electoral. Ortega recalc\u00f3 que estos d\u00edas previa a las elecciones son cruciales para que dichos votantes definan su postura en base a la b\u00fasqueda de estabilidad y soluciones reales. Asimismo, el l\u00edder pol\u00edtico fue enf\u00e1tico al expresar su posici\u00f3n ideol\u00f3gica, declarando su afinidad con los principios de la izquierda ecuatoriana. En este marco, salud\u00f3 la definici\u00f3n pol\u00edtica clara por parte de l\u00edderes como Leonidas Iza, dirigente del movimiento ind\u00edgena, y expres\u00f3 que \u201clos actores pol\u00edticos que nos identificamos con la izquierda debemos ser frontales y coherentes. No vamos a apoyar a la derecha\u201d. Agreg\u00f3 que \u201cla soluci\u00f3n, bien llevada, ha estado hist\u00f3ricamente en los gobiernos progresistas, que dejaron obras, servicios y respuestas a los sectores hist\u00f3ricamente excluidos\u201d. Uno de los puntos centrales de su intervenci\u00f3n fue la referencia al Cuarto Eje Vial, obra emblem\u00e1tica para el desarrollo del sur de la provincia. Ortega rememor\u00f3 las dificultades vividas por los habitantes del sur de Zamora Chinchipe antes de su construcci\u00f3n, cuando las v\u00edas eran intransitables durante la \u00e9poca lluviosa, dificultando la movilidad, la educaci\u00f3n y el comercio. Destac\u00f3 que esta megaobra fue posible gracias a una decisi\u00f3n pol\u00edtica firme durante el gobierno de Rafael Correa, y lament\u00f3 que su continuidad haya sido postergada por decisiones burocr\u00e1ticas, criterios discriminatorios por parte de funcionarios de niveles medios, y la falta de voluntad en gobiernos posteriores. \u201cLos que caminamos esa v\u00eda, los que vivimos la historia, sabemos lo que signific\u00f3 poder avanzar en el Cuarto Eje Vial. Antes, llegar a Zumba era una traves\u00eda de d\u00edas. Hoy, aunque falte por completar, tenemos una realidad diferente\u201d, relat\u00f3 Ortega, visiblemente conmovido por las experiencias vividas en su juventud y como emprendedor. En la parte final de su intervenci\u00f3n, el pol\u00edtico expres\u00f3 su escepticismo respecto a nuevos anuncios sobre la continuaci\u00f3n de esta obra, se\u00f1alando que, sin contratos firmados ni respaldo presupuestario real, los ofrecimientos no dejan de ser promesas vac\u00edas. Record\u00f3 que ya en gobiernos anteriores, como el de Lucio Guti\u00e9rrez, se desviaron fondos destinados a esta obra, pese a existir financiamiento del Fondo Binacional. Finalmente, Ortega hizo un llamado a los ciudadanos a ejercer su derecho al voto de manera informada y coherente, alejados de la indiferencia o la manipulaci\u00f3n. \u201cNo podemos ser invisibles ante la realidad. Es momento de actuar con conciencia hist\u00f3rica y pol\u00edtica\u201d, concluy\u00f3.<\/p>\n","protected":false},"author":1,"featured_media":22712,"comment_status":"open","ping_status":"open","sticky":false,"template":"","format":"standard","meta":{"footnotes":""},"categories":[243],"tags":[],"class_list":["post-22708","post","type-post","status-publish","format-standard","has-post-thumbnail","hentry","category-noticias-zamora"],"_links":{"self":[{"href":"https:\/\/www.elamazonico.com\/portal\/wp-json\/wp\/v2\/posts\/22708","targetHints":{"allow":["GET"]}}],"collection":[{"href":"https:\/\/www.elamazonico.com\/portal\/wp-json\/wp\/v2\/posts"}],"about":[{"href":"https:\/\/www.elamazonico.com\/portal\/wp-json\/wp\/v2\/types\/post"}],"author":[{"embeddable":true,"href":"https:\/\/www.elamazonico.com\/portal\/wp-json\/wp\/v2\/users\/1"}],"replies":[{"embeddable":true,"href":"https:\/\/www.elamazonico.com\/portal\/wp-json\/wp\/v2\/comments?post=22708"}],"version-history":[{"count":1,"href":"https:\/\/www.elamazonico.com\/portal\/wp-json\/wp\/v2\/posts\/22708\/revisions"}],"predecessor-version":[{"id":22713,"href":"https:\/\/www.elamazonico.com\/portal\/wp-json\/wp\/v2\/posts\/22708\/revisions\/22713"}],"wp:featuredmedia":[{"embeddable":true,"href":"https:\/\/www.elamazonico.com\/portal\/wp-json\/wp\/v2\/media\/22712"}],"wp:attachment":[{"href":"https:\/\/www.elamazonico.com\/portal\/wp-json\/wp\/v2\/media?parent=22708"}],"wp:term":[{"taxonomy":"category","embeddable":true,"href":"https:\/\/www.elamazonico.com\/portal\/wp-json\/wp\/v2\/categories?post=22708"},{"taxonomy":"post_tag","embeddable":true,"href":"https:\/\/www.elamazonico.com\/portal\/wp-json\/wp\/v2\/tags?post=22708"}],"curies":[{"name":"wp","href":"https:\/\/api.w.org\/{rel}","templated":true}]}}