{"id":22704,"date":"2025-04-10T10:15:15","date_gmt":"2025-04-10T15:15:15","guid":{"rendered":"https:\/\/www.elamazonico.com\/portal\/?p=22704"},"modified":"2025-04-10T10:19:41","modified_gmt":"2025-04-10T15:19:41","slug":"trabajadores-del-gad-municipal-de-zamora-expresan-su-inconformidad-por-la-entrega-deficiente-de-prendas-de-proteccion","status":"publish","type":"post","link":"https:\/\/www.elamazonico.com\/portal\/trabajadores-del-gad-municipal-de-zamora-expresan-su-inconformidad-por-la-entrega-deficiente-de-prendas-de-proteccion\/","title":{"rendered":"\u201cGAD Municipal de Zamora bajo fuego: entrega de implementos vencidos desata protesta de trabajadores y cuestionamientos a la gesti\u00f3n del Alcalde\u201d"},"content":{"rendered":"<p>En horas de la ma\u00f1ana de este mi\u00e9rcoles, un grupo de trabajadores del Gobierno Aut\u00f3nomo Descentralizado (GAD) Municipal de Zamora, encabezados por representantes del \u00e1rea de Servicio Municipal de, Estacionamiento y Tarifado de Zamora (SMET), manifestaron p\u00fablicamente su descontento ante la entrega de prendas de protecci\u00f3n personal realizada el d\u00eda anterior por parte de la instituci\u00f3n.<\/p>\n<p>Las declaraciones recogidas evidencian no solo una insatisfacci\u00f3n generalizada respecto a la calidad de los insumos entregados, sino tambi\u00e9n una preocupaci\u00f3n leg\u00edtima por el cumplimiento de las obligaciones laborales establecidas por la normativa ecuatoriana.<\/p>\n<p><strong>Entrega tard\u00eda y calidad deficiente<\/strong><br \/>\nSeg\u00fan inform\u00f3 el trabajador Estal\u00edn Cuenca, vocero espont\u00e1neo de este grupo de colaboradores, la entrega se llev\u00f3 a cabo el mi\u00e9rcoles 9 de abril a las 14:00 horas en el canch\u00f3n municipal. En su testimonio, Cuenca indic\u00f3 que las prendas distribuidas \u2014entre las que se incluyen pantalones, chalecos, camisas, buzos y calzado\u2014 no cumplen con los est\u00e1ndares m\u00ednimos de calidad ni con las caracter\u00edsticas adecuadas para las labores que desempe\u00f1an diariamente los funcionarios municipales en las calles de la ciudad.<\/p>\n<p>\u201cNos han dado un pantal\u00f3n, un chaleco, un buzo, un par de zapatos y unas camisas. Le invito a usted, se\u00f1or periodista, que toque ese calzado: es punta de acerada, no es funcional para nuestro trabajo en calle\u201d, expres\u00f3 Cuenca. Adem\u00e1s, critic\u00f3 que las tallas fueron asignadas sin consideraci\u00f3n del f\u00edsico de los trabajadores, lo que ha derivado en casos donde las prendas no se ajustan adecuadamente a los usuarios, incluso impidiendo su uso en jornadas laborales.<\/p>\n<p><strong>Incumplimiento normativo<\/strong><br \/>\nEl trabajador subray\u00f3 que esta entrega no corresponde a la dotaci\u00f3n de 2025, sino que se trata de una deuda acumulada desde el a\u00f1o 2023.<\/p>\n<p>De acuerdo con la legislaci\u00f3n laboral vigente en Ecuador, las instituciones p\u00fablicas deben entregar dotaciones de prendas de protecci\u00f3n a sus trabajadores cada a\u00f1o, en el mes de febrero, tal como lo estipula el C\u00f3digo de Trabajo y las normativas de seguridad laboral.<\/p>\n<p><strong>\u201cLa ley es clara:<\/strong> cada febrero deben entregarnos nuestras prendas de protecci\u00f3n. No solo es un tema de derechos laborales, es una cuesti\u00f3n de dignidad y seguridad.\u201d<\/p>\n<p>Asimismo, Cuenca enfatiz\u00f3 que esta no es una demanda aislada del \u00e1rea de SMET. La inconformidad se extiende tambi\u00e9n a otras dependencias, como la Unidad de Control Interno (UCI) y al cuerpo de Polic\u00eda Municipal. Seg\u00fan explic\u00f3, muchos trabajadores de estas unidades tambi\u00e9n han expresado su malestar por la baja calidad de los implementos y la falta de condiciones apropiadas para desempe\u00f1ar sus funciones.<\/p>\n<p><strong>Reacciones institucionales y pr\u00f3ximas acciones<\/strong><br \/>\nSeg\u00fan lo manifestado por Cuenca, algunos concejales del cant\u00f3n se han mostrado comprensivos ante la situaci\u00f3n y han reconocido la validez de los reclamos. No obstante, hasta el momento no se ha emitido un pronunciamiento oficial por parte del Alcalde o de los responsables del \u00e1rea de Talento Humano o de Seguridad y Salud Ocupacional.<\/p>\n<p>Como medida inmediata, los trabajadores han anunciado que proceder\u00e1n a la devoluci\u00f3n formal de las prendas a trav\u00e9s de un oficio dirigido a las autoridades municipales. El argumento central es que no pueden aceptar insumos que no cumplen con los requisitos t\u00e9cnicos para su utilizaci\u00f3n ni les brindan protecci\u00f3n real en su entorno de trabajo.<\/p>\n<p>\u201c\u00bfDe qu\u00e9 nos sirve llevar a casa prendas que no podemos usar, que no nos protegen y que no dignifican nuestro trabajo?\u201d, cuestion\u00f3 Cuenca.<\/p>\n<p><strong>Llamado a las autoridades<\/strong><br \/>\nFinalmente, los trabajadores hicieron un llamado al se\u00f1or Alcalde del cant\u00f3n Zamora y a las autoridades correspondientes para que se tomen correctivos inmediatos y se garantice el respeto a los derechos laborales de quienes, d\u00eda a d\u00eda, cumplen funciones esenciales para el mantenimiento, control y orden de la ciudad.<\/p>\n<p>\u201cPedimos que se nos dote de implementos adecuados, conforme lo dicta la ley y lo exige el respeto m\u00ednimo a nuestra labor. No estamos pidiendo favores, estamos exigiendo lo que nos corresponde\u201d, concluy\u00f3 Cuenca.<\/p>\n<p>La ciudadan\u00eda zamorana espera una pronta respuesta por parte del GAD Municipal y una soluci\u00f3n que permita a los trabajadores desempe\u00f1ar sus funciones con seguridad, dignidad y equipamiento adecuado.<\/p>\n","protected":false},"excerpt":{"rendered":"<p>En horas de la ma\u00f1ana de este mi\u00e9rcoles, un grupo de trabajadores del Gobierno Aut\u00f3nomo Descentralizado (GAD) Municipal de Zamora, encabezados por representantes del \u00e1rea de Servicio Municipal de, Estacionamiento y Tarifado de Zamora (SMET), manifestaron p\u00fablicamente su descontento ante la entrega de prendas de protecci\u00f3n personal realizada el d\u00eda anterior por parte de la instituci\u00f3n. Las declaraciones recogidas evidencian no solo una insatisfacci\u00f3n generalizada respecto a la calidad de los insumos entregados, sino tambi\u00e9n una preocupaci\u00f3n leg\u00edtima por el cumplimiento de las obligaciones laborales establecidas por la normativa ecuatoriana. Entrega tard\u00eda y calidad deficiente Seg\u00fan inform\u00f3 el trabajador Estal\u00edn Cuenca, vocero espont\u00e1neo de este grupo de colaboradores, la entrega se llev\u00f3 a cabo el mi\u00e9rcoles 9 de abril a las 14:00 horas en el canch\u00f3n municipal. En su testimonio, Cuenca indic\u00f3 que las prendas distribuidas \u2014entre las que se incluyen pantalones, chalecos, camisas, buzos y calzado\u2014 no cumplen con los est\u00e1ndares m\u00ednimos de calidad ni con las caracter\u00edsticas adecuadas para las labores que desempe\u00f1an diariamente los funcionarios municipales en las calles de la ciudad. \u201cNos han dado un pantal\u00f3n, un chaleco, un buzo, un par de zapatos y unas camisas. Le invito a usted, se\u00f1or periodista, que toque ese calzado: es punta de acerada, no es funcional para nuestro trabajo en calle\u201d, expres\u00f3 Cuenca. Adem\u00e1s, critic\u00f3 que las tallas fueron asignadas sin consideraci\u00f3n del f\u00edsico de los trabajadores, lo que ha derivado en casos donde las prendas no se ajustan adecuadamente a los usuarios, incluso impidiendo su uso en jornadas laborales. Incumplimiento normativo El trabajador subray\u00f3 que esta entrega no corresponde a la dotaci\u00f3n de 2025, sino que se trata de una deuda acumulada desde el a\u00f1o 2023. De acuerdo con la legislaci\u00f3n laboral vigente en Ecuador, las instituciones p\u00fablicas deben entregar dotaciones de prendas de protecci\u00f3n a sus trabajadores cada a\u00f1o, en el mes de febrero, tal como lo estipula el C\u00f3digo de Trabajo y las normativas de seguridad laboral. \u201cLa ley es clara: cada febrero deben entregarnos nuestras prendas de protecci\u00f3n. No solo es un tema de derechos laborales, es una cuesti\u00f3n de dignidad y seguridad.\u201d Asimismo, Cuenca enfatiz\u00f3 que esta no es una demanda aislada del \u00e1rea de SMET. La inconformidad se extiende tambi\u00e9n a otras dependencias, como la Unidad de Control Interno (UCI) y al cuerpo de Polic\u00eda Municipal. Seg\u00fan explic\u00f3, muchos trabajadores de estas unidades tambi\u00e9n han expresado su malestar por la baja calidad de los implementos y la falta de condiciones apropiadas para desempe\u00f1ar sus funciones. Reacciones institucionales y pr\u00f3ximas acciones Seg\u00fan lo manifestado por Cuenca, algunos concejales del cant\u00f3n se han mostrado comprensivos ante la situaci\u00f3n y han reconocido la validez de los reclamos. No obstante, hasta el momento no se ha emitido un pronunciamiento oficial por parte del Alcalde o de los responsables del \u00e1rea de Talento Humano o de Seguridad y Salud Ocupacional. Como medida inmediata, los trabajadores han anunciado que proceder\u00e1n a la devoluci\u00f3n formal de las prendas a trav\u00e9s de un oficio dirigido a las autoridades municipales. El argumento central es que no pueden aceptar insumos que no cumplen con los requisitos t\u00e9cnicos para su utilizaci\u00f3n ni les brindan protecci\u00f3n real en su entorno de trabajo. \u201c\u00bfDe qu\u00e9 nos sirve llevar a casa prendas que no podemos usar, que no nos protegen y que no dignifican nuestro trabajo?\u201d, cuestion\u00f3 Cuenca. Llamado a las autoridades Finalmente, los trabajadores hicieron un llamado al se\u00f1or Alcalde del cant\u00f3n Zamora y a las autoridades correspondientes para que se tomen correctivos inmediatos y se garantice el respeto a los derechos laborales de quienes, d\u00eda a d\u00eda, cumplen funciones esenciales para el mantenimiento, control y orden de la ciudad. \u201cPedimos que se nos dote de implementos adecuados, conforme lo dicta la ley y lo exige el respeto m\u00ednimo a nuestra labor. No estamos pidiendo favores, estamos exigiendo lo que nos corresponde\u201d, concluy\u00f3 Cuenca. La ciudadan\u00eda zamorana espera una pronta respuesta por parte del GAD Municipal y una soluci\u00f3n que permita a los trabajadores desempe\u00f1ar sus funciones con seguridad, dignidad y equipamiento adecuado.<\/p>\n","protected":false},"author":1,"featured_media":22705,"comment_status":"open","ping_status":"open","sticky":false,"template":"","format":"standard","meta":{"footnotes":""},"categories":[243],"tags":[],"class_list":["post-22704","post","type-post","status-publish","format-standard","has-post-thumbnail","hentry","category-noticias-zamora"],"_links":{"self":[{"href":"https:\/\/www.elamazonico.com\/portal\/wp-json\/wp\/v2\/posts\/22704","targetHints":{"allow":["GET"]}}],"collection":[{"href":"https:\/\/www.elamazonico.com\/portal\/wp-json\/wp\/v2\/posts"}],"about":[{"href":"https:\/\/www.elamazonico.com\/portal\/wp-json\/wp\/v2\/types\/post"}],"author":[{"embeddable":true,"href":"https:\/\/www.elamazonico.com\/portal\/wp-json\/wp\/v2\/users\/1"}],"replies":[{"embeddable":true,"href":"https:\/\/www.elamazonico.com\/portal\/wp-json\/wp\/v2\/comments?post=22704"}],"version-history":[{"count":2,"href":"https:\/\/www.elamazonico.com\/portal\/wp-json\/wp\/v2\/posts\/22704\/revisions"}],"predecessor-version":[{"id":22707,"href":"https:\/\/www.elamazonico.com\/portal\/wp-json\/wp\/v2\/posts\/22704\/revisions\/22707"}],"wp:featuredmedia":[{"embeddable":true,"href":"https:\/\/www.elamazonico.com\/portal\/wp-json\/wp\/v2\/media\/22705"}],"wp:attachment":[{"href":"https:\/\/www.elamazonico.com\/portal\/wp-json\/wp\/v2\/media?parent=22704"}],"wp:term":[{"taxonomy":"category","embeddable":true,"href":"https:\/\/www.elamazonico.com\/portal\/wp-json\/wp\/v2\/categories?post=22704"},{"taxonomy":"post_tag","embeddable":true,"href":"https:\/\/www.elamazonico.com\/portal\/wp-json\/wp\/v2\/tags?post=22704"}],"curies":[{"name":"wp","href":"https:\/\/api.w.org\/{rel}","templated":true}]}}