{"id":22671,"date":"2025-04-09T04:05:00","date_gmt":"2025-04-09T09:05:00","guid":{"rendered":"https:\/\/www.elamazonico.com\/portal\/?p=22671"},"modified":"2025-04-08T20:04:39","modified_gmt":"2025-04-09T01:04:39","slug":"franz-regalado-la-contraloria-determinara-si-hubo-o-no-irregularidades-en-el-aumento-presupuestario-del-mercado-municipal","status":"publish","type":"post","link":"https:\/\/www.elamazonico.com\/portal\/franz-regalado-la-contraloria-determinara-si-hubo-o-no-irregularidades-en-el-aumento-presupuestario-del-mercado-municipal\/","title":{"rendered":"Franz Regalado: \u201cLa Contralor\u00eda determinar\u00e1 si hubo o no irregularidades en el aumento presupuestario del mercado municipal\u201d"},"content":{"rendered":"<p>En una reciente entrevista concedida a Diario El Amaz\u00f3nico, el concejal del cant\u00f3n Zamora, Franz Regalado, ofreci\u00f3 un amplio an\u00e1lisis sobre la situaci\u00f3n actual de varias obras municipales, abordando temas de transparencia, planificaci\u00f3n presupuestaria y responsabilidad administrativa en torno a la ejecuci\u00f3n de proyectos de infraestructura impulsados por la administraci\u00f3n local.<\/p>\n<p>Regalado inici\u00f3 su intervenci\u00f3n destacando la corresponsabilidad que comparte junto al alcalde reelecto en la gesti\u00f3n p\u00fablica, enfatizando que \u00abno es cuesti\u00f3n de la noche a la ma\u00f1ana cambiar las cosas\u00bb, sino que los procesos est\u00e1n sujetos a planificaci\u00f3n, presupuestos y al trabajo t\u00e9cnico conjunto de los directores municipales. Afirm\u00f3 que su labor como concejal se ha enfocado en impulsar el desarrollo del cant\u00f3n, proyectando obras a futuro bajo criterios t\u00e9cnicos y de la mano la fiscalizaci\u00f3n.<\/p>\n<p>Respecto a los cuestionamientos planteados por la concejal Ximena Monta\u00f1o sobre supuestas irregularidades en la construcci\u00f3n del nuevo centro comercial municipal, el concejal reconoci\u00f3 la existencia de observaciones y fallas, principalmente en elementos como las gradas el\u00e9ctricas y sistemas de aire acondicionado en el patio de comidas. Sin embargo, aclar\u00f3 que esta obra fue contratada y ejecutada por la administraci\u00f3n anterior, y que la actual apenas lleg\u00f3 a inaugurar el edificio en mayo de 2023.<\/p>\n<p>\u201cS\u00ed hay fallas, pero no necesariamente t\u00e9cnicas; son de forma. Se est\u00e1n analizando con los t\u00e9cnicos municipales y estamos viendo c\u00f3mo se pueden subsanar sin generar un gasto innecesario al presupuesto municipal\u201d, indic\u00f3 Regalado.<\/p>\n<p>En cuanto al incremento del presupuesto de la obra, que pas\u00f3 de 1,6 a 4 millones de d\u00f3lares, el concejal explic\u00f3 que este se debi\u00f3 a una repotenciaci\u00f3n estructural del edificio, especialmente en columnas que no habr\u00edan soportado el peso actual del mercado. Agreg\u00f3 que la Contralor\u00eda General del Estado ya se encuentra realizando un examen especial y que ser\u00e1 esa entidad la que determine si hubo o no irregularidades en los costos y procedimientos contractuales.<\/p>\n<p>Sobre otras obras de servicios b\u00e1sicos que han sido observadas por la ciudadan\u00eda, Regalado confirm\u00f3 que existen problemas en plantas de tratamiento de aguas residuales en sectores como Progreso y Guaguayme Alto. Reconoci\u00f3 que dichas obras fueron entregadas pese a no estar operativas, situaci\u00f3n que ya ha sido documentada y reportada por \u00e9l y otros concejales. \u201cHay un tremendo error. No est\u00e1 funcionando. Estamos exigiendo al contratista los arreglos respectivos y ya se han enviado los informes al alcalde para que se tomen las acciones correspondientes\u201d, puntualiz\u00f3.<\/p>\n<p>El edil tambi\u00e9n respondi\u00f3 a cuestionamientos sobre el uso del presupuesto municipal, indicando que el presupuesto anual del Municipio de Zamora asciende a 13,3 millones de d\u00f3lares, de los cuales alrededor de 7,3 millones se destinan a gasto corriente. Los 6 millones restantes, sostuvo, est\u00e1n proyectados para inversi\u00f3n y ejecuci\u00f3n de obras, aunque reconoci\u00f3 que la ejecuci\u00f3n presupuestaria debe ser m\u00e1s eficiente y t\u00e9cnica, considerando las obligaciones financieras adquiridas por el cabildo.<\/p>\n<p>Finalmente, Regalado reafirm\u00f3 su compromiso con una gesti\u00f3n transparente y t\u00e9cnica, haciendo un llamado a la ciudadan\u00eda para que se informe de manera objetiva sobre los procesos municipales y conf\u00ede en el seguimiento que desde el Concejo Cantonal se est\u00e1 realizando para mejorar la administraci\u00f3n de los recursos p\u00fablicos.<\/p>\n<p>\u201cQueremos que cuando termine nuestra gesti\u00f3n, al menos el 60 o 70% de la ciudadan\u00eda se sienta satisfecha con el trabajo realizado. No es posible contentar al 100%, pero estamos aqu\u00ed para servir\u201d, concluy\u00f3.<\/p>\n","protected":false},"excerpt":{"rendered":"<p>En una reciente entrevista concedida a Diario El Amaz\u00f3nico, el concejal del cant\u00f3n Zamora, Franz Regalado, ofreci\u00f3 un amplio an\u00e1lisis sobre la situaci\u00f3n actual de varias obras municipales, abordando temas de transparencia, planificaci\u00f3n presupuestaria y responsabilidad administrativa en torno a la ejecuci\u00f3n de proyectos de infraestructura impulsados por la administraci\u00f3n local. Regalado inici\u00f3 su intervenci\u00f3n destacando la corresponsabilidad que comparte junto al alcalde reelecto en la gesti\u00f3n p\u00fablica, enfatizando que \u00abno es cuesti\u00f3n de la noche a la ma\u00f1ana cambiar las cosas\u00bb, sino que los procesos est\u00e1n sujetos a planificaci\u00f3n, presupuestos y al trabajo t\u00e9cnico conjunto de los directores municipales. Afirm\u00f3 que su labor como concejal se ha enfocado en impulsar el desarrollo del cant\u00f3n, proyectando obras a futuro bajo criterios t\u00e9cnicos y de la mano la fiscalizaci\u00f3n. Respecto a los cuestionamientos planteados por la concejal Ximena Monta\u00f1o sobre supuestas irregularidades en la construcci\u00f3n del nuevo centro comercial municipal, el concejal reconoci\u00f3 la existencia de observaciones y fallas, principalmente en elementos como las gradas el\u00e9ctricas y sistemas de aire acondicionado en el patio de comidas. Sin embargo, aclar\u00f3 que esta obra fue contratada y ejecutada por la administraci\u00f3n anterior, y que la actual apenas lleg\u00f3 a inaugurar el edificio en mayo de 2023. \u201cS\u00ed hay fallas, pero no necesariamente t\u00e9cnicas; son de forma. Se est\u00e1n analizando con los t\u00e9cnicos municipales y estamos viendo c\u00f3mo se pueden subsanar sin generar un gasto innecesario al presupuesto municipal\u201d, indic\u00f3 Regalado. En cuanto al incremento del presupuesto de la obra, que pas\u00f3 de 1,6 a 4 millones de d\u00f3lares, el concejal explic\u00f3 que este se debi\u00f3 a una repotenciaci\u00f3n estructural del edificio, especialmente en columnas que no habr\u00edan soportado el peso actual del mercado. Agreg\u00f3 que la Contralor\u00eda General del Estado ya se encuentra realizando un examen especial y que ser\u00e1 esa entidad la que determine si hubo o no irregularidades en los costos y procedimientos contractuales. Sobre otras obras de servicios b\u00e1sicos que han sido observadas por la ciudadan\u00eda, Regalado confirm\u00f3 que existen problemas en plantas de tratamiento de aguas residuales en sectores como Progreso y Guaguayme Alto. Reconoci\u00f3 que dichas obras fueron entregadas pese a no estar operativas, situaci\u00f3n que ya ha sido documentada y reportada por \u00e9l y otros concejales. \u201cHay un tremendo error. No est\u00e1 funcionando. Estamos exigiendo al contratista los arreglos respectivos y ya se han enviado los informes al alcalde para que se tomen las acciones correspondientes\u201d, puntualiz\u00f3. El edil tambi\u00e9n respondi\u00f3 a cuestionamientos sobre el uso del presupuesto municipal, indicando que el presupuesto anual del Municipio de Zamora asciende a 13,3 millones de d\u00f3lares, de los cuales alrededor de 7,3 millones se destinan a gasto corriente. Los 6 millones restantes, sostuvo, est\u00e1n proyectados para inversi\u00f3n y ejecuci\u00f3n de obras, aunque reconoci\u00f3 que la ejecuci\u00f3n presupuestaria debe ser m\u00e1s eficiente y t\u00e9cnica, considerando las obligaciones financieras adquiridas por el cabildo. Finalmente, Regalado reafirm\u00f3 su compromiso con una gesti\u00f3n transparente y t\u00e9cnica, haciendo un llamado a la ciudadan\u00eda para que se informe de manera objetiva sobre los procesos municipales y conf\u00ede en el seguimiento que desde el Concejo Cantonal se est\u00e1 realizando para mejorar la administraci\u00f3n de los recursos p\u00fablicos. \u201cQueremos que cuando termine nuestra gesti\u00f3n, al menos el 60 o 70% de la ciudadan\u00eda se sienta satisfecha con el trabajo realizado. No es posible contentar al 100%, pero estamos aqu\u00ed para servir\u201d, concluy\u00f3.<\/p>\n","protected":false},"author":1,"featured_media":22672,"comment_status":"open","ping_status":"open","sticky":false,"template":"","format":"standard","meta":{"footnotes":""},"categories":[243],"tags":[],"class_list":["post-22671","post","type-post","status-publish","format-standard","has-post-thumbnail","hentry","category-noticias-zamora"],"_links":{"self":[{"href":"https:\/\/www.elamazonico.com\/portal\/wp-json\/wp\/v2\/posts\/22671","targetHints":{"allow":["GET"]}}],"collection":[{"href":"https:\/\/www.elamazonico.com\/portal\/wp-json\/wp\/v2\/posts"}],"about":[{"href":"https:\/\/www.elamazonico.com\/portal\/wp-json\/wp\/v2\/types\/post"}],"author":[{"embeddable":true,"href":"https:\/\/www.elamazonico.com\/portal\/wp-json\/wp\/v2\/users\/1"}],"replies":[{"embeddable":true,"href":"https:\/\/www.elamazonico.com\/portal\/wp-json\/wp\/v2\/comments?post=22671"}],"version-history":[{"count":1,"href":"https:\/\/www.elamazonico.com\/portal\/wp-json\/wp\/v2\/posts\/22671\/revisions"}],"predecessor-version":[{"id":22673,"href":"https:\/\/www.elamazonico.com\/portal\/wp-json\/wp\/v2\/posts\/22671\/revisions\/22673"}],"wp:featuredmedia":[{"embeddable":true,"href":"https:\/\/www.elamazonico.com\/portal\/wp-json\/wp\/v2\/media\/22672"}],"wp:attachment":[{"href":"https:\/\/www.elamazonico.com\/portal\/wp-json\/wp\/v2\/media?parent=22671"}],"wp:term":[{"taxonomy":"category","embeddable":true,"href":"https:\/\/www.elamazonico.com\/portal\/wp-json\/wp\/v2\/categories?post=22671"},{"taxonomy":"post_tag","embeddable":true,"href":"https:\/\/www.elamazonico.com\/portal\/wp-json\/wp\/v2\/tags?post=22671"}],"curies":[{"name":"wp","href":"https:\/\/api.w.org\/{rel}","templated":true}]}}