{"id":22668,"date":"2025-04-08T15:58:55","date_gmt":"2025-04-08T20:58:55","guid":{"rendered":"https:\/\/www.elamazonico.com\/portal\/?p=22668"},"modified":"2025-04-08T15:58:55","modified_gmt":"2025-04-08T20:58:55","slug":"13-de-abril","status":"publish","type":"post","link":"https:\/\/www.elamazonico.com\/portal\/13-de-abril\/","title":{"rendered":"13 de abril"},"content":{"rendered":"<div class=\"story-author border-top border-dark pt-2 mb-2\"><a href=\"https:\/\/www.eltelegrafo.com.ec\/musica\/autor\/15\/rosalia-arteaga-serrano\" rel=\"author\"><strong>Rosal\u00eda Arteaga Serrano\u00a0<\/strong><\/a>\/ <span class=\"story-publishup text-uppercase\">08 de abril de 2025<\/span><\/div>\n<div><\/div>\n<div>\n<p>Hay n\u00fameros que nos traen reminiscencias, el del 13 de abril, por ejemplo, nos trae los recuerdos de la celebraci\u00f3n del d\u00eda del maestro en el Ecuador, que es diferente a las fechas de celebraci\u00f3n de otros pa\u00edses, pero que exalta la memoria de ilustres ecuatorianos que ejercieron la docencia, que se destacaron como profesores. Por lo tanto, es una fecha que no puede pasar desapercibida en el calendario nacional, ni perder importancia frente a otras celebraciones. Hay que recordar a los maestros, reiterar la nobleza de esta profesi\u00f3n y relievar el trabajo que hacen en la conducci\u00f3n de los ni\u00f1os y j\u00f3venes.<\/p>\n<p>El d\u00eda del maestro ecuatoriano se celebra en escuelas y colegios, en gremios y en diferentes sectores que quieren reconocer una tarea fundamental para el desarrollo de las personas, las sociedades y los pa\u00edses.<\/p>\n<p>Pero tambi\u00e9n hay otra celebraci\u00f3n que tiene que ver con el calendario cristiano, y es la recordaci\u00f3n del Domingo de Ramos, tan importante para la tradici\u00f3n cat\u00f3lica, que rememora la entrada de Jes\u00fas en Jerusal\u00e9n, durante la fiesta de Pascua, cuando las multitudes lo aclaman y tambi\u00e9n el inicio de la Semana Santa, considerada la Semana Mayor de la Iglesia.<\/p>\n<p>Al ser inicio de la Semana Santa, anuncia el sacrificio por la humanidad del Hijo de Dios, hecho Hombre. Por lo tanto, tiene una serie de connotaciones que hablan de la fe y de la doctrina, as\u00ed como de la redenci\u00f3n.<\/p>\n<p>Pero para los ecuatorianos, en estos d\u00edas, significa tambi\u00e9n la obligaci\u00f3n c\u00edvica de participar en un proceso electoral muy importante para el pa\u00eds. Esta segunda vuelta electoral marca definiciones claves para el devenir de la naci\u00f3n, que se debate entre la vuelta a una d\u00e9cada que muchos consideramos perdida, con enormes visos de autoritarismo, despilfarro de los dineros p\u00fablicos y de corrupci\u00f3n, frente a la esperanza que un gobierno que quiere luchar contra la violencia y la corrupci\u00f3n ofrece.<\/p>\n<p>Son propuestas divergentes que hablan de estilos de gobierno, pero que tambi\u00e9n ponen de relieve el futuro que escoger\u00e1 el Ecuador, sumergido en una de las m\u00e1s profundas crisis que recoge la historia y de la que debe salir por la decisi\u00f3n de sus propios habitantes a trav\u00e9s de su expresi\u00f3n soberana y sin presiones en las urnas y con el trabajo que cada uno de nosotros debe aportar. <strong>Fuente: El Tel\u00e9grafo<\/strong><\/p>\n<\/div>\n","protected":false},"excerpt":{"rendered":"<p>Rosal\u00eda Arteaga Serrano\u00a0\/ 08 de abril de 2025 Hay n\u00fameros que nos traen reminiscencias, el del 13 de abril, por ejemplo, nos trae los recuerdos de la celebraci\u00f3n del d\u00eda del maestro en el Ecuador, que es diferente a las fechas de celebraci\u00f3n de otros pa\u00edses, pero que exalta la memoria de ilustres ecuatorianos que ejercieron la docencia, que se destacaron como profesores. Por lo tanto, es una fecha que no puede pasar desapercibida en el calendario nacional, ni perder importancia frente a otras celebraciones. Hay que recordar a los maestros, reiterar la nobleza de esta profesi\u00f3n y relievar el trabajo que hacen en la conducci\u00f3n de los ni\u00f1os y j\u00f3venes. El d\u00eda del maestro ecuatoriano se celebra en escuelas y colegios, en gremios y en diferentes sectores que quieren reconocer una tarea fundamental para el desarrollo de las personas, las sociedades y los pa\u00edses. Pero tambi\u00e9n hay otra celebraci\u00f3n que tiene que ver con el calendario cristiano, y es la recordaci\u00f3n del Domingo de Ramos, tan importante para la tradici\u00f3n cat\u00f3lica, que rememora la entrada de Jes\u00fas en Jerusal\u00e9n, durante la fiesta de Pascua, cuando las multitudes lo aclaman y tambi\u00e9n el inicio de la Semana Santa, considerada la Semana Mayor de la Iglesia. Al ser inicio de la Semana Santa, anuncia el sacrificio por la humanidad del Hijo de Dios, hecho Hombre. Por lo tanto, tiene una serie de connotaciones que hablan de la fe y de la doctrina, as\u00ed como de la redenci\u00f3n. Pero para los ecuatorianos, en estos d\u00edas, significa tambi\u00e9n la obligaci\u00f3n c\u00edvica de participar en un proceso electoral muy importante para el pa\u00eds. Esta segunda vuelta electoral marca definiciones claves para el devenir de la naci\u00f3n, que se debate entre la vuelta a una d\u00e9cada que muchos consideramos perdida, con enormes visos de autoritarismo, despilfarro de los dineros p\u00fablicos y de corrupci\u00f3n, frente a la esperanza que un gobierno que quiere luchar contra la violencia y la corrupci\u00f3n ofrece. Son propuestas divergentes que hablan de estilos de gobierno, pero que tambi\u00e9n ponen de relieve el futuro que escoger\u00e1 el Ecuador, sumergido en una de las m\u00e1s profundas crisis que recoge la historia y de la que debe salir por la decisi\u00f3n de sus propios habitantes a trav\u00e9s de su expresi\u00f3n soberana y sin presiones en las urnas y con el trabajo que cada uno de nosotros debe aportar. Fuente: El Tel\u00e9grafo<\/p>\n","protected":false},"author":1,"featured_media":22669,"comment_status":"open","ping_status":"open","sticky":false,"template":"","format":"standard","meta":{"footnotes":""},"categories":[7],"tags":[],"class_list":["post-22668","post","type-post","status-publish","format-standard","has-post-thumbnail","hentry","category-opinion"],"_links":{"self":[{"href":"https:\/\/www.elamazonico.com\/portal\/wp-json\/wp\/v2\/posts\/22668","targetHints":{"allow":["GET"]}}],"collection":[{"href":"https:\/\/www.elamazonico.com\/portal\/wp-json\/wp\/v2\/posts"}],"about":[{"href":"https:\/\/www.elamazonico.com\/portal\/wp-json\/wp\/v2\/types\/post"}],"author":[{"embeddable":true,"href":"https:\/\/www.elamazonico.com\/portal\/wp-json\/wp\/v2\/users\/1"}],"replies":[{"embeddable":true,"href":"https:\/\/www.elamazonico.com\/portal\/wp-json\/wp\/v2\/comments?post=22668"}],"version-history":[{"count":1,"href":"https:\/\/www.elamazonico.com\/portal\/wp-json\/wp\/v2\/posts\/22668\/revisions"}],"predecessor-version":[{"id":22670,"href":"https:\/\/www.elamazonico.com\/portal\/wp-json\/wp\/v2\/posts\/22668\/revisions\/22670"}],"wp:featuredmedia":[{"embeddable":true,"href":"https:\/\/www.elamazonico.com\/portal\/wp-json\/wp\/v2\/media\/22669"}],"wp:attachment":[{"href":"https:\/\/www.elamazonico.com\/portal\/wp-json\/wp\/v2\/media?parent=22668"}],"wp:term":[{"taxonomy":"category","embeddable":true,"href":"https:\/\/www.elamazonico.com\/portal\/wp-json\/wp\/v2\/categories?post=22668"},{"taxonomy":"post_tag","embeddable":true,"href":"https:\/\/www.elamazonico.com\/portal\/wp-json\/wp\/v2\/tags?post=22668"}],"curies":[{"name":"wp","href":"https:\/\/api.w.org\/{rel}","templated":true}]}}