{"id":22665,"date":"2025-04-08T15:52:57","date_gmt":"2025-04-08T20:52:57","guid":{"rendered":"https:\/\/www.elamazonico.com\/portal\/?p=22665"},"modified":"2025-04-08T15:52:57","modified_gmt":"2025-04-08T20:52:57","slug":"diosdado-cabello-arremete-contra-erik-prince","status":"publish","type":"post","link":"https:\/\/www.elamazonico.com\/portal\/diosdado-cabello-arremete-contra-erik-prince\/","title":{"rendered":"Diosdado Cabello arremete contra Erik Prince"},"content":{"rendered":"<p data-pm-slice=\"1 1 []\">El ministro del Interior de Venezuela,\u00a0<strong>Diosdado Cabello, arremeti\u00f3<\/strong>\u00a0contra el experto en\u00a0<strong>seguridad Erik Prince.<\/strong>\u00a0Lo hizo en una conferencia de prensa este lunes, 7 de abril de 2025.<\/p>\n<p><strong>\u201cErik Prince es el asesor del narcotr\u00e1fico en Ecuador\u201d,<\/strong>\u00a0dijo Cabello se\u00f1alando al exmilitar que en este momento est\u00e1 encargado de las capacitaciones al personal de seguridad del pa\u00eds. \u201cSe les est\u00e1 poniendo dura la cosa para sacar la droga por aqu\u00ed y mandaron un asesor del narcotr\u00e1fico para all\u00e1\u201d, se\u00f1al\u00f3.<\/p>\n<div class=\"twitter-tweet twitter-tweet-rendered\"><iframe id=\"twitter-widget-1\" class=\"\" title=\"X Post\" src=\"https:\/\/platform.twitter.com\/embed\/Tweet.html?creatorScreenName=el_telegrafo&amp;dnt=false&amp;embedId=twitter-widget-1&amp;features=eyJ0ZndfdGltZWxpbmVfbGlzdCI6eyJidWNrZXQiOltdLCJ2ZXJzaW9uIjpudWxsfSwidGZ3X2ZvbGxvd2VyX2NvdW50X3N1bnNldCI6eyJidWNrZXQiOnRydWUsInZlcnNpb24iOm51bGx9LCJ0ZndfdHdlZXRfZWRpdF9iYWNrZW5kIjp7ImJ1Y2tldCI6Im9uIiwidmVyc2lvbiI6bnVsbH0sInRmd19yZWZzcmNfc2Vzc2lvbiI6eyJidWNrZXQiOiJvbiIsInZlcnNpb24iOm51bGx9LCJ0ZndfZm9zbnJfc29mdF9pbnRlcnZlbnRpb25zX2VuYWJsZWQiOnsiYnVja2V0Ijoib24iLCJ2ZXJzaW9uIjpudWxsfSwidGZ3X21peGVkX21lZGlhXzE1ODk3Ijp7ImJ1Y2tldCI6InRyZWF0bWVudCIsInZlcnNpb24iOm51bGx9LCJ0ZndfZXhwZXJpbWVudHNfY29va2llX2V4cGlyYXRpb24iOnsiYnVja2V0IjoxMjA5NjAwLCJ2ZXJzaW9uIjpudWxsfSwidGZ3X3Nob3dfYmlyZHdhdGNoX3Bpdm90c19lbmFibGVkIjp7ImJ1Y2tldCI6Im9uIiwidmVyc2lvbiI6bnVsbH0sInRmd19kdXBsaWNhdGVfc2NyaWJlc190b19zZXR0aW5ncyI6eyJidWNrZXQiOiJvbiIsInZlcnNpb24iOm51bGx9LCJ0ZndfdXNlX3Byb2ZpbGVfaW1hZ2Vfc2hhcGVfZW5hYmxlZCI6eyJidWNrZXQiOiJvbiIsInZlcnNpb24iOm51bGx9LCJ0ZndfdmlkZW9faGxzX2R5bmFtaWNfbWFuaWZlc3RzXzE1MDgyIjp7ImJ1Y2tldCI6InRydWVfYml0cmF0ZSIsInZlcnNpb24iOm51bGx9LCJ0ZndfbGVnYWN5X3RpbWVsaW5lX3N1bnNldCI6eyJidWNrZXQiOnRydWUsInZlcnNpb24iOm51bGx9LCJ0ZndfdHdlZXRfZWRpdF9mcm9udGVuZCI6eyJidWNrZXQiOiJvbiIsInZlcnNpb24iOm51bGx9fQ%3D%3D&amp;frame=false&amp;hideCard=false&amp;hideThread=false&amp;id=1909348938064294148&amp;lang=es&amp;maxWidth=560px&amp;origin=https%3A%2F%2Fwww.eltelegrafo.com.ec%2Finternacionales%2Finternacionales%2F8%2Fdiosdado-cabello-erik-prince-asesor-narcotrafico-ecuador&amp;sessionId=59efc54914c781138763448ee7eff2de8c6ed927&amp;siteScreenName=el_telegrafo&amp;theme=light&amp;widgetsVersion=2615f7e52b7e0%3A1702314776716&amp;width=550px\" frameborder=\"0\" scrolling=\"no\" allowfullscreen=\"allowfullscreen\" data-tweet-id=\"1909348938064294148\" data-mce-fragment=\"1\"><\/iframe><\/div>\n<p>Estas declaraciones han causado reacciones en el Gobierno Nacional.\u00a0<strong>El presidente Daniel Noboa emiti\u00f3 sus declaraciones al respecto:<\/strong>\u00a0\u00abLuisa y el r\u00e9gimen de Maduro piensan igual. \u00bfSoberan\u00eda? \u00bfJusticia? No, gracias. Ellos prefieren narcos, impunidad y dictadores como amigos. Han sido claros\u00bb, escribi\u00f3 Noboa en su cuenta de la red social X.<\/p>\n<p>Adem\u00e1s dijo que el\u00a0<strong>r\u00e9gimen de Maduro y la candidata del corre\u00edsmo, Luisa Gonz\u00e1lez, \u201cprefieren a narcos como amigos\u201d.<\/strong><\/p>\n<div class=\"twitter-tweet twitter-tweet-rendered\"><iframe id=\"twitter-widget-2\" class=\"\" title=\"X Post\" src=\"https:\/\/platform.twitter.com\/embed\/Tweet.html?creatorScreenName=el_telegrafo&amp;dnt=false&amp;embedId=twitter-widget-2&amp;features=eyJ0ZndfdGltZWxpbmVfbGlzdCI6eyJidWNrZXQiOltdLCJ2ZXJzaW9uIjpudWxsfSwidGZ3X2ZvbGxvd2VyX2NvdW50X3N1bnNldCI6eyJidWNrZXQiOnRydWUsInZlcnNpb24iOm51bGx9LCJ0ZndfdHdlZXRfZWRpdF9iYWNrZW5kIjp7ImJ1Y2tldCI6Im9uIiwidmVyc2lvbiI6bnVsbH0sInRmd19yZWZzcmNfc2Vzc2lvbiI6eyJidWNrZXQiOiJvbiIsInZlcnNpb24iOm51bGx9LCJ0ZndfZm9zbnJfc29mdF9pbnRlcnZlbnRpb25zX2VuYWJsZWQiOnsiYnVja2V0Ijoib24iLCJ2ZXJzaW9uIjpudWxsfSwidGZ3X21peGVkX21lZGlhXzE1ODk3Ijp7ImJ1Y2tldCI6InRyZWF0bWVudCIsInZlcnNpb24iOm51bGx9LCJ0ZndfZXhwZXJpbWVudHNfY29va2llX2V4cGlyYXRpb24iOnsiYnVja2V0IjoxMjA5NjAwLCJ2ZXJzaW9uIjpudWxsfSwidGZ3X3Nob3dfYmlyZHdhdGNoX3Bpdm90c19lbmFibGVkIjp7ImJ1Y2tldCI6Im9uIiwidmVyc2lvbiI6bnVsbH0sInRmd19kdXBsaWNhdGVfc2NyaWJlc190b19zZXR0aW5ncyI6eyJidWNrZXQiOiJvbiIsInZlcnNpb24iOm51bGx9LCJ0ZndfdXNlX3Byb2ZpbGVfaW1hZ2Vfc2hhcGVfZW5hYmxlZCI6eyJidWNrZXQiOiJvbiIsInZlcnNpb24iOm51bGx9LCJ0ZndfdmlkZW9faGxzX2R5bmFtaWNfbWFuaWZlc3RzXzE1MDgyIjp7ImJ1Y2tldCI6InRydWVfYml0cmF0ZSIsInZlcnNpb24iOm51bGx9LCJ0ZndfbGVnYWN5X3RpbWVsaW5lX3N1bnNldCI6eyJidWNrZXQiOnRydWUsInZlcnNpb24iOm51bGx9LCJ0ZndfdHdlZXRfZWRpdF9mcm9udGVuZCI6eyJidWNrZXQiOiJvbiIsInZlcnNpb24iOm51bGx9fQ%3D%3D&amp;frame=false&amp;hideCard=false&amp;hideThread=false&amp;id=1909407492418777430&amp;lang=es&amp;origin=https%3A%2F%2Fwww.eltelegrafo.com.ec%2Finternacionales%2Finternacionales%2F8%2Fdiosdado-cabello-erik-prince-asesor-narcotrafico-ecuador&amp;sessionId=59efc54914c781138763448ee7eff2de8c6ed927&amp;siteScreenName=el_telegrafo&amp;theme=light&amp;widgetsVersion=2615f7e52b7e0%3A1702314776716&amp;width=550px\" frameborder=\"0\" scrolling=\"no\" allowfullscreen=\"allowfullscreen\" data-tweet-id=\"1909407492418777430\" data-mce-fragment=\"1\"><\/iframe><\/div>\n<p>El ministro del Interior, John Reimberg, tambi\u00e9n se pronunci\u00f3 sobre Cabello. \u201cYa sali\u00f3 Diosdado Cabello tambi\u00e9n. Es normal porque sabe que le estamos afectando. Lo que m\u00e1s les preocupa es que les afectamos a sus panas\u201d, dijo en entrevista a Ecuador TV este martes, 8 de abril de 2025.<\/p>\n<p>El martes pasado, el ministro de Defensa, Giancarlo Loffredo, confirm\u00f3 que\u00a0<strong>un equipo de Prince llegar\u00eda a Ecuador para dar asesor\u00edas y capacitaciones a las fuerzas de seguridad.\u00a0<\/strong><\/p>\n<p>En los \u00faltimos d\u00edas, Luisa Gonz\u00e1lez mostr\u00f3 oposici\u00f3n a la llegada de Prince al pa\u00eds. Asegur\u00f3 que su presencia \u201cya no solo era faltar al respeto, sino menospreciar, denigrar\u201d a las Fuerzas Armadas.<\/p>\n<p>En 2015, el entonces asamble\u00edsta Diosdado Cabello fue se\u00f1alado por tener presuntos nexos con el narcotr\u00e1fico. Informaci\u00f3n publicada el pasado 27 de enero por el diario espa\u00f1ol ABC, se\u00f1alaba que Cabello estar\u00eda siendo investigado por la fiscal\u00eda federal del Distrito Sur de Nueva York por sus supuestos lazos con el Cartel de los Soles.<strong> Fuente: El Tel\u00e9grafo<\/strong><\/p>\n","protected":false},"excerpt":{"rendered":"<p>El ministro del Interior de Venezuela,\u00a0Diosdado Cabello, arremeti\u00f3\u00a0contra el experto en\u00a0seguridad Erik Prince.\u00a0Lo hizo en una conferencia de prensa este lunes, 7 de abril de 2025. \u201cErik Prince es el asesor del narcotr\u00e1fico en Ecuador\u201d,\u00a0dijo Cabello se\u00f1alando al exmilitar que en este momento est\u00e1 encargado de las capacitaciones al personal de seguridad del pa\u00eds. \u201cSe les est\u00e1 poniendo dura la cosa para sacar la droga por aqu\u00ed y mandaron un asesor del narcotr\u00e1fico para all\u00e1\u201d, se\u00f1al\u00f3. Estas declaraciones han causado reacciones en el Gobierno Nacional.\u00a0El presidente Daniel Noboa emiti\u00f3 sus declaraciones al respecto:\u00a0\u00abLuisa y el r\u00e9gimen de Maduro piensan igual. \u00bfSoberan\u00eda? \u00bfJusticia? No, gracias. Ellos prefieren narcos, impunidad y dictadores como amigos. Han sido claros\u00bb, escribi\u00f3 Noboa en su cuenta de la red social X. Adem\u00e1s dijo que el\u00a0r\u00e9gimen de Maduro y la candidata del corre\u00edsmo, Luisa Gonz\u00e1lez, \u201cprefieren a narcos como amigos\u201d. El ministro del Interior, John Reimberg, tambi\u00e9n se pronunci\u00f3 sobre Cabello. \u201cYa sali\u00f3 Diosdado Cabello tambi\u00e9n. Es normal porque sabe que le estamos afectando. Lo que m\u00e1s les preocupa es que les afectamos a sus panas\u201d, dijo en entrevista a Ecuador TV este martes, 8 de abril de 2025. El martes pasado, el ministro de Defensa, Giancarlo Loffredo, confirm\u00f3 que\u00a0un equipo de Prince llegar\u00eda a Ecuador para dar asesor\u00edas y capacitaciones a las fuerzas de seguridad.\u00a0 En los \u00faltimos d\u00edas, Luisa Gonz\u00e1lez mostr\u00f3 oposici\u00f3n a la llegada de Prince al pa\u00eds. Asegur\u00f3 que su presencia \u201cya no solo era faltar al respeto, sino menospreciar, denigrar\u201d a las Fuerzas Armadas. En 2015, el entonces asamble\u00edsta Diosdado Cabello fue se\u00f1alado por tener presuntos nexos con el narcotr\u00e1fico. Informaci\u00f3n publicada el pasado 27 de enero por el diario espa\u00f1ol ABC, se\u00f1alaba que Cabello estar\u00eda siendo investigado por la fiscal\u00eda federal del Distrito Sur de Nueva York por sus supuestos lazos con el Cartel de los Soles. Fuente: El Tel\u00e9grafo<\/p>\n","protected":false},"author":1,"featured_media":22666,"comment_status":"open","ping_status":"open","sticky":false,"template":"","format":"standard","meta":{"footnotes":""},"categories":[5],"tags":[],"class_list":["post-22665","post","type-post","status-publish","format-standard","has-post-thumbnail","hentry","category-internacionales"],"_links":{"self":[{"href":"https:\/\/www.elamazonico.com\/portal\/wp-json\/wp\/v2\/posts\/22665","targetHints":{"allow":["GET"]}}],"collection":[{"href":"https:\/\/www.elamazonico.com\/portal\/wp-json\/wp\/v2\/posts"}],"about":[{"href":"https:\/\/www.elamazonico.com\/portal\/wp-json\/wp\/v2\/types\/post"}],"author":[{"embeddable":true,"href":"https:\/\/www.elamazonico.com\/portal\/wp-json\/wp\/v2\/users\/1"}],"replies":[{"embeddable":true,"href":"https:\/\/www.elamazonico.com\/portal\/wp-json\/wp\/v2\/comments?post=22665"}],"version-history":[{"count":1,"href":"https:\/\/www.elamazonico.com\/portal\/wp-json\/wp\/v2\/posts\/22665\/revisions"}],"predecessor-version":[{"id":22667,"href":"https:\/\/www.elamazonico.com\/portal\/wp-json\/wp\/v2\/posts\/22665\/revisions\/22667"}],"wp:featuredmedia":[{"embeddable":true,"href":"https:\/\/www.elamazonico.com\/portal\/wp-json\/wp\/v2\/media\/22666"}],"wp:attachment":[{"href":"https:\/\/www.elamazonico.com\/portal\/wp-json\/wp\/v2\/media?parent=22665"}],"wp:term":[{"taxonomy":"category","embeddable":true,"href":"https:\/\/www.elamazonico.com\/portal\/wp-json\/wp\/v2\/categories?post=22665"},{"taxonomy":"post_tag","embeddable":true,"href":"https:\/\/www.elamazonico.com\/portal\/wp-json\/wp\/v2\/tags?post=22665"}],"curies":[{"name":"wp","href":"https:\/\/api.w.org\/{rel}","templated":true}]}}