{"id":22646,"date":"2025-04-08T12:25:35","date_gmt":"2025-04-08T17:25:35","guid":{"rendered":"https:\/\/www.elamazonico.com\/portal\/?p=22646"},"modified":"2025-04-08T12:25:35","modified_gmt":"2025-04-08T17:25:35","slug":"izquierda-democratica-consolida-su-respaldo-a-luisa-gonzalez-en-la-segunda-vuelta-electoral","status":"publish","type":"post","link":"https:\/\/www.elamazonico.com\/portal\/izquierda-democratica-consolida-su-respaldo-a-luisa-gonzalez-en-la-segunda-vuelta-electoral\/","title":{"rendered":"Izquierda Democr\u00e1tica consolida su respaldo a Luisa Gonz\u00e1lez en la segunda vuelta electoral"},"content":{"rendered":"<p class=\"\" data-start=\"314\" data-end=\"725\"><strong data-start=\"314\" data-end=\"344\">Zamora, 8 de abril de 2025<\/strong> \u2013 En un acto pol\u00edtico de trascendental importancia para el escenario electoral nacional, las dirigencias provinciales de la <strong data-start=\"469\" data-end=\"499\">Izquierda Democr\u00e1tica (ID)<\/strong> y del movimiento <strong data-start=\"517\" data-end=\"546\">Revoluci\u00f3n Ciudadana (RC)<\/strong> sellaron este martes un <strong data-start=\"571\" data-end=\"635\">acuerdo de apoyo conjunto a la candidatura de Luisa Gonz\u00e1lez<\/strong>, quien disputa la Presidencia de la Rep\u00fablica del Ecuador en la segunda vuelta electoral.<\/p>\n<p class=\"\" data-start=\"727\" data-end=\"1105\">El evento se desarroll\u00f3 en la sede de la Revoluci\u00f3n Ciudadana en la ciudad de Zamora, en un ambiente de compromiso pol\u00edtico y unidad, con la presencia de militantes, simpatizantes y l\u00edderes territoriales. <strong data-start=\"935\" data-end=\"961\">Leonardo Maldonado<\/strong>, director provincial de RC, fue el encargado de dar la bienvenida a la delegaci\u00f3n de la ID, encabezada por su dirigencia cantonal y provincial.<\/p>\n<p class=\"\" data-start=\"1107\" data-end=\"1301\">En su intervenci\u00f3n, Maldonado enfatiz\u00f3 la necesidad de este <strong data-start=\"1167\" data-end=\"1226\">acercamiento entre sectores progresistas y de izquierda<\/strong>, frente a los efectos acumulados de varios a\u00f1os de abandono institucional:<\/p>\n<blockquote data-start=\"1303\" data-end=\"1804\">\n<p class=\"\" data-start=\"1305\" data-end=\"1804\">\u201cDurante los \u00faltimos ocho a\u00f1os, los gobiernos de turno han dado la espalda a las verdaderas necesidades de nuestro pueblo. La salud, la educaci\u00f3n, la seguridad y la inversi\u00f3n en infraestructura b\u00e1sica han sido relegadas. Hoy, con responsabilidad hist\u00f3rica, decidimos unirnos en torno a un proyecto de pa\u00eds que coloca en el centro a los m\u00e1s vulnerables. Agradecemos a la Izquierda Democr\u00e1tica por esta decisi\u00f3n valiente. Juntos, construiremos un nuevo camino para Zamora Chinchipe y para el Ecuador\u201d.<\/p>\n<\/blockquote>\n<p class=\"\" data-start=\"1806\" data-end=\"2027\">Por su parte, el dirigente provincial de la Izquierda Democr\u00e1tica, <strong data-start=\"1873\" data-end=\"1890\">Juan Sinchire<\/strong>, recalc\u00f3 la seriedad y profundidad del respaldo, sustentado en un <strong data-start=\"1957\" data-end=\"2026\">acuerdo program\u00e1tico basado en 13 puntos de coincidencia pol\u00edtica<\/strong>:<\/p>\n<blockquote data-start=\"2029\" data-end=\"2363\">\n<p class=\"\" data-start=\"2031\" data-end=\"2363\">\u201cEste no es un pacto electoral de coyuntura, sino un compromiso pol\u00edtico estructurado con el aval de nuestras bases cantonales. Hemos identificado puntos clave donde coincidimos con la propuesta de Luisa Gonz\u00e1lez, y, gane o pierda, seguiremos defendiendo esta agenda de transformaci\u00f3n que busca dignificar la vida de nuestra gente\u201d.<\/p>\n<\/blockquote>\n<p class=\"\" data-start=\"2365\" data-end=\"2549\">El acto tambi\u00e9n cont\u00f3 con la participaci\u00f3n de <strong data-start=\"2411\" data-end=\"2426\">Paul Ortega<\/strong>, emprendedor y referente social en la provincia, quien brind\u00f3 una perspectiva ciudadana sobre el sentido de este respaldo:<\/p>\n<blockquote data-start=\"2551\" data-end=\"2910\">\n<p class=\"\" data-start=\"2553\" data-end=\"2910\">\u201cComo hijo de esta tierra, s\u00e9 lo que implica emprender sin apoyo. El plan de trabajo de Luisa incluye compromisos concretos que por a\u00f1os han sido ignorados. Por ejemplo, la culminaci\u00f3n del cuarto eje vial, una deuda hist\u00f3rica con nuestra provincia. No queremos m\u00e1s promesas en papel, queremos ver maquinaria en obra, queremos acci\u00f3n real\u201d.<\/p>\n<\/blockquote>\n<p class=\"\" data-start=\"2912\" data-end=\"3231\">Ortega tambi\u00e9n destac\u00f3 otros compromisos estrat\u00e9gicos contenidos en el acuerdo, como <strong data-start=\"2997\" data-end=\"3052\">el fortalecimiento de la agricultura y la ganader\u00eda<\/strong>, as\u00ed como <strong data-start=\"3063\" data-end=\"3135\">la priorizaci\u00f3n de la construcci\u00f3n del hospital provincial de Zamora<\/strong>, una aspiraci\u00f3n de d\u00e9cadas que, hasta ahora, no ha contado con la voluntad pol\u00edtica suficiente.<\/p>\n<blockquote data-start=\"3233\" data-end=\"3477\">\n<p class=\"\" data-start=\"3235\" data-end=\"3477\">\u201cEstamos convencidos de que Luisa Gonz\u00e1lez ganar\u00e1, porque su propuesta es seria, coherente y est\u00e1 alineada con las verdaderas necesidades del pueblo. Desde el lugar en el que me encuentre, luchar\u00e9 para que las promesas se traduzcan en obras\u201d.<\/p>\n<\/blockquote>\n<p class=\"\" data-start=\"3479\" data-end=\"3792\">El <strong data-start=\"3482\" data-end=\"3510\">acuerdo entre la ID y RC<\/strong> recoge trece ejes de acci\u00f3n conjunta, entre los que se destacan el impulso a la educaci\u00f3n p\u00fablica, el fortalecimiento del sistema de salud, la mejora de la vialidad, la dinamizaci\u00f3n del agro, el fomento al emprendimiento y el bienestar integral de las familias de Zamora Chinchipe.<\/p>\n<p class=\"\" data-start=\"3794\" data-end=\"4047\">Con este respaldo, se consolida en la Amazon\u00eda un bloque pol\u00edtico decidido a <strong data-start=\"3871\" data-end=\"3917\">recuperar la institucionalidad democr\u00e1tica<\/strong> y garantizar que las voces del pueblo sean escuchadas y traducidas en pol\u00edticas p\u00fablicas que transformen la realidad territorial.<\/p>\n","protected":false},"excerpt":{"rendered":"<p>Zamora, 8 de abril de 2025 \u2013 En un acto pol\u00edtico de trascendental importancia para el escenario electoral nacional, las dirigencias provinciales de la Izquierda Democr\u00e1tica (ID) y del movimiento Revoluci\u00f3n Ciudadana (RC) sellaron este martes un acuerdo de apoyo conjunto a la candidatura de Luisa Gonz\u00e1lez, quien disputa la Presidencia de la Rep\u00fablica del Ecuador en la segunda vuelta electoral. El evento se desarroll\u00f3 en la sede de la Revoluci\u00f3n Ciudadana en la ciudad de Zamora, en un ambiente de compromiso pol\u00edtico y unidad, con la presencia de militantes, simpatizantes y l\u00edderes territoriales. Leonardo Maldonado, director provincial de RC, fue el encargado de dar la bienvenida a la delegaci\u00f3n de la ID, encabezada por su dirigencia cantonal y provincial. En su intervenci\u00f3n, Maldonado enfatiz\u00f3 la necesidad de este acercamiento entre sectores progresistas y de izquierda, frente a los efectos acumulados de varios a\u00f1os de abandono institucional: \u201cDurante los \u00faltimos ocho a\u00f1os, los gobiernos de turno han dado la espalda a las verdaderas necesidades de nuestro pueblo. La salud, la educaci\u00f3n, la seguridad y la inversi\u00f3n en infraestructura b\u00e1sica han sido relegadas. Hoy, con responsabilidad hist\u00f3rica, decidimos unirnos en torno a un proyecto de pa\u00eds que coloca en el centro a los m\u00e1s vulnerables. Agradecemos a la Izquierda Democr\u00e1tica por esta decisi\u00f3n valiente. Juntos, construiremos un nuevo camino para Zamora Chinchipe y para el Ecuador\u201d. Por su parte, el dirigente provincial de la Izquierda Democr\u00e1tica, Juan Sinchire, recalc\u00f3 la seriedad y profundidad del respaldo, sustentado en un acuerdo program\u00e1tico basado en 13 puntos de coincidencia pol\u00edtica: \u201cEste no es un pacto electoral de coyuntura, sino un compromiso pol\u00edtico estructurado con el aval de nuestras bases cantonales. Hemos identificado puntos clave donde coincidimos con la propuesta de Luisa Gonz\u00e1lez, y, gane o pierda, seguiremos defendiendo esta agenda de transformaci\u00f3n que busca dignificar la vida de nuestra gente\u201d. El acto tambi\u00e9n cont\u00f3 con la participaci\u00f3n de Paul Ortega, emprendedor y referente social en la provincia, quien brind\u00f3 una perspectiva ciudadana sobre el sentido de este respaldo: \u201cComo hijo de esta tierra, s\u00e9 lo que implica emprender sin apoyo. El plan de trabajo de Luisa incluye compromisos concretos que por a\u00f1os han sido ignorados. Por ejemplo, la culminaci\u00f3n del cuarto eje vial, una deuda hist\u00f3rica con nuestra provincia. No queremos m\u00e1s promesas en papel, queremos ver maquinaria en obra, queremos acci\u00f3n real\u201d. Ortega tambi\u00e9n destac\u00f3 otros compromisos estrat\u00e9gicos contenidos en el acuerdo, como el fortalecimiento de la agricultura y la ganader\u00eda, as\u00ed como la priorizaci\u00f3n de la construcci\u00f3n del hospital provincial de Zamora, una aspiraci\u00f3n de d\u00e9cadas que, hasta ahora, no ha contado con la voluntad pol\u00edtica suficiente. \u201cEstamos convencidos de que Luisa Gonz\u00e1lez ganar\u00e1, porque su propuesta es seria, coherente y est\u00e1 alineada con las verdaderas necesidades del pueblo. Desde el lugar en el que me encuentre, luchar\u00e9 para que las promesas se traduzcan en obras\u201d. El acuerdo entre la ID y RC recoge trece ejes de acci\u00f3n conjunta, entre los que se destacan el impulso a la educaci\u00f3n p\u00fablica, el fortalecimiento del sistema de salud, la mejora de la vialidad, la dinamizaci\u00f3n del agro, el fomento al emprendimiento y el bienestar integral de las familias de Zamora Chinchipe. Con este respaldo, se consolida en la Amazon\u00eda un bloque pol\u00edtico decidido a recuperar la institucionalidad democr\u00e1tica y garantizar que las voces del pueblo sean escuchadas y traducidas en pol\u00edticas p\u00fablicas que transformen la realidad territorial.<\/p>\n","protected":false},"author":1,"featured_media":22647,"comment_status":"open","ping_status":"open","sticky":false,"template":"","format":"standard","meta":{"footnotes":""},"categories":[243],"tags":[],"class_list":["post-22646","post","type-post","status-publish","format-standard","has-post-thumbnail","hentry","category-noticias-zamora"],"_links":{"self":[{"href":"https:\/\/www.elamazonico.com\/portal\/wp-json\/wp\/v2\/posts\/22646","targetHints":{"allow":["GET"]}}],"collection":[{"href":"https:\/\/www.elamazonico.com\/portal\/wp-json\/wp\/v2\/posts"}],"about":[{"href":"https:\/\/www.elamazonico.com\/portal\/wp-json\/wp\/v2\/types\/post"}],"author":[{"embeddable":true,"href":"https:\/\/www.elamazonico.com\/portal\/wp-json\/wp\/v2\/users\/1"}],"replies":[{"embeddable":true,"href":"https:\/\/www.elamazonico.com\/portal\/wp-json\/wp\/v2\/comments?post=22646"}],"version-history":[{"count":1,"href":"https:\/\/www.elamazonico.com\/portal\/wp-json\/wp\/v2\/posts\/22646\/revisions"}],"predecessor-version":[{"id":22648,"href":"https:\/\/www.elamazonico.com\/portal\/wp-json\/wp\/v2\/posts\/22646\/revisions\/22648"}],"wp:featuredmedia":[{"embeddable":true,"href":"https:\/\/www.elamazonico.com\/portal\/wp-json\/wp\/v2\/media\/22647"}],"wp:attachment":[{"href":"https:\/\/www.elamazonico.com\/portal\/wp-json\/wp\/v2\/media?parent=22646"}],"wp:term":[{"taxonomy":"category","embeddable":true,"href":"https:\/\/www.elamazonico.com\/portal\/wp-json\/wp\/v2\/categories?post=22646"},{"taxonomy":"post_tag","embeddable":true,"href":"https:\/\/www.elamazonico.com\/portal\/wp-json\/wp\/v2\/tags?post=22646"}],"curies":[{"name":"wp","href":"https:\/\/api.w.org\/{rel}","templated":true}]}}