{"id":22629,"date":"2025-04-08T11:15:33","date_gmt":"2025-04-08T16:15:33","guid":{"rendered":"https:\/\/www.elamazonico.com\/portal\/?p=22629"},"modified":"2025-04-09T08:06:09","modified_gmt":"2025-04-09T13:06:09","slug":"por-la-libertad-la-democracia-y-la-unidad-del-ecuador","status":"publish","type":"post","link":"https:\/\/www.elamazonico.com\/portal\/por-la-libertad-la-democracia-y-la-unidad-del-ecuador\/","title":{"rendered":"Por la libertad, la democracia y la unidad del Ecuador"},"content":{"rendered":"<p>Amigos y compatriotas: el pa\u00eds se encamina al cierre de un nuevo ciclo electoral, esta vez en una segunda vuelta que definir\u00e1 el rumbo pol\u00edtico de nuestra patria, el Ecuador. Nos encontramos en la antesala de una decisi\u00f3n crucial que, m\u00e1s all\u00e1 de colores y consignas, representa el anhelo de m\u00e1s de 18 millones de ecuatorianos por encontrar rumbo, justicia y estabilidad. Finaliza una campa\u00f1a m\u00e1s, marcada por la confrontaci\u00f3n en redes, por el encono verbal y por una polarizaci\u00f3n que duele, porque no solo fractura ideolog\u00edas, sino tambi\u00e9n afectos, familias y comunidades enteras.<\/p>\n<p>Lo que se juega este domingo no es \u00fanicamente el nombre del pr\u00f3ximo o pr\u00f3xima mandataria. Lo que realmente est\u00e1 en juego es el futuro de la convivencia democr\u00e1tica, el respeto a las ideas distintas, la capacidad de construir consensos y la madurez de un pueblo que, con cada elecci\u00f3n, va forjando su destino. Por eso, aunque el resultado electoral est\u00e9 en manos del voto popular, el pa\u00eds que viene depende de todos.<\/p>\n<p>Con tristeza, pero tambi\u00e9n con lucidez, constatamos c\u00f3mo las redes sociales se han convertido en trincheras del odio. Se atacan con sa\u00f1a los vecinos, los amigos, los propios parientes, como si al defender un nombre o una candidatura estuvieran firmando un pacto de poder. Pero lo que muchos olvidan \u2014o deciden ignorar\u2014 es que ninguno de esos fanatismos gobernar\u00e1 el pa\u00eds; lo har\u00e1 una persona, respaldada por un plan de trabajo, por una institucionalidad fr\u00e1gil y por un pueblo que exige resultados. Esa es la realidad, y en ella debemos actuar con responsabilidad.<\/p>\n<p>Recordamos, con nostalgia, aquel punto de inflexi\u00f3n en nuestra historia pol\u00edtica, cuando con la Constituci\u00f3n de 2008 se dio paso a la elecci\u00f3n de juntas parroquiales como gobiernos aut\u00f3nomos. Aquella decisi\u00f3n, a pesar de sus fundamentos democr\u00e1ticos, abri\u00f3 tambi\u00e9n una herida silenciosa: la divisi\u00f3n entre familias, entre comunidades que durante generaciones convivieron con respeto. La politiquer\u00eda, esa que corrompe lo noble del servicio p\u00fablico, encontr\u00f3 su camino disfrazada de estrategia electoral. Y as\u00ed, lo que comenz\u00f3 como un acto de representaci\u00f3n termin\u00f3 en fracturas que a\u00fan hoy se sienten.<\/p>\n<p>Pero este domingo tenemos una nueva oportunidad. La oportunidad de elegir, s\u00ed, pero tambi\u00e9n de reconciliarnos. Porque gane quien gane, la patria seguir\u00e1 siendo una, diversa, compleja y valiente. La verdadera tarea empieza el lunes: trabajar por la unidad, fiscalizar con criterio, exigir con argumentos y no con resentimientos. Porque este pa\u00eds no necesita m\u00e1s gritos, necesita razones. No m\u00e1s insultos, sino ideas. No m\u00e1s promesas huecas, sino acciones concretas.<\/p>\n<p>Defendamos nuestros derechos: la libertad de pensar distinto, de emprender, de educarnos donde queramos, de vivir con dignidad. Y hag\u00e1moslo con respeto a la ley y al otro. Solo as\u00ed el Ecuador podr\u00e1 caminar hacia un futuro donde la democracia no sea solo un mecanismo de elecci\u00f3n, sino un estilo de vida.<\/p>\n<p>No dejemos que la pol\u00edtica nos robe la amistad, la vecindad, la posibilidad de mirarnos a los ojos con decencia. Pasar\u00e1 esta elecci\u00f3n, y volveremos a nuestros trabajos, a nuestras casas, a nuestras luchas cotidianas. Pero que no pase sin dejar una lecci\u00f3n: que el poder es prestado, que el pueblo es soberano, y que la esperanza \u2014cuando se acompa\u00f1a de acci\u00f3n y principios\u2014 puede transformar una naci\u00f3n.<\/p>\n<p>Por nuestros hijos, por la historia, por la democracia y la libertad: votemos este domingo no por un o una salvadora, sino por un pa\u00eds que quiere seguir siendo libre.<\/p>\n","protected":false},"excerpt":{"rendered":"<p>Amigos y compatriotas: el pa\u00eds se encamina al cierre de un nuevo ciclo electoral, esta vez en una segunda vuelta que definir\u00e1 el rumbo pol\u00edtico de nuestra patria, el Ecuador. Nos encontramos en la antesala de una decisi\u00f3n crucial que, m\u00e1s all\u00e1 de colores y consignas, representa el anhelo de m\u00e1s de 18 millones de ecuatorianos por encontrar rumbo, justicia y estabilidad. Finaliza una campa\u00f1a m\u00e1s, marcada por la confrontaci\u00f3n en redes, por el encono verbal y por una polarizaci\u00f3n que duele, porque no solo fractura ideolog\u00edas, sino tambi\u00e9n afectos, familias y comunidades enteras. Lo que se juega este domingo no es \u00fanicamente el nombre del pr\u00f3ximo o pr\u00f3xima mandataria. Lo que realmente est\u00e1 en juego es el futuro de la convivencia democr\u00e1tica, el respeto a las ideas distintas, la capacidad de construir consensos y la madurez de un pueblo que, con cada elecci\u00f3n, va forjando su destino. Por eso, aunque el resultado electoral est\u00e9 en manos del voto popular, el pa\u00eds que viene depende de todos. Con tristeza, pero tambi\u00e9n con lucidez, constatamos c\u00f3mo las redes sociales se han convertido en trincheras del odio. Se atacan con sa\u00f1a los vecinos, los amigos, los propios parientes, como si al defender un nombre o una candidatura estuvieran firmando un pacto de poder. Pero lo que muchos olvidan \u2014o deciden ignorar\u2014 es que ninguno de esos fanatismos gobernar\u00e1 el pa\u00eds; lo har\u00e1 una persona, respaldada por un plan de trabajo, por una institucionalidad fr\u00e1gil y por un pueblo que exige resultados. Esa es la realidad, y en ella debemos actuar con responsabilidad. Recordamos, con nostalgia, aquel punto de inflexi\u00f3n en nuestra historia pol\u00edtica, cuando con la Constituci\u00f3n de 2008 se dio paso a la elecci\u00f3n de juntas parroquiales como gobiernos aut\u00f3nomos. Aquella decisi\u00f3n, a pesar de sus fundamentos democr\u00e1ticos, abri\u00f3 tambi\u00e9n una herida silenciosa: la divisi\u00f3n entre familias, entre comunidades que durante generaciones convivieron con respeto. La politiquer\u00eda, esa que corrompe lo noble del servicio p\u00fablico, encontr\u00f3 su camino disfrazada de estrategia electoral. Y as\u00ed, lo que comenz\u00f3 como un acto de representaci\u00f3n termin\u00f3 en fracturas que a\u00fan hoy se sienten. Pero este domingo tenemos una nueva oportunidad. La oportunidad de elegir, s\u00ed, pero tambi\u00e9n de reconciliarnos. Porque gane quien gane, la patria seguir\u00e1 siendo una, diversa, compleja y valiente. La verdadera tarea empieza el lunes: trabajar por la unidad, fiscalizar con criterio, exigir con argumentos y no con resentimientos. Porque este pa\u00eds no necesita m\u00e1s gritos, necesita razones. No m\u00e1s insultos, sino ideas. No m\u00e1s promesas huecas, sino acciones concretas. Defendamos nuestros derechos: la libertad de pensar distinto, de emprender, de educarnos donde queramos, de vivir con dignidad. Y hag\u00e1moslo con respeto a la ley y al otro. Solo as\u00ed el Ecuador podr\u00e1 caminar hacia un futuro donde la democracia no sea solo un mecanismo de elecci\u00f3n, sino un estilo de vida. No dejemos que la pol\u00edtica nos robe la amistad, la vecindad, la posibilidad de mirarnos a los ojos con decencia. Pasar\u00e1 esta elecci\u00f3n, y volveremos a nuestros trabajos, a nuestras casas, a nuestras luchas cotidianas. Pero que no pase sin dejar una lecci\u00f3n: que el poder es prestado, que el pueblo es soberano, y que la esperanza \u2014cuando se acompa\u00f1a de acci\u00f3n y principios\u2014 puede transformar una naci\u00f3n. Por nuestros hijos, por la historia, por la democracia y la libertad: votemos este domingo no por un o una salvadora, sino por un pa\u00eds que quiere seguir siendo libre.<\/p>\n","protected":false},"author":1,"featured_media":22634,"comment_status":"open","ping_status":"open","sticky":false,"template":"","format":"standard","meta":{"footnotes":""},"categories":[243,7],"tags":[],"class_list":["post-22629","post","type-post","status-publish","format-standard","has-post-thumbnail","hentry","category-noticias-zamora","category-opinion"],"_links":{"self":[{"href":"https:\/\/www.elamazonico.com\/portal\/wp-json\/wp\/v2\/posts\/22629","targetHints":{"allow":["GET"]}}],"collection":[{"href":"https:\/\/www.elamazonico.com\/portal\/wp-json\/wp\/v2\/posts"}],"about":[{"href":"https:\/\/www.elamazonico.com\/portal\/wp-json\/wp\/v2\/types\/post"}],"author":[{"embeddable":true,"href":"https:\/\/www.elamazonico.com\/portal\/wp-json\/wp\/v2\/users\/1"}],"replies":[{"embeddable":true,"href":"https:\/\/www.elamazonico.com\/portal\/wp-json\/wp\/v2\/comments?post=22629"}],"version-history":[{"count":2,"href":"https:\/\/www.elamazonico.com\/portal\/wp-json\/wp\/v2\/posts\/22629\/revisions"}],"predecessor-version":[{"id":22679,"href":"https:\/\/www.elamazonico.com\/portal\/wp-json\/wp\/v2\/posts\/22629\/revisions\/22679"}],"wp:featuredmedia":[{"embeddable":true,"href":"https:\/\/www.elamazonico.com\/portal\/wp-json\/wp\/v2\/media\/22634"}],"wp:attachment":[{"href":"https:\/\/www.elamazonico.com\/portal\/wp-json\/wp\/v2\/media?parent=22629"}],"wp:term":[{"taxonomy":"category","embeddable":true,"href":"https:\/\/www.elamazonico.com\/portal\/wp-json\/wp\/v2\/categories?post=22629"},{"taxonomy":"post_tag","embeddable":true,"href":"https:\/\/www.elamazonico.com\/portal\/wp-json\/wp\/v2\/tags?post=22629"}],"curies":[{"name":"wp","href":"https:\/\/api.w.org\/{rel}","templated":true}]}}